{"id":7329,"date":"2010-04-02T10:06:25","date_gmt":"2010-04-02T08:06:25","guid":{"rendered":"http:\/\/www.po-l.com\/belogue\/?p=7329"},"modified":"2012-03-03T12:41:51","modified_gmt":"2012-03-03T10:41:51","slug":"later","status":"publish","type":"post","link":"https:\/\/www.wallendorff.com\/belogue\/2010\/04\/02\/later\/","title":{"rendered":"Later."},"content":{"rendered":"\n<div id=\"photo\">\n<p><img decoding=\"async\" src=\"https:\/\/www.wallendorff.com\/belogue\/photo\/2010\/04\/20100402.jpg\" \/><br \/>\nRue Rembrandt, Paris, 16 mars.<\/p>\n<\/p><\/div>\n<p style=\"text-align:right\">Et Truitteur qui fait plus de visites hier que DPC.<\/p>\n<p style=\"text-align:right\"> Faudrait peut-&ecirc;tre arr&ecirc;ter la photo, en fait.<\/p>\n<div id=\"bandeson\">\n<p><img decoding=\"async\" src=\"https:\/\/www.wallendorff.com\/belogue\/photo\/pochettes\/a\/adams_ryan&#038;the_cardinals-cardinology.jpg\" align=\"left\" \/>&nbsp;<a href=\"http:\/\/ryanada.ms\/\">Ryan Adams &amp; The Cardinals<\/a> &ndash; <em>Memory Lane<\/em><\/p>\n<\/p><\/div>\n","protected":false},"excerpt":{"rendered":"<p>Rue Rembrandt, Paris, 16 mars. Et Truitteur qui fait plus de visites hier que DPC. Faudrait peut-&ecirc;tre arr&ecirc;ter la photo, en fait. &nbsp;Ryan Adams &amp; The Cardinals &ndash; Memory Lane<\/p>\n","protected":false},"author":1,"featured_media":25725,"comment_status":"open","ping_status":"open","sticky":false,"template":"","format":"standard","meta":{"_acf_changed":false,"ngg_post_thumbnail":0,"jetpack_post_was_ever_published":false,"_jetpack_newsletter_access":"","_jetpack_dont_email_post_to_subs":false,"_jetpack_newsletter_tier_id":0,"_jetpack_memberships_contains_paywalled_content":false,"_jetpack_memberships_contains_paid_content":false,"footnotes":"","jetpack_publicize_message":"","jetpack_publicize_feature_enabled":true,"jetpack_social_post_already_shared":false,"jetpack_social_options":{"image_generator_settings":{"template":"highway","default_image_id":0,"font":"","enabled":false},"version":2}},"categories":[3],"tags":[10237,1438,2615,10307,10120,10527,10121,3648,10098,3647,2575,1150],"class_list":["post-7329","post","type-post","status-publish","format-standard","has-post-thumbnail","hentry","category-dpc","tag-10237","tag-ef-50-mm-f14-usm","tag-eos-5d-mark-ii","tag-fenetre","tag-france","tag-grillage","tag-ile-de-france","tag-memory-lane","tag-paris","tag-rue-rembrandt","tag-ryan-adams","tag-vieux"],"acf":[],"geo":{"latitude":48.8772583,"longitude":2.308022,"description":"7 Rue Rembrandt, 75008 Paris, France"},"jetpack_publicize_connections":[],"jetpack_featured_media_url":"https:\/\/www.wallendorff.com\/belogue\/wp-content\/uploads\/2015\/04\/201004021.jpg","jetpack_shortlink":"https:\/\/wp.me\/s3b35P-later","jetpack_sharing_enabled":true,"jetpack-related-posts":[{"id":129839,"url":"https:\/\/www.wallendorff.com\/belogue\/2024\/08\/05\/a-paris-a-velo-on-passe-devant-le-mcdo\/","url_meta":{"origin":7329,"position":0},"title":"\u00c0 Paris, \u00e0 v\u00e9lo [on passe devant le McDo].","author":"dpc","date":"5 ao\u00fbt 2024","format":false,"excerpt":"Bien :Je n'avais jamais chout\u00e9 de course v\u00e9locip\u00e9dique. C'\u00e9tait int\u00e9ressant \u00e0 faire.Maintenant je pourrai raconter \u00e0 tout le monde que oui oui j'ai d\u00e9j\u00e0 fait des photos aux jeux olympiques.Pas bien :J'aurais d\u00fb prendre un t\u00e9l\u00e9objectif car il y a bien des choses vues que je n'ai pu attraper.","rel":"","context":"Dans &quot;DPC&quot;","block_context":{"text":"DPC","link":"https:\/\/www.wallendorff.com\/belogue\/category\/dpc\/"},"img":{"alt_text":"","src":"https:\/\/i0.wp.com\/www.wallendorff.com\/belogue\/wp-content\/uploads\/2024\/08\/20240805-05.jpg?resize=350%2C200&ssl=1","width":350,"height":200,"srcset":"https:\/\/i0.wp.com\/www.wallendorff.com\/belogue\/wp-content\/uploads\/2024\/08\/20240805-05.jpg?resize=350%2C200&ssl=1 1x, https:\/\/i0.wp.com\/www.wallendorff.com\/belogue\/wp-content\/uploads\/2024\/08\/20240805-05.jpg?resize=525%2C300&ssl=1 1.5x, https:\/\/i0.wp.com\/www.wallendorff.com\/belogue\/wp-content\/uploads\/2024\/08\/20240805-05.jpg?resize=700%2C400&ssl=1 2x, https:\/\/i0.wp.com\/www.wallendorff.com\/belogue\/wp-content\/uploads\/2024\/08\/20240805-05.jpg?resize=1050%2C600&ssl=1 3x"},"classes":[]},{"id":132374,"url":"https:\/\/www.wallendorff.com\/belogue\/2025\/06\/01\/lenjouement\/","url_meta":{"origin":7329,"position":1},"title":"L&rsquo;enjouement.","author":"dpc","date":"1 juin 2025","format":false,"excerpt":"Paris, 31 mai 2025.","rel":"","context":"Dans &quot;DPC&quot;","block_context":{"text":"DPC","link":"https:\/\/www.wallendorff.com\/belogue\/category\/dpc\/"},"img":{"alt_text":"","src":"https:\/\/i0.wp.com\/www.wallendorff.com\/belogue\/wp-content\/uploads\/2025\/06\/20250601-26.jpg?resize=350%2C200&ssl=1","width":350,"height":200,"srcset":"https:\/\/i0.wp.com\/www.wallendorff.com\/belogue\/wp-content\/uploads\/2025\/06\/20250601-26.jpg?resize=350%2C200&ssl=1 1x, https:\/\/i0.wp.com\/www.wallendorff.com\/belogue\/wp-content\/uploads\/2025\/06\/20250601-26.jpg?resize=525%2C300&ssl=1 1.5x, https:\/\/i0.wp.com\/www.wallendorff.com\/belogue\/wp-content\/uploads\/2025\/06\/20250601-26.jpg?resize=700%2C400&ssl=1 2x, https:\/\/i0.wp.com\/www.wallendorff.com\/belogue\/wp-content\/uploads\/2025\/06\/20250601-26.jpg?resize=1050%2C600&ssl=1 3x"},"classes":[]},{"id":135723,"url":"https:\/\/www.wallendorff.com\/belogue\/2026\/04\/08\/perissent-ils\/","url_meta":{"origin":7329,"position":2},"title":"P\u00e9rissent-ils.","author":"dpc","date":"8 avril 2026","format":false,"excerpt":"Place de la Madeleine, Paris, 26 janvier 2026.","rel":"","context":"Dans &quot;DPC&quot;","block_context":{"text":"DPC","link":"https:\/\/www.wallendorff.com\/belogue\/category\/dpc\/"},"img":{"alt_text":"","src":"https:\/\/i0.wp.com\/www.wallendorff.com\/belogue\/wp-content\/uploads\/2026\/04\/20260408.jpg?resize=350%2C200&ssl=1","width":350,"height":200,"srcset":"https:\/\/i0.wp.com\/www.wallendorff.com\/belogue\/wp-content\/uploads\/2026\/04\/20260408.jpg?resize=350%2C200&ssl=1 1x, https:\/\/i0.wp.com\/www.wallendorff.com\/belogue\/wp-content\/uploads\/2026\/04\/20260408.jpg?resize=525%2C300&ssl=1 1.5x, https:\/\/i0.wp.com\/www.wallendorff.com\/belogue\/wp-content\/uploads\/2026\/04\/20260408.jpg?resize=700%2C400&ssl=1 2x, https:\/\/i0.wp.com\/www.wallendorff.com\/belogue\/wp-content\/uploads\/2026\/04\/20260408.jpg?resize=1050%2C600&ssl=1 3x"},"classes":[]},{"id":135715,"url":"https:\/\/www.wallendorff.com\/belogue\/2026\/04\/02\/obelisque-et-compagnie\/","url_meta":{"origin":7329,"position":3},"title":"Ob\u00e9lisque et compagnie.","author":"dpc","date":"2 avril 2026","format":false,"excerpt":"Place de la Concorde, Paris, 26 janvier 2026.","rel":"","context":"Dans &quot;DPC&quot;","block_context":{"text":"DPC","link":"https:\/\/www.wallendorff.com\/belogue\/category\/dpc\/"},"img":{"alt_text":"","src":"https:\/\/i0.wp.com\/www.wallendorff.com\/belogue\/wp-content\/uploads\/2026\/04\/20260402.jpg?resize=350%2C200&ssl=1","width":350,"height":200,"srcset":"https:\/\/i0.wp.com\/www.wallendorff.com\/belogue\/wp-content\/uploads\/2026\/04\/20260402.jpg?resize=350%2C200&ssl=1 1x, https:\/\/i0.wp.com\/www.wallendorff.com\/belogue\/wp-content\/uploads\/2026\/04\/20260402.jpg?resize=525%2C300&ssl=1 1.5x, https:\/\/i0.wp.com\/www.wallendorff.com\/belogue\/wp-content\/uploads\/2026\/04\/20260402.jpg?resize=700%2C400&ssl=1 2x"},"classes":[]},{"id":134398,"url":"https:\/\/www.wallendorff.com\/belogue\/2025\/11\/14\/dix\/","url_meta":{"origin":7329,"position":4},"title":"Dix.","author":"dpc","date":"14 novembre 2025","format":false,"excerpt":"Paris, 2015 \u2013 2024. \u00c0 P.A.,Au 131 autres morts,Aux milliers de victimes.","rel":"","context":"Dans &quot;DPC&quot;","block_context":{"text":"DPC","link":"https:\/\/www.wallendorff.com\/belogue\/category\/dpc\/"},"img":{"alt_text":"","src":"https:\/\/i0.wp.com\/www.wallendorff.com\/belogue\/wp-content\/uploads\/2025\/11\/20251114-26.jpg?resize=350%2C200&ssl=1","width":350,"height":200,"srcset":"https:\/\/i0.wp.com\/www.wallendorff.com\/belogue\/wp-content\/uploads\/2025\/11\/20251114-26.jpg?resize=350%2C200&ssl=1 1x, https:\/\/i0.wp.com\/www.wallendorff.com\/belogue\/wp-content\/uploads\/2025\/11\/20251114-26.jpg?resize=525%2C300&ssl=1 1.5x, https:\/\/i0.wp.com\/www.wallendorff.com\/belogue\/wp-content\/uploads\/2025\/11\/20251114-26.jpg?resize=700%2C400&ssl=1 2x, https:\/\/i0.wp.com\/www.wallendorff.com\/belogue\/wp-content\/uploads\/2025\/11\/20251114-26.jpg?resize=1050%2C600&ssl=1 3x"},"classes":[]},{"id":3918,"url":"https:\/\/www.wallendorff.com\/belogue\/2009\/02\/18\/grandes-sorgues\/","url_meta":{"origin":7329,"position":5},"title":"Grandes sorgues.","author":"dpc","date":"18 f\u00e9vrier 2009","format":false,"excerpt":"Rue du Clo\u00eetre Notre-Dame, Paris, 13 janvier. Y a quand m\u00eame des gens, dans la vie, \u00e7a fait du bien de les entendre \u00e0 nouveau . \u00a0Ghinzu \u2013 Cold Love","rel":"","context":"Dans &quot;DPC&quot;","block_context":{"text":"DPC","link":"https:\/\/www.wallendorff.com\/belogue\/category\/dpc\/"},"img":{"alt_text":"","src":"https:\/\/i0.wp.com\/www.wallendorff.com\/belogue\/wp-content\/uploads\/2015\/04\/200902181.jpg?resize=350%2C200&ssl=1","width":350,"height":200,"srcset":"https:\/\/i0.wp.com\/www.wallendorff.com\/belogue\/wp-content\/uploads\/2015\/04\/200902181.jpg?resize=350%2C200&ssl=1 1x, https:\/\/i0.wp.com\/www.wallendorff.com\/belogue\/wp-content\/uploads\/2015\/04\/200902181.jpg?resize=525%2C300&ssl=1 1.5x"},"classes":[]}],"_links":{"self":[{"href":"https:\/\/www.wallendorff.com\/belogue\/wp-json\/wp\/v2\/posts\/7329","targetHints":{"allow":["GET"]}}],"collection":[{"href":"https:\/\/www.wallendorff.com\/belogue\/wp-json\/wp\/v2\/posts"}],"about":[{"href":"https:\/\/www.wallendorff.com\/belogue\/wp-json\/wp\/v2\/types\/post"}],"author":[{"embeddable":true,"href":"https:\/\/www.wallendorff.com\/belogue\/wp-json\/wp\/v2\/users\/1"}],"replies":[{"embeddable":true,"href":"https:\/\/www.wallendorff.com\/belogue\/wp-json\/wp\/v2\/comments?post=7329"}],"version-history":[{"count":1,"href":"https:\/\/www.wallendorff.com\/belogue\/wp-json\/wp\/v2\/posts\/7329\/revisions"}],"predecessor-version":[{"id":16202,"href":"https:\/\/www.wallendorff.com\/belogue\/wp-json\/wp\/v2\/posts\/7329\/revisions\/16202"}],"wp:featuredmedia":[{"embeddable":true,"href":"https:\/\/www.wallendorff.com\/belogue\/wp-json\/wp\/v2\/media\/25725"}],"wp:attachment":[{"href":"https:\/\/www.wallendorff.com\/belogue\/wp-json\/wp\/v2\/media?parent=7329"}],"wp:term":[{"taxonomy":"category","embeddable":true,"href":"https:\/\/www.wallendorff.com\/belogue\/wp-json\/wp\/v2\/categories?post=7329"},{"taxonomy":"post_tag","embeddable":true,"href":"https:\/\/www.wallendorff.com\/belogue\/wp-json\/wp\/v2\/tags?post=7329"}],"curies":[{"name":"wp","href":"https:\/\/api.w.org\/{rel}","templated":true}]}}