{"id":7326,"date":"2010-04-01T10:41:22","date_gmt":"2010-04-01T08:41:22","guid":{"rendered":"http:\/\/www.po-l.com\/belogue\/?p=7326"},"modified":"2012-03-02T11:47:17","modified_gmt":"2012-03-02T09:47:17","slug":"christ-maison-cedant-rieur-paix-nuls-tiennent-mes-pas-depie-ressent-dmanne","status":"publish","type":"post","link":"https:\/\/www.wallendorff.com\/belogue\/2010\/04\/01\/christ-maison-cedant-rieur-paix-nuls-tiennent-mes-pas-depie-ressent-dmanne\/","title":{"rendered":"Christ, maison, c\u00e9dant, rieur, paix nuls tiennent, mes pas d&rsquo;\u00e9pi\u00e9, Ressent d&rsquo;manne<sup>1<\/sup>."},"content":{"rendered":"\n<div id=\"photo\">\n<p><img decoding=\"async\" src=\"https:\/\/www.wallendorff.com\/belogue\/photo\/2010\/04\/20100401.jpg\" \/><br \/>\nAnth&eacute;e,  13 mars.<\/p>\n<\/p><\/div>\n<p>Puisque qu&rsquo;on passe par ses terres, j&rsquo;en profite pour faire un peu de r&eacute;clame pour l&rsquo;<a href=\"http:\/\/www.fugitif.net\">Hugues van Rymenam<\/a> qui depuis 1996, c&rsquo;est &agrave; dire bien avant l&rsquo;invention du blog, du photoblog et des Jonas Brothers, r&ocirc;de en Ardenne belge et fran&ccedil;aise et <a href=\"http:\/\/www.fugitif.net\/ig\/1887\/index.php\">poste<\/a> <a href=\"http:\/\/www.fugitif.net\/ig\/1385\/index.php\">tous<\/a> <a href=\"http:\/\/www.fugitif.net\/im\/2528\/index.php\">les<\/a> <a href=\"http:\/\/www.fugitif.net\/im\/2910\/index.php\">jours<\/a> <a href=\"http:\/\/www.fugitif.net\/ig\/1316\/index.php\">une<\/a> <a href=\"http:\/\/www.fugitif.net\/in\/3157\/index.php\">photo<\/a> avec une r&eacute;gularit&eacute; de poney que je suis loin de pouvoir me vanter d&rsquo;en avoir fait autant. Respects &eacute;ternels.    <\/p>\n<p style=\"text-align:right\">[Je pr&eacute;cise que c&rsquo;est pas un poisson hein d&rsquo;avril moisi hein, les poissons d&rsquo;avril moisis sont list&eacute;s <a href=\"http:\/\/www.truitteur.fr\/?tag=premier-avril\">l&agrave;<\/a> aujourd&rsquo;hui.]<\/p>\n<div id=\"bandeson\">\n<p><img decoding=\"async\" src=\"https:\/\/www.wallendorff.com\/belogue\/photo\/pochettes\/d\/death_cab_for_cutie-plans.jpg\" align=\"left\" \/>&nbsp;<a href=\"http:\/\/www.deathcabforcutie.com\/\">Death Cab for Cutie<\/a> &ndash; <em>I Will Follow You into the Dark<\/em><\/p>\n<\/p><\/div>\n<p>_____<\/p>\n<div id=\"bas_note\">\n<p><sup>1<\/sup> Y a des jours comme &ccedil;a ou tu pr&eacute;f&egrave;res livrer un titre en petits jeux de mots assortis, nases et vari&eacute;s autour du nom du village &agrave; l&rsquo;honneur ce matin-l&agrave; plut&ocirc;t que te creuser ta t&ecirc;te &agrave; en trouver un bien. &Ccedil;a arrive.<\/p>\n<\/div>\n","protected":false},"excerpt":{"rendered":"<p>Anth&eacute;e, 13 mars. Puisque qu&rsquo;on passe par ses terres, j&rsquo;en profite pour faire un peu de r&eacute;clame pour l&rsquo;Hugues van Rymenam qui depuis 1996, c&rsquo;est &agrave; dire bien avant l&rsquo;invention du blog, du photoblog et des Jonas Brothers, r&ocirc;de en Ardenne belge et fran&ccedil;aise et poste tous les jours une photo avec une r&eacute;gularit&eacute; de&hellip;<\/p>\n","protected":false},"author":1,"featured_media":25724,"comment_status":"open","ping_status":"open","sticky":false,"template":"","format":"standard","meta":{"_acf_changed":false,"ngg_post_thumbnail":0,"jetpack_post_was_ever_published":false,"_jetpack_newsletter_access":"","_jetpack_dont_email_post_to_subs":false,"_jetpack_newsletter_tier_id":0,"_jetpack_memberships_contains_paywalled_content":false,"_jetpack_memberships_contains_paid_content":false,"footnotes":"","jetpack_publicize_message":"","jetpack_publicize_feature_enabled":true,"jetpack_social_post_already_shared":false,"jetpack_social_options":{"image_generator_settings":{"template":"highway","default_image_id":0,"font":"","enabled":false},"version":2}},"categories":[3],"tags":[3643,10178,737,2571,2615,10326,215,10238,3644,3646,10147,3612,3645],"class_list":["post-7326","post","type-post","status-publish","format-standard","has-post-thumbnail","hentry","category-dpc","tag-anthee","tag-belgique","tag-bleu","tag-ef-16-35-mm-f28l-ii-usm","tag-eos-5d-mark-ii","tag-crepuscule","tag-death-cab-for-cutie","tag-eglise","tag-eglise-saint-materne","tag-i-will-follow-you-into-the-dark","tag-nuit","tag-province-de-namur","tag-wallonie"],"acf":[],"geo":{"latitude":50.2403336,"longitude":4.7610121,"description":"Rue de l&apos;Abb\u00e9 Piret 1, 5520 Onhaye, Belgium"},"jetpack_publicize_connections":[],"jetpack_featured_media_url":"https:\/\/www.wallendorff.com\/belogue\/wp-content\/uploads\/2015\/04\/201004011.jpg","jetpack_shortlink":"https:\/\/wp.me\/p3b35P-1Ua","jetpack_sharing_enabled":true,"jetpack-related-posts":[{"id":7621,"url":"https:\/\/www.wallendorff.com\/belogue\/2010\/06\/03\/wheeeere-the-streeeeeets-have-a-naaaaame\/","url_meta":{"origin":7326,"position":0},"title":"Wheeeere the streeeeeets have a naaaaame.","author":"dpc","date":"3 juin 2010","format":false,"excerpt":"Rue des Chantres, Paris, 25 avril. Je n'arrive toujours pas \u00e0 savoir si c'est bien ou mal d'\u00e9couter des bouts de la BO de Twilight1 et si je vais me changer en loup-garou2 m\u00e9chant et baveur ou en vampire glabre si j'en abuse. L'\u0153uvre est \u00e9coutable en int\u00e9grale ici, pour\u2026","rel":"","context":"Dans &quot;DPC&quot;","block_context":{"text":"DPC","link":"https:\/\/www.wallendorff.com\/belogue\/category\/dpc\/"},"img":{"alt_text":"","src":"https:\/\/i0.wp.com\/www.wallendorff.com\/belogue\/wp-content\/uploads\/2015\/04\/201006031.jpg?resize=350%2C200&ssl=1","width":350,"height":200},"classes":[]},{"id":9288,"url":"https:\/\/www.wallendorff.com\/belogue\/2010\/09\/21\/plus-austere-culte\/","url_meta":{"origin":7326,"position":1},"title":"Plus aust\u00e8re culte.","author":"dpc","date":"21 septembre 2010","format":false,"excerpt":"Locronan, 24 juillet. Suis quand m\u00eame bal\u00e8ze pour mettre en avant le charme et la joie de vivre qui r\u00e8gnent dans les endroits que je fr\u00e9quente, hein. \u00a0The Delgados \u2013 I Fought the Angels","rel":"","context":"Dans &quot;DPC&quot;","block_context":{"text":"DPC","link":"https:\/\/www.wallendorff.com\/belogue\/category\/dpc\/"},"img":{"alt_text":"","src":"https:\/\/i0.wp.com\/www.wallendorff.com\/belogue\/wp-content\/uploads\/2015\/04\/201009211.jpg?resize=350%2C200&ssl=1","width":350,"height":200},"classes":[]},{"id":7460,"url":"https:\/\/www.wallendorff.com\/belogue\/2010\/04\/28\/huit\/","url_meta":{"origin":7326,"position":2},"title":"Huit.","author":"dpc","date":"28 avril 2010","format":false,"excerpt":"Passage Pauline Amblard, Dieppe, 21 mars. Si on me donnait huit secondes pour faire de la r\u00e9clame pour Microsoft, je dirais que Gougle et \u2015\u00a0plus curieusement\u00a0\u2015 l'IGN savent tous deux o\u00f9 est le passage Pauline Amblard mais se gardent bien de l'\u00e9crire sur leurs plans pour pas que les gens\u2026","rel":"","context":"Dans &quot;DPC&quot;","block_context":{"text":"DPC","link":"https:\/\/www.wallendorff.com\/belogue\/category\/dpc\/"},"img":{"alt_text":"","src":"https:\/\/i0.wp.com\/www.wallendorff.com\/belogue\/wp-content\/uploads\/2015\/04\/201004281.jpg?resize=350%2C200&ssl=1","width":350,"height":200},"classes":[]},{"id":330,"url":"https:\/\/www.wallendorff.com\/belogue\/2005\/06\/30\/un-dieu-croit-mikado-n-a-d-l-emoi\/","url_meta":{"origin":7326,"position":3},"title":"Un, dieu, croit [mikado n&rsquo;a d&rsquo;l&rsquo;&eacute;moi].","author":"dpc","date":"30 juin 2005","format":false,"excerpt":"\u00c9glise St-\u00c9tienne1, St-\u00c9tienne2, 25 juin. Pure FM\u00a0sera\u00a0\u00e0 Werchter3 \u00e0 partir d'aujourd'hui et pour les 4 jours du festival. Au programme, concerts en direct, interviouves et surtout, surtout, beaucoup de rigolade joviale4. \u00a0Un truc inratable que je vais rater parce que dans ma bo\u00eete, on a pas de lecteur vindoz multim\u00e9dia\u2026","rel":"","context":"Dans &quot;DPC&quot;","block_context":{"text":"DPC","link":"https:\/\/www.wallendorff.com\/belogue\/category\/dpc\/"},"img":{"alt_text":"","src":"https:\/\/i0.wp.com\/www.wallendorff.com\/belogue\/wp-content\/uploads\/2015\/04\/200506301.jpg?resize=350%2C200&ssl=1","width":350,"height":200},"classes":[]},{"id":6137,"url":"https:\/\/www.wallendorff.com\/belogue\/2010\/01\/19\/la-vint-juste-yves-il-aimoie-rien1\/","url_meta":{"origin":7326,"position":4},"title":"L\u00e0 vint juste Yves. Il aimoit rien1.","author":"dpc","date":"19 janvier 2010","format":false,"excerpt":"Cath\u00e9drale Notre-Dame, Strasbourg, 26 d\u00e9cembre 2009. \u00a0The Greenhornes \u2013 No More Je sais, je sais, elle rappelle beaucoup celle-l\u00e0 mais c'est pas moi m'dame c'est la faute des Greenhornes. [Des Greenhornes qui, soit dit en passant, seraient bien avis\u00e9s de nous refaire un disque avant qu'on use celui-l\u00e0 jusqu'\u00e0 la\u2026","rel":"","context":"Dans &quot;DPC&quot;","block_context":{"text":"DPC","link":"https:\/\/www.wallendorff.com\/belogue\/category\/dpc\/"},"img":{"alt_text":"","src":"https:\/\/i0.wp.com\/www.wallendorff.com\/belogue\/wp-content\/uploads\/2015\/04\/201001191.jpg?resize=350%2C200&ssl=1","width":350,"height":200},"classes":[]},{"id":373,"url":"https:\/\/www.wallendorff.com\/belogue\/2005\/05\/15\/merveilleuse-cite-dort\/","url_meta":{"origin":7326,"position":5},"title":"Merveilleuse cit\u00e9 dort.","author":"dpc","date":"15 mai 2005","format":false,"excerpt":"Temple de Garnison et Cath\u00e9drale Saint-\u00c9tienne, Metz, 4 mai. Cliquouze \u00e9tant rentr\u00e9e, c'est\u00a0\u00e0 moi de partir. Du nouveau jeudi, je pense. Soyez sages, hein. \u00a0The White Stripes \u2013 Going Back to Memphis (Soledad Brothers cover) (live)","rel":"","context":"Dans &quot;DPC&quot;","block_context":{"text":"DPC","link":"https:\/\/www.wallendorff.com\/belogue\/category\/dpc\/"},"img":{"alt_text":"","src":"https:\/\/i0.wp.com\/www.wallendorff.com\/belogue\/wp-content\/uploads\/2015\/04\/200505151.jpg?resize=350%2C200&ssl=1","width":350,"height":200},"classes":[]}],"_links":{"self":[{"href":"https:\/\/www.wallendorff.com\/belogue\/wp-json\/wp\/v2\/posts\/7326","targetHints":{"allow":["GET"]}}],"collection":[{"href":"https:\/\/www.wallendorff.com\/belogue\/wp-json\/wp\/v2\/posts"}],"about":[{"href":"https:\/\/www.wallendorff.com\/belogue\/wp-json\/wp\/v2\/types\/post"}],"author":[{"embeddable":true,"href":"https:\/\/www.wallendorff.com\/belogue\/wp-json\/wp\/v2\/users\/1"}],"replies":[{"embeddable":true,"href":"https:\/\/www.wallendorff.com\/belogue\/wp-json\/wp\/v2\/comments?post=7326"}],"version-history":[{"count":1,"href":"https:\/\/www.wallendorff.com\/belogue\/wp-json\/wp\/v2\/posts\/7326\/revisions"}],"predecessor-version":[{"id":16178,"href":"https:\/\/www.wallendorff.com\/belogue\/wp-json\/wp\/v2\/posts\/7326\/revisions\/16178"}],"wp:featuredmedia":[{"embeddable":true,"href":"https:\/\/www.wallendorff.com\/belogue\/wp-json\/wp\/v2\/media\/25724"}],"wp:attachment":[{"href":"https:\/\/www.wallendorff.com\/belogue\/wp-json\/wp\/v2\/media?parent=7326"}],"wp:term":[{"taxonomy":"category","embeddable":true,"href":"https:\/\/www.wallendorff.com\/belogue\/wp-json\/wp\/v2\/categories?post=7326"},{"taxonomy":"post_tag","embeddable":true,"href":"https:\/\/www.wallendorff.com\/belogue\/wp-json\/wp\/v2\/tags?post=7326"}],"curies":[{"name":"wp","href":"https:\/\/api.w.org\/{rel}","templated":true}]}}