{"id":7320,"date":"2010-03-30T09:38:50","date_gmt":"2010-03-30T07:38:50","guid":{"rendered":"http:\/\/www.po-l.com\/belogue\/?p=7320"},"modified":"2012-02-29T12:39:04","modified_gmt":"2012-02-29T10:39:04","slug":"a-se-taire-risquer-claies-opaques","status":"publish","type":"post","link":"https:\/\/www.wallendorff.com\/belogue\/2010\/03\/30\/a-se-taire-risquer-claies-opaques\/","title":{"rendered":"\u00c0 se taire, risquer claies opaques."},"content":{"rendered":"\n<div id=\"photo\">\n<p><img decoding=\"async\" src=\"https:\/\/www.wallendorff.com\/belogue\/photo\/2010\/03\/20100330.jpg\" \/><br \/>\nStation T&eacute;l&eacute;graphe, Paris, 6 mars.<\/p>\n<\/p><\/div>\n<p style=\"text-align:right\">Sans vouloir casser mon propre effet, je me permets de me signaler que cette photo n&rsquo;est pas droite.<\/p>\n<div id=\"bandeson\">\n<p><img decoding=\"async\" src=\"https:\/\/www.wallendorff.com\/belogue\/photo\/pochettes\/a\/air-the_virgin_suicides.jpg\" align=\"left\" \/>&nbsp;<a href=\"http:\/\/www.intairnet.org\/\">Air<\/a> &ndash; <em>Dead Bodies<\/em><\/p>\n<\/p><\/div>\n","protected":false},"excerpt":{"rendered":"<p>Station T&eacute;l&eacute;graphe, Paris, 6 mars. Sans vouloir casser mon propre effet, je me permets de me signaler que cette photo n&rsquo;est pas droite. &nbsp;Air &ndash; Dead Bodies<\/p>\n","protected":false},"author":1,"featured_media":25722,"comment_status":"open","ping_status":"open","sticky":false,"template":"","format":"standard","meta":{"_acf_changed":false,"ngg_post_thumbnail":0,"jetpack_post_was_ever_published":false,"_jetpack_newsletter_access":"","_jetpack_dont_email_post_to_subs":false,"_jetpack_newsletter_tier_id":0,"_jetpack_memberships_contains_paywalled_content":false,"_jetpack_memberships_contains_paid_content":false,"footnotes":"","jetpack_publicize_message":"","jetpack_publicize_feature_enabled":true,"jetpack_social_post_already_shared":false,"jetpack_social_options":{"image_generator_settings":{"template":"highway","default_image_id":0,"font":"","enabled":false},"version":2}},"categories":[3],"tags":[10268,10216,276,737,2571,2615,3639,10320,10210,10120,10121,10710,10119,10098,10711],"class_list":["post-7320","post","type-post","status-publish","format-standard","has-post-thumbnail","hentry","category-dpc","tag-10268","tag-10216","tag-air","tag-bleu","tag-ef-16-35-mm-f28l-ii-usm","tag-eos-5d-mark-ii","tag-dead-bodies","tag-escalator","tag-escalier","tag-france","tag-ile-de-france","tag-ligne-11","tag-metro","tag-paris","tag-telegraphe"],"acf":[],"geo":{"latitude":48.8754425,"longitude":2.3991261,"description":"256 Square Belleville-T\u00e9l\u00e9graphe, 75020 Paris, France"},"jetpack_publicize_connections":[],"jetpack_featured_media_url":"https:\/\/www.wallendorff.com\/belogue\/wp-content\/uploads\/2015\/04\/201003301.jpg","jetpack_shortlink":"https:\/\/wp.me\/p3b35P-1U4","jetpack_sharing_enabled":true,"jetpack-related-posts":[{"id":7318,"url":"https:\/\/www.wallendorff.com\/belogue\/2010\/03\/29\/le-lin-dit-%c2%ab-au-sol-loeil-%c2%bb\/","url_meta":{"origin":7320,"position":0},"title":"Le lin dit \u00ab au sol, l&rsquo;\u0153il. \u00bb","author":"dpc","date":"29 mars 2010","format":false,"excerpt":"Station T\u00e9l\u00e9graphe, Paris, 6 mars. Faut jamais d\u00e9marrer sa semaine trop rapidement. \u00a0Weezer \u2013 Put Me Back Together","rel":"","context":"Dans &quot;DPC&quot;","block_context":{"text":"DPC","link":"https:\/\/www.wallendorff.com\/belogue\/category\/dpc\/"},"img":{"alt_text":"","src":"https:\/\/i0.wp.com\/www.wallendorff.com\/belogue\/wp-content\/uploads\/2015\/04\/201003291.jpg?resize=350%2C200&ssl=1","width":350,"height":200},"classes":[]},{"id":385,"url":"https:\/\/www.wallendorff.com\/belogue\/2005\/05\/06\/haie-chappe-est-belle\/","url_meta":{"origin":7320,"position":1},"title":"Haie Chappe est belle\u00b9.","author":"dpc","date":"6 mai 2005","format":false,"excerpt":"Canal de l'Ourcq, Paris, 2 mai. \u00a0Little Barrie \u2014 Freeprise _____ 1 \"Haie Chappe est belle\" parce que ces bidules-l\u00e0 me font penser \u00e0 des t\u00e9l\u00e9graphes de Chappe, et que voil\u00e0. [Et pour rester dans le t\u00e9l\u00e9graphe, un petit bout de Little Barrie\u00a0avec des bruits de guitares morses dedans, pour\u2026","rel":"","context":"Dans &quot;DPC&quot;","block_context":{"text":"DPC","link":"https:\/\/www.wallendorff.com\/belogue\/category\/dpc\/"},"img":{"alt_text":"","src":"https:\/\/i0.wp.com\/www.wallendorff.com\/belogue\/wp-content\/uploads\/2015\/04\/200505061.jpg?resize=350%2C200&ssl=1","width":350,"height":200},"classes":[]},{"id":23884,"url":"https:\/\/www.wallendorff.com\/belogue\/2015\/03\/08\/metz-the-bodies-le-point-ephemere-paris\/","url_meta":{"origin":7320,"position":2},"title":"METZ + The Bodies @ le Point \u00c9ph\u00e9m\u00e8re, Paris.","author":"dpc","date":"8 mars 2015","format":false,"excerpt":"Acetate METZ Ces gens sont fous. Et \u00e7a m'avait manqu\u00e9, de faire des photos au milieu d'un pogo. The Bodies METZ \u00a0","rel":"","context":"Dans &quot;Alive&quot;","block_context":{"text":"Alive","link":"https:\/\/www.wallendorff.com\/belogue\/category\/alive\/"},"img":{"alt_text":"","src":"https:\/\/i0.wp.com\/www.wallendorff.com\/belogue\/wp-content\/uploads\/2015\/04\/201503061.jpg?resize=350%2C200&ssl=1","width":350,"height":200,"srcset":"https:\/\/i0.wp.com\/www.wallendorff.com\/belogue\/wp-content\/uploads\/2015\/04\/201503061.jpg?resize=350%2C200&ssl=1 1x, https:\/\/i0.wp.com\/www.wallendorff.com\/belogue\/wp-content\/uploads\/2015\/04\/201503061.jpg?resize=525%2C300&ssl=1 1.5x, https:\/\/i0.wp.com\/www.wallendorff.com\/belogue\/wp-content\/uploads\/2015\/04\/201503061.jpg?resize=700%2C400&ssl=1 2x"},"classes":[]},{"id":129376,"url":"https:\/\/www.wallendorff.com\/belogue\/2024\/07\/22\/terminal-1-aeroport-de-paris-charles-de-gaulle-roissy-en-france-17-juillet-2024\/","url_meta":{"origin":7320,"position":3},"title":"Terminal 1 @ a\u00e9roport de Paris-Charles-de-Gaulle, Roissy-en-France, 17 juillet 2024.","author":"dpc","date":"22 juillet 2024","format":false,"excerpt":"","rel":"","context":"Dans &quot;Alive&quot;","block_context":{"text":"Alive","link":"https:\/\/www.wallendorff.com\/belogue\/category\/alive\/"},"img":{"alt_text":"","src":"https:\/\/i0.wp.com\/www.wallendorff.com\/belogue\/wp-content\/uploads\/2024\/07\/20240722-42.jpg?resize=350%2C200&ssl=1","width":350,"height":200,"srcset":"https:\/\/i0.wp.com\/www.wallendorff.com\/belogue\/wp-content\/uploads\/2024\/07\/20240722-42.jpg?resize=350%2C200&ssl=1 1x, https:\/\/i0.wp.com\/www.wallendorff.com\/belogue\/wp-content\/uploads\/2024\/07\/20240722-42.jpg?resize=525%2C300&ssl=1 1.5x, https:\/\/i0.wp.com\/www.wallendorff.com\/belogue\/wp-content\/uploads\/2024\/07\/20240722-42.jpg?resize=700%2C400&ssl=1 2x, https:\/\/i0.wp.com\/www.wallendorff.com\/belogue\/wp-content\/uploads\/2024\/07\/20240722-42.jpg?resize=1050%2C600&ssl=1 3x"},"classes":[]},{"id":41056,"url":"https:\/\/www.wallendorff.com\/belogue\/2019\/01\/31\/and-you-will-know-us-by-the-trail-of-dead-le-petit-bain-paris-30-janvier-2019\/","url_meta":{"origin":7320,"position":4},"title":"&#8230;And You Will Know Us by the Trail of Dead @ le Petit-Bain, Paris, 30 janvier 2019.","author":"dpc","date":"31 janvier 2019","format":false,"excerpt":"","rel":"","context":"Dans &quot;Alive&quot;","block_context":{"text":"Alive","link":"https:\/\/www.wallendorff.com\/belogue\/category\/alive\/"},"img":{"alt_text":"","src":"https:\/\/i0.wp.com\/www.wallendorff.com\/belogue\/wp-content\/uploads\/2019\/01\/20190131-16.jpg?resize=350%2C200&ssl=1","width":350,"height":200,"srcset":"https:\/\/i0.wp.com\/www.wallendorff.com\/belogue\/wp-content\/uploads\/2019\/01\/20190131-16.jpg?resize=350%2C200&ssl=1 1x, https:\/\/i0.wp.com\/www.wallendorff.com\/belogue\/wp-content\/uploads\/2019\/01\/20190131-16.jpg?resize=525%2C300&ssl=1 1.5x, https:\/\/i0.wp.com\/www.wallendorff.com\/belogue\/wp-content\/uploads\/2019\/01\/20190131-16.jpg?resize=700%2C400&ssl=1 2x, https:\/\/i0.wp.com\/www.wallendorff.com\/belogue\/wp-content\/uploads\/2019\/01\/20190131-16.jpg?resize=1050%2C600&ssl=1 3x"},"classes":[]},{"id":135080,"url":"https:\/\/www.wallendorff.com\/belogue\/2026\/01\/19\/piste-1\/","url_meta":{"origin":7320,"position":5},"title":"Piste 1.","author":"dpc","date":"19 janvier 2026","format":false,"excerpt":"Chantier de r\u00e9fection de la piste 1 de l'a\u00e9roport de Paris-Charles-de-Gaulle.\u00a0Merci aux \u00e9quipes ADP et Colas pour leur accueil.","rel":"","context":"Dans &quot;DPC&quot;","block_context":{"text":"DPC","link":"https:\/\/www.wallendorff.com\/belogue\/category\/dpc\/"},"img":{"alt_text":"","src":"https:\/\/i0.wp.com\/www.wallendorff.com\/belogue\/wp-content\/uploads\/2026\/01\/20260119-15.jpg?resize=350%2C200&ssl=1","width":350,"height":200,"srcset":"https:\/\/i0.wp.com\/www.wallendorff.com\/belogue\/wp-content\/uploads\/2026\/01\/20260119-15.jpg?resize=350%2C200&ssl=1 1x, https:\/\/i0.wp.com\/www.wallendorff.com\/belogue\/wp-content\/uploads\/2026\/01\/20260119-15.jpg?resize=525%2C300&ssl=1 1.5x, https:\/\/i0.wp.com\/www.wallendorff.com\/belogue\/wp-content\/uploads\/2026\/01\/20260119-15.jpg?resize=700%2C400&ssl=1 2x, https:\/\/i0.wp.com\/www.wallendorff.com\/belogue\/wp-content\/uploads\/2026\/01\/20260119-15.jpg?resize=1050%2C600&ssl=1 3x"},"classes":[]}],"_links":{"self":[{"href":"https:\/\/www.wallendorff.com\/belogue\/wp-json\/wp\/v2\/posts\/7320","targetHints":{"allow":["GET"]}}],"collection":[{"href":"https:\/\/www.wallendorff.com\/belogue\/wp-json\/wp\/v2\/posts"}],"about":[{"href":"https:\/\/www.wallendorff.com\/belogue\/wp-json\/wp\/v2\/types\/post"}],"author":[{"embeddable":true,"href":"https:\/\/www.wallendorff.com\/belogue\/wp-json\/wp\/v2\/users\/1"}],"replies":[{"embeddable":true,"href":"https:\/\/www.wallendorff.com\/belogue\/wp-json\/wp\/v2\/comments?post=7320"}],"version-history":[{"count":1,"href":"https:\/\/www.wallendorff.com\/belogue\/wp-json\/wp\/v2\/posts\/7320\/revisions"}],"predecessor-version":[{"id":16131,"href":"https:\/\/www.wallendorff.com\/belogue\/wp-json\/wp\/v2\/posts\/7320\/revisions\/16131"}],"wp:featuredmedia":[{"embeddable":true,"href":"https:\/\/www.wallendorff.com\/belogue\/wp-json\/wp\/v2\/media\/25722"}],"wp:attachment":[{"href":"https:\/\/www.wallendorff.com\/belogue\/wp-json\/wp\/v2\/media?parent=7320"}],"wp:term":[{"taxonomy":"category","embeddable":true,"href":"https:\/\/www.wallendorff.com\/belogue\/wp-json\/wp\/v2\/categories?post=7320"},{"taxonomy":"post_tag","embeddable":true,"href":"https:\/\/www.wallendorff.com\/belogue\/wp-json\/wp\/v2\/tags?post=7320"}],"curies":[{"name":"wp","href":"https:\/\/api.w.org\/{rel}","templated":true}]}}