{"id":730,"date":"2004-07-17T17:28:26","date_gmt":"2004-07-17T17:28:26","guid":{"rendered":"http:\/\/www.po-l.com\/wordpress\/?p=730"},"modified":"2012-07-10T11:55:58","modified_gmt":"2012-07-10T09:55:58","slug":"sting-annie-lennox-palace-of-auburn-hills-17-juillet-2004","status":"publish","type":"post","link":"https:\/\/www.wallendorff.com\/belogue\/2004\/07\/17\/sting-annie-lennox-palace-of-auburn-hills-17-juillet-2004\/","title":{"rendered":"Sting + Annie Lennox, Palace of Auburn Hills, 16 juillet 2004."},"content":{"rendered":"\n<div id=\"photo\">\n<p><img decoding=\"async\" src=\"https:\/\/www.wallendorff.com\/belogue\/photo\/2004\/07\/27.jpg\" \/><br \/>\n          (photo&nbsp;: pas moi)<\/p>\n<\/p><\/div>\n<p>Je savais pas encore si j&rsquo;allais passer la soir\u00e9e dans une bo\u00eete avec des Allemands, dans un bar avec des Fran\u00e7ais ou dans un port avec des filles <a href=\"http:\/\/www.goregoregirls.com\/\">gores<\/a>, finalement je l&rsquo;ai pass\u00e9e au Palace, dans une loge vip comme dans les films&nbsp;\u00e0 regarder Sting et en buvant des Killian&rsquo;s.<\/p>\n<p>J&rsquo;ai pas r\u00e9ellement accroch\u00e9, parce que j&rsquo;\u00e9tais loin, parce que j&rsquo;\u00e9tais pas dedans, parce que la Killian&rsquo;s c&rsquo;est bon. Annie Lennox a une putain de voix, les lumi\u00e8res \u00e9taient bal\u00e8zes, y&rsquo;avait des choristes qui dansaient en rythme. Un gros show de deux &quot;artistes de vari\u00e9t\u00e9s&quot;, quoi. Me sentais pas&nbsp;\u00e0 ma place quand m\u00eame. Pas tr\u00e8s rock n&rsquo;roll tout \u00e7a.<\/p>\n<p>Quand m\u00eame aim\u00e9 <em>Fragile<\/em>, belle chanson, et la version toute seule au piano par Lennox de <em>Here Comes the Rain Again<\/em>, tr\u00e8s tr\u00e8s chouette.<\/p>\n<div id=\"bandeson\">\n<p><img decoding=\"async\" src=\"https:\/\/www.wallendorff.com\/belogue\/photo\/pochettes\/s\/sting-nothing_like_the_sun.jpg\" align=\"left\" \/>&nbsp;<a href=\"http:\/\/www.sting.com\/\">Sting<\/a> &ndash; <em>Fragile<\/em><\/p>\n<\/p><\/div>\n","protected":false},"excerpt":{"rendered":"<p>(photo&nbsp;: pas moi) Je savais pas encore si j&rsquo;allais passer la soir\u00e9e dans une bo\u00eete avec des Allemands, dans un bar avec des Fran\u00e7ais ou dans un port avec des filles gores, finalement je l&rsquo;ai pass\u00e9e au Palace, dans une loge vip comme dans les films&nbsp;\u00e0 regarder Sting et en buvant des Killian&rsquo;s. J&rsquo;ai pas&hellip;<\/p>\n","protected":false},"author":1,"featured_media":24673,"comment_status":"open","ping_status":"open","sticky":false,"template":"","format":"standard","meta":{"_acf_changed":false,"ngg_post_thumbnail":0,"jetpack_post_was_ever_published":false,"_jetpack_newsletter_access":"","_jetpack_dont_email_post_to_subs":false,"_jetpack_newsletter_tier_id":0,"_jetpack_memberships_contains_paywalled_content":false,"_jetpack_memberships_contains_paid_content":false,"footnotes":"","jetpack_publicize_message":"","jetpack_publicize_feature_enabled":true,"jetpack_social_post_already_shared":false,"jetpack_social_options":{"image_generator_settings":{"template":"highway","default_image_id":0,"font":"","enabled":false},"version":2}},"categories":[7],"tags":[42,10084,313,53,55,315,54,314,312],"class_list":["post-730","post","type-post","status-publish","format-standard","has-post-thumbnail","hentry","category-alive","tag-42","tag-alive","tag-annie-lennox","tag-auburn-hills","tag-etats-unis","tag-fragile","tag-michigan","tag-palace-of-auburn-hills","tag-sting"],"acf":[],"geo":{"latitude":42.6971359,"longitude":-83.2457657,"description":null},"jetpack_publicize_connections":[],"jetpack_featured_media_url":"https:\/\/www.wallendorff.com\/belogue\/wp-content\/uploads\/2015\/04\/273.jpg","jetpack_shortlink":"https:\/\/wp.me\/p3b35P-bM","jetpack_sharing_enabled":true,"jetpack-related-posts":[{"id":995,"url":"https:\/\/www.wallendorff.com\/belogue\/2007\/07\/17\/des-livres-et-moi\/","url_meta":{"origin":730,"position":0},"title":"Des livres et moi.","author":"dpc","date":"17 juillet 2007","format":false,"excerpt":"\u00c0 la demande g\u00e9n\u00e9rale de Svenska\u00a0: Quatre livres de ma jeunesse\u00a0: La biblioth\u00e8que rose. Et oui. Gamin, tout ce que j'avais, c'\u00e9tait une grande s\u0153ur. Et quand on est un gamin avec une grande s\u0153ur, on se retrouve souvent avec toute une collection de Club des cinq et de Fantomette\u2026","rel":"","context":"Dans &quot;Pictureless thoughts&quot;","block_context":{"text":"Pictureless thoughts","link":"https:\/\/www.wallendorff.com\/belogue\/category\/pictureless-thoughts\/"},"img":{"alt_text":"","src":"","width":0,"height":0},"classes":[]},{"id":7810,"url":"https:\/\/www.wallendorff.com\/belogue\/2010\/07\/07\/main-square-festival-arras-2-4-juillet-2\/","url_meta":{"origin":730,"position":1},"title":"Main Square Festival, Arras, 2-4 juillet.","author":"dpc","date":"7 juillet 2010","format":false,"excerpt":"Le moment marquant de ces trois jours \u00e0 Arras, ce seront les deux heures d'ombre projet\u00e9e de Vedder sur l'\u00e9glise, point. Mais si je devais ne retenir qu'une photo, ce serait celle-l\u00e0. Parce que c'est la toute derni\u00e8re que j'ai prise, parce que je pensais vraiment qu'elle ne serait pas\u2026","rel":"","context":"Dans &quot;Alive&quot;","block_context":{"text":"Alive","link":"https:\/\/www.wallendorff.com\/belogue\/category\/alive\/"},"img":{"alt_text":"","src":"https:\/\/i0.wp.com\/www.wallendorff.com\/belogue\/wp-content\/uploads\/2015\/04\/201007071.jpg?resize=350%2C200&ssl=1","width":350,"height":200,"srcset":"https:\/\/i0.wp.com\/www.wallendorff.com\/belogue\/wp-content\/uploads\/2015\/04\/201007071.jpg?resize=350%2C200&ssl=1 1x, https:\/\/i0.wp.com\/www.wallendorff.com\/belogue\/wp-content\/uploads\/2015\/04\/201007071.jpg?resize=525%2C300&ssl=1 1.5x, https:\/\/i0.wp.com\/www.wallendorff.com\/belogue\/wp-content\/uploads\/2015\/04\/201007071.jpg?resize=700%2C400&ssl=1 2x"},"classes":[]},{"id":1261,"url":"https:\/\/www.wallendorff.com\/belogue\/2008\/07\/02\/iron-maiden-pop-bercy-paris\/","url_meta":{"origin":730,"position":2},"title":"Iron Maiden @ Palais omnisports de Paris-Bercy.","author":"dpc","date":"2 juillet 2008","format":false,"excerpt":"[Doctor Doctor (UFO)] | Transylvania | Intro\u00a0: Churchill's Speech | Aces High | 2 Minutes to Midnight | Revelations | The Trooper | Wasted Years | The Number of the Beast | Can I Play With Madness | Rime of the Ancient Mariner | Powerslave | Heaven Can Wait |\u2026","rel":"","context":"Dans &quot;Alive&quot;","block_context":{"text":"Alive","link":"https:\/\/www.wallendorff.com\/belogue\/category\/alive\/"},"img":{"alt_text":"","src":"https:\/\/i0.wp.com\/www.wallendorff.com\/belogue\/wp-content\/uploads\/2015\/04\/200807021.jpg?resize=350%2C200&ssl=1","width":350,"height":200,"srcset":"https:\/\/i0.wp.com\/www.wallendorff.com\/belogue\/wp-content\/uploads\/2015\/04\/200807021.jpg?resize=350%2C200&ssl=1 1x, https:\/\/i0.wp.com\/www.wallendorff.com\/belogue\/wp-content\/uploads\/2015\/04\/200807021.jpg?resize=525%2C300&ssl=1 1.5x, https:\/\/i0.wp.com\/www.wallendorff.com\/belogue\/wp-content\/uploads\/2015\/04\/200807021.jpg?resize=700%2C400&ssl=1 2x"},"classes":[]},{"id":27495,"url":"https:\/\/www.wallendorff.com\/belogue\/2015\/06\/12\/commercent-et-quittent-tables\/","url_meta":{"origin":730,"position":3},"title":"Commercent et quittent tables.","author":"dpc","date":"12 juin 2015","format":false,"excerpt":"Quelque part entre Puttgarten et R\u00f8dby, 4 avril. Cloudburst Oasis Il y a onze ans, les Pistons de D\u00e9troit \u00e9taient en finale NBA. Il y a dix ans, les Pistons de D\u00e9troit \u00e9taient encore en finale NBA. Il y a neuf ans, les Pistons de D\u00e9troit \u00e9taient en vacances apr\u00e8s\u2026","rel":"","context":"Dans &quot;DPC&quot;","block_context":{"text":"DPC","link":"https:\/\/www.wallendorff.com\/belogue\/category\/dpc\/"},"img":{"alt_text":"","src":"https:\/\/i0.wp.com\/www.wallendorff.com\/belogue\/wp-content\/uploads\/2015\/06\/20150612.jpg?resize=350%2C200&ssl=1","width":350,"height":200,"srcset":"https:\/\/i0.wp.com\/www.wallendorff.com\/belogue\/wp-content\/uploads\/2015\/06\/20150612.jpg?resize=350%2C200&ssl=1 1x, https:\/\/i0.wp.com\/www.wallendorff.com\/belogue\/wp-content\/uploads\/2015\/06\/20150612.jpg?resize=525%2C300&ssl=1 1.5x, https:\/\/i0.wp.com\/www.wallendorff.com\/belogue\/wp-content\/uploads\/2015\/06\/20150612.jpg?resize=700%2C400&ssl=1 2x"},"classes":[]},{"id":31054,"url":"https:\/\/www.wallendorff.com\/belogue\/2016\/06\/12\/into-the-wide-67\/","url_meta":{"origin":730,"position":4},"title":"Into the wide #67.","author":"dpc","date":"12 juin 2016","format":false,"excerpt":"Quai de Conti, Paris, 20 avril. Can't Even Tell Soul Asylum Il y a douze ans, les Pistons de D\u00e9troit \u00e9taient en finale NBA. Il y a onze ans, les Pistons de D\u00e9troit \u00e9taient encore en finale NBA. Il y a dix ans, les Pistons de D\u00e9troit \u00e9taient en vacances\u2026","rel":"","context":"Dans &quot;Into the wide&quot;","block_context":{"text":"Into the wide","link":"https:\/\/www.wallendorff.com\/belogue\/category\/into-the-wide\/"},"img":{"alt_text":"","src":"https:\/\/i0.wp.com\/www.wallendorff.com\/belogue\/wp-content\/uploads\/2016\/06\/20160612.jpg?resize=350%2C200&ssl=1","width":350,"height":200,"srcset":"https:\/\/i0.wp.com\/www.wallendorff.com\/belogue\/wp-content\/uploads\/2016\/06\/20160612.jpg?resize=350%2C200&ssl=1 1x, https:\/\/i0.wp.com\/www.wallendorff.com\/belogue\/wp-content\/uploads\/2016\/06\/20160612.jpg?resize=525%2C300&ssl=1 1.5x, https:\/\/i0.wp.com\/www.wallendorff.com\/belogue\/wp-content\/uploads\/2016\/06\/20160612.jpg?resize=700%2C400&ssl=1 2x, https:\/\/i0.wp.com\/www.wallendorff.com\/belogue\/wp-content\/uploads\/2016\/06\/20160612.jpg?resize=1050%2C600&ssl=1 3x"},"classes":[]},{"id":22689,"url":"https:\/\/www.wallendorff.com\/belogue\/2014\/04\/08\/nirvana-in-utero\/","url_meta":{"origin":730,"position":5},"title":"Nirvana &ndash; In Utero","author":"dpc","date":"8 avril 2014","format":false,"excerpt":"#30 Label\u00a0: Geffen Sortie\u00a0: 13 septembre 1993 Producteur\u00a0: Steve Albini Teenage angst has paid off well, now I\u2019m bored and old. J\u2019ai r\u00eav\u00e9 cette nuit que j\u2019\u00e9tais en soir\u00e9e en Suisse avec Krist Novoselic. Tout le monde parlait de l\u2019anniversaire de la mort de Cobain et moi, je pensais qu\u2019en\u2026","rel":"","context":"Dans &quot;Autodiscobiographie&quot;","block_context":{"text":"Autodiscobiographie","link":"https:\/\/www.wallendorff.com\/belogue\/category\/autodiscobiographie\/"},"img":{"alt_text":"","src":"https:\/\/i0.wp.com\/www.wallendorff.com\/belogue\/wp-content\/uploads\/2015\/04\/019b1.jpg?resize=350%2C200&ssl=1","width":350,"height":200,"srcset":"https:\/\/i0.wp.com\/www.wallendorff.com\/belogue\/wp-content\/uploads\/2015\/04\/019b1.jpg?resize=350%2C200&ssl=1 1x, https:\/\/i0.wp.com\/www.wallendorff.com\/belogue\/wp-content\/uploads\/2015\/04\/019b1.jpg?resize=525%2C300&ssl=1 1.5x, https:\/\/i0.wp.com\/www.wallendorff.com\/belogue\/wp-content\/uploads\/2015\/04\/019b1.jpg?resize=700%2C400&ssl=1 2x"},"classes":[]}],"_links":{"self":[{"href":"https:\/\/www.wallendorff.com\/belogue\/wp-json\/wp\/v2\/posts\/730","targetHints":{"allow":["GET"]}}],"collection":[{"href":"https:\/\/www.wallendorff.com\/belogue\/wp-json\/wp\/v2\/posts"}],"about":[{"href":"https:\/\/www.wallendorff.com\/belogue\/wp-json\/wp\/v2\/types\/post"}],"author":[{"embeddable":true,"href":"https:\/\/www.wallendorff.com\/belogue\/wp-json\/wp\/v2\/users\/1"}],"replies":[{"embeddable":true,"href":"https:\/\/www.wallendorff.com\/belogue\/wp-json\/wp\/v2\/comments?post=730"}],"version-history":[{"count":1,"href":"https:\/\/www.wallendorff.com\/belogue\/wp-json\/wp\/v2\/posts\/730\/revisions"}],"predecessor-version":[{"id":18156,"href":"https:\/\/www.wallendorff.com\/belogue\/wp-json\/wp\/v2\/posts\/730\/revisions\/18156"}],"wp:featuredmedia":[{"embeddable":true,"href":"https:\/\/www.wallendorff.com\/belogue\/wp-json\/wp\/v2\/media\/24673"}],"wp:attachment":[{"href":"https:\/\/www.wallendorff.com\/belogue\/wp-json\/wp\/v2\/media?parent=730"}],"wp:term":[{"taxonomy":"category","embeddable":true,"href":"https:\/\/www.wallendorff.com\/belogue\/wp-json\/wp\/v2\/categories?post=730"},{"taxonomy":"post_tag","embeddable":true,"href":"https:\/\/www.wallendorff.com\/belogue\/wp-json\/wp\/v2\/tags?post=730"}],"curies":[{"name":"wp","href":"https:\/\/api.w.org\/{rel}","templated":true}]}}