{"id":728,"date":"2004-07-19T21:51:26","date_gmt":"2004-07-19T21:51:26","guid":{"rendered":"http:\/\/www.po-l.com\/wordpress\/?p=728"},"modified":"2012-07-12T16:26:58","modified_gmt":"2012-07-12T14:26:58","slug":"l-autocollant-du-jour","status":"publish","type":"post","link":"https:\/\/www.wallendorff.com\/belogue\/2004\/07\/19\/l-autocollant-du-jour\/","title":{"rendered":"L&rsquo;autocollant du jour."},"content":{"rendered":"\n<div id=\"photo\">\n<p><img decoding=\"async\" src=\"https:\/\/www.wallendorff.com\/belogue\/photo\/2004\/07\/29.jpg\" \/><\/p>\n<\/p><\/div>\n<p style=\"text-align:right\">Les \u00e9lections approchent, les autocollants rigolos fleurissent.<\/p>\n<div id=\"bandeson\">\n<p><img decoding=\"async\" src=\"https:\/\/www.wallendorff.com\/belogue\/photo\/pochettes\/blank.jpg\" align=\"left\" \/>&nbsp;<a href=\"http:\/\/www.tarmacmusiconline.com\/\">Tarmac<\/a> &ndash; <em>In&ugrave;til<\/em> (live)<\/p>\n<\/p><\/div>\n","protected":false},"excerpt":{"rendered":"<p>Les \u00e9lections approchent, les autocollants rigolos fleurissent. &nbsp;Tarmac &ndash; In&ugrave;til (live)<\/p>\n","protected":false},"author":1,"featured_media":24671,"comment_status":"open","ping_status":"open","sticky":false,"template":"","format":"standard","meta":{"_acf_changed":false,"ngg_post_thumbnail":0,"jetpack_post_was_ever_published":false,"_jetpack_newsletter_access":"","_jetpack_dont_email_post_to_subs":false,"_jetpack_newsletter_tier_id":0,"_jetpack_memberships_contains_paywalled_content":false,"_jetpack_memberships_contains_paid_content":false,"footnotes":"","jetpack_publicize_message":"","jetpack_publicize_feature_enabled":true,"jetpack_social_post_already_shared":false,"jetpack_social_options":{"image_generator_settings":{"template":"highway","default_image_id":0,"font":"","enabled":false},"version":2}},"categories":[3],"tags":[148,62,10107,55,112,319,54,318,10171],"class_list":["post-728","post","type-post","status-publish","format-standard","has-post-thumbnail","hentry","category-dpc","tag-a80","tag-ann-arbor","tag-autocollant","tag-etats-unis","tag-george-bush","tag-inutil","tag-michigan","tag-tarmac","tag-voiture"],"acf":[],"geo":{"latitude":42.2788887,"longitude":-83.7489319,"description":null},"jetpack_publicize_connections":[],"jetpack_featured_media_url":"https:\/\/www.wallendorff.com\/belogue\/wp-content\/uploads\/2015\/04\/295.jpg","jetpack_shortlink":"https:\/\/wp.me\/p3b35P-bK","jetpack_sharing_enabled":true,"jetpack-related-posts":[{"id":50323,"url":"https:\/\/www.wallendorff.com\/belogue\/2021\/12\/20\/cdf-2e\/","url_meta":{"origin":728,"position":0},"title":"CDG 2E.","author":"dpc","date":"20 d\u00e9cembre 2021","format":false,"excerpt":"Reportage pour R\u00c9A sur le tarmac de l'a\u00e9roport avec les \u00e9quipes techniques. Merci \u00e0 Air France pour son accueil.","rel":"","context":"Dans &quot;DPC&quot;","block_context":{"text":"DPC","link":"https:\/\/www.wallendorff.com\/belogue\/category\/dpc\/"},"img":{"alt_text":"","src":"https:\/\/i0.wp.com\/www.wallendorff.com\/belogue\/wp-content\/uploads\/2021\/12\/20211220-25.jpg?resize=350%2C200&ssl=1","width":350,"height":200,"srcset":"https:\/\/i0.wp.com\/www.wallendorff.com\/belogue\/wp-content\/uploads\/2021\/12\/20211220-25.jpg?resize=350%2C200&ssl=1 1x, https:\/\/i0.wp.com\/www.wallendorff.com\/belogue\/wp-content\/uploads\/2021\/12\/20211220-25.jpg?resize=525%2C300&ssl=1 1.5x, https:\/\/i0.wp.com\/www.wallendorff.com\/belogue\/wp-content\/uploads\/2021\/12\/20211220-25.jpg?resize=700%2C400&ssl=1 2x, https:\/\/i0.wp.com\/www.wallendorff.com\/belogue\/wp-content\/uploads\/2021\/12\/20211220-25.jpg?resize=1050%2C600&ssl=1 3x"},"classes":[]},{"id":30651,"url":"https:\/\/www.wallendorff.com\/belogue\/2016\/03\/31\/mars-2016\/","url_meta":{"origin":728,"position":1},"title":"Mars 2016.","author":"dpc","date":"31 mars 2016","format":false,"excerpt":"Un concert, une soir\u00e9e \u00ab\u00a0vin et litt\u00e9rature sanitaire\u00a0\u00bb, un week-end enneig\u00e9, un concert, un Alhambra \u00e0 l'envers, une coulisse, un concert, une place vide, des chaises, des cadres, un grand nid, un d\u00e9m\u00e9nagement, une vue imprenable, un anniversaire, un num\u00e9ro, une fen\u00eatre, un spectacle, un vernissage, un concert, un train,\u2026","rel":"","context":"Dans &quot;Blog-note&quot;","block_context":{"text":"Blog-note","link":"https:\/\/www.wallendorff.com\/belogue\/category\/blog-note\/"},"img":{"alt_text":"","src":"https:\/\/i0.wp.com\/www.wallendorff.com\/belogue\/wp-content\/uploads\/2016\/04\/20160417-67.jpg?resize=350%2C200&ssl=1","width":350,"height":200,"srcset":"https:\/\/i0.wp.com\/www.wallendorff.com\/belogue\/wp-content\/uploads\/2016\/04\/20160417-67.jpg?resize=350%2C200&ssl=1 1x, https:\/\/i0.wp.com\/www.wallendorff.com\/belogue\/wp-content\/uploads\/2016\/04\/20160417-67.jpg?resize=525%2C300&ssl=1 1.5x, https:\/\/i0.wp.com\/www.wallendorff.com\/belogue\/wp-content\/uploads\/2016\/04\/20160417-67.jpg?resize=700%2C400&ssl=1 2x"},"classes":[]},{"id":134820,"url":"https:\/\/www.wallendorff.com\/belogue\/2025\/11\/30\/novembre-2025\/","url_meta":{"origin":728,"position":2},"title":"Novembre 2025.","author":"dpc","date":"30 novembre 2025","format":false,"excerpt":"Des miroirs qui bougent, une sieste, un t\u00e9l\u00e9phone, une vitrine, un ap\u00e9ro, un num\u00e9ro, un parquet neuf, une tour de contr\u00f4le, un tapis roulant, un embarquement, des avions, une lampe torche, des ombres, un jardin de No\u00ebl, des travaux, un avion, un d\u00e9chargement, un anniversaire, une pizza, un reflet, un\u2026","rel":"","context":"Dans &quot;Blog-note&quot;","block_context":{"text":"Blog-note","link":"https:\/\/www.wallendorff.com\/belogue\/category\/blog-note\/"},"img":{"alt_text":"","src":"https:\/\/i0.wp.com\/www.wallendorff.com\/belogue\/wp-content\/uploads\/2025\/12\/20251219-41.jpg?resize=350%2C200&ssl=1","width":350,"height":200,"srcset":"https:\/\/i0.wp.com\/www.wallendorff.com\/belogue\/wp-content\/uploads\/2025\/12\/20251219-41.jpg?resize=350%2C200&ssl=1 1x, https:\/\/i0.wp.com\/www.wallendorff.com\/belogue\/wp-content\/uploads\/2025\/12\/20251219-41.jpg?resize=525%2C300&ssl=1 1.5x, https:\/\/i0.wp.com\/www.wallendorff.com\/belogue\/wp-content\/uploads\/2025\/12\/20251219-41.jpg?resize=700%2C400&ssl=1 2x, https:\/\/i0.wp.com\/www.wallendorff.com\/belogue\/wp-content\/uploads\/2025\/12\/20251219-41.jpg?resize=1050%2C600&ssl=1 3x"},"classes":[]},{"id":29242,"url":"https:\/\/www.wallendorff.com\/belogue\/2015\/09\/23\/1001-bruits-le-compte-des\/","url_meta":{"origin":728,"position":3},"title":"1&nbsp;001 bruits (le compte des).","author":"dpc","date":"23 septembre 2015","format":false,"excerpt":"Cobo Arena, D\u00e9troit, 1er d\u00e9cembre 20041. Hot Chip, dimanche 30 ao\u00fbt 2015 \u00e0 Rock en Seine, fut donc le 1\u00a0001e artiste que j'ai vu se produire sur sc\u00e8ne en 690 concerts et festivals ces 20 derni\u00e8res ann\u00e9es, ce qui fait une brouette de gens, quand on consid\u00e8re que le terme\u2026","rel":"","context":"Dans &quot;DPC&quot;","block_context":{"text":"DPC","link":"https:\/\/www.wallendorff.com\/belogue\/category\/dpc\/"},"img":{"alt_text":"","src":"https:\/\/i0.wp.com\/www.wallendorff.com\/belogue\/wp-content\/uploads\/2015\/09\/20070119.jpg?resize=350%2C200&ssl=1","width":350,"height":200,"srcset":"https:\/\/i0.wp.com\/www.wallendorff.com\/belogue\/wp-content\/uploads\/2015\/09\/20070119.jpg?resize=350%2C200&ssl=1 1x, https:\/\/i0.wp.com\/www.wallendorff.com\/belogue\/wp-content\/uploads\/2015\/09\/20070119.jpg?resize=525%2C300&ssl=1 1.5x, https:\/\/i0.wp.com\/www.wallendorff.com\/belogue\/wp-content\/uploads\/2015\/09\/20070119.jpg?resize=700%2C400&ssl=1 2x"},"classes":[]},{"id":51834,"url":"https:\/\/www.wallendorff.com\/belogue\/2022\/07\/03\/les-eurockeennes-2022-belfort-jour-3\/","url_meta":{"origin":728,"position":4},"title":"Les Eurock\u00e9ennes 2022, Belfort, jour 3.","author":"dpc","date":"3 juillet 2022","format":false,"excerpt":"Premi\u00e8re vraie journ\u00e9e aux Eurock\u00e9ennes depuis le 8 juillet 2019. Les Eurock\u00e9ennes, Belfort, 02\/07\/2022 Arka\u2019n Asrafokor @ les Eurock\u00e9ennes, Belfort, 02\/07\/2022 Arka\u2019n Asrafokor @ les Eurock\u00e9ennes, Belfort, 02\/07\/2022 Arka\u2019n Asrafokor @ les Eurock\u00e9ennes, Belfort, 02\/07\/2022 Arka\u2019n Asrafokor @ les Eurock\u00e9ennes, Belfort, 02\/07\/2022 Les Eurock\u00e9ennes, Belfort, 02\/07\/2022 Arka\u2019n Asrafokor @ les\u2026","rel":"","context":"Dans &quot;Alive&quot;","block_context":{"text":"Alive","link":"https:\/\/www.wallendorff.com\/belogue\/category\/alive\/"},"img":{"alt_text":"","src":"https:\/\/i0.wp.com\/www.wallendorff.com\/belogue\/wp-content\/uploads\/2022\/07\/20220702-43.jpg?resize=350%2C200&ssl=1","width":350,"height":200,"srcset":"https:\/\/i0.wp.com\/www.wallendorff.com\/belogue\/wp-content\/uploads\/2022\/07\/20220702-43.jpg?resize=350%2C200&ssl=1 1x, https:\/\/i0.wp.com\/www.wallendorff.com\/belogue\/wp-content\/uploads\/2022\/07\/20220702-43.jpg?resize=525%2C300&ssl=1 1.5x, https:\/\/i0.wp.com\/www.wallendorff.com\/belogue\/wp-content\/uploads\/2022\/07\/20220702-43.jpg?resize=700%2C400&ssl=1 2x, https:\/\/i0.wp.com\/www.wallendorff.com\/belogue\/wp-content\/uploads\/2022\/07\/20220702-43.jpg?resize=1050%2C600&ssl=1 3x"},"classes":[]},{"id":128953,"url":"https:\/\/www.wallendorff.com\/belogue\/2024\/07\/05\/les-eurockeennes-2024-belfort-jour-1\/","url_meta":{"origin":728,"position":5},"title":"Les Eurock\u00e9ennes 2024, Belfort, jour 1.","author":"dpc","date":"5 juillet 2024","format":false,"excerpt":"Les Eurock\u00e9ennes, Belfort, 04\/07\/2024 Oumou Sangar\u00e9 @ les Eurock\u00e9ennes, Belfort, 04\/07\/2024 Les Eurock\u00e9ennes, Belfort, 04\/07\/2024 Oumou Sangar\u00e9 @ les Eurock\u00e9ennes, Belfort, 04\/07\/2024 Les Eurock\u00e9ennes, Belfort, 04\/07\/2024 Oumou Sangar\u00e9 @ les Eurock\u00e9ennes, Belfort, 04\/07\/2024 Les Eurock\u00e9ennes, Belfort, 04\/07\/2024 Oumou Sangar\u00e9 @ les Eurock\u00e9ennes, Belfort, 04\/07\/2024 Oumou Sangar\u00e9 @ les Eurock\u00e9ennes, Belfort,\u2026","rel":"","context":"Dans &quot;Alive&quot;","block_context":{"text":"Alive","link":"https:\/\/www.wallendorff.com\/belogue\/category\/alive\/"},"img":{"alt_text":"","src":"https:\/\/i0.wp.com\/www.wallendorff.com\/belogue\/wp-content\/uploads\/2024\/07\/20240705-32.jpg?resize=350%2C200&ssl=1","width":350,"height":200,"srcset":"https:\/\/i0.wp.com\/www.wallendorff.com\/belogue\/wp-content\/uploads\/2024\/07\/20240705-32.jpg?resize=350%2C200&ssl=1 1x, https:\/\/i0.wp.com\/www.wallendorff.com\/belogue\/wp-content\/uploads\/2024\/07\/20240705-32.jpg?resize=525%2C300&ssl=1 1.5x, https:\/\/i0.wp.com\/www.wallendorff.com\/belogue\/wp-content\/uploads\/2024\/07\/20240705-32.jpg?resize=700%2C400&ssl=1 2x, https:\/\/i0.wp.com\/www.wallendorff.com\/belogue\/wp-content\/uploads\/2024\/07\/20240705-32.jpg?resize=1050%2C600&ssl=1 3x"},"classes":[]}],"_links":{"self":[{"href":"https:\/\/www.wallendorff.com\/belogue\/wp-json\/wp\/v2\/posts\/728","targetHints":{"allow":["GET"]}}],"collection":[{"href":"https:\/\/www.wallendorff.com\/belogue\/wp-json\/wp\/v2\/posts"}],"about":[{"href":"https:\/\/www.wallendorff.com\/belogue\/wp-json\/wp\/v2\/types\/post"}],"author":[{"embeddable":true,"href":"https:\/\/www.wallendorff.com\/belogue\/wp-json\/wp\/v2\/users\/1"}],"replies":[{"embeddable":true,"href":"https:\/\/www.wallendorff.com\/belogue\/wp-json\/wp\/v2\/comments?post=728"}],"version-history":[{"count":1,"href":"https:\/\/www.wallendorff.com\/belogue\/wp-json\/wp\/v2\/posts\/728\/revisions"}],"predecessor-version":[{"id":18189,"href":"https:\/\/www.wallendorff.com\/belogue\/wp-json\/wp\/v2\/posts\/728\/revisions\/18189"}],"wp:featuredmedia":[{"embeddable":true,"href":"https:\/\/www.wallendorff.com\/belogue\/wp-json\/wp\/v2\/media\/24671"}],"wp:attachment":[{"href":"https:\/\/www.wallendorff.com\/belogue\/wp-json\/wp\/v2\/media?parent=728"}],"wp:term":[{"taxonomy":"category","embeddable":true,"href":"https:\/\/www.wallendorff.com\/belogue\/wp-json\/wp\/v2\/categories?post=728"},{"taxonomy":"post_tag","embeddable":true,"href":"https:\/\/www.wallendorff.com\/belogue\/wp-json\/wp\/v2\/tags?post=728"}],"curies":[{"name":"wp","href":"https:\/\/api.w.org\/{rel}","templated":true}]}}