{"id":722,"date":"2004-07-25T05:43:55","date_gmt":"2004-07-25T05:43:55","guid":{"rendered":"http:\/\/www.po-l.com\/wordpress\/?p=722"},"modified":"2012-07-19T12:34:56","modified_gmt":"2012-07-19T10:34:56","slug":"projekt-revolution-columbus-ohio","status":"publish","type":"post","link":"https:\/\/www.wallendorff.com\/belogue\/2004\/07\/25\/projekt-revolution-columbus-ohio\/","title":{"rendered":"Projekt Revolution, Columbus, Ohio."},"content":{"rendered":"\n<div id=\"photo\">\n<p><img decoding=\"async\" src=\"https:\/\/www.wallendorff.com\/belogue\/photo\/2004\/07\/41.jpg\" \/><\/p>\n<\/div>\n<p style=\"text-align:right\">Promis, je vous raconte plus tard.<\/p>\n<div id=\"bandeson\">\n<p><img decoding=\"async\" src=\"https:\/\/www.wallendorff.com\/belogue\/photo\/pochettes\/l\/linkin_park-meteora.jpg\" align=\"left\" \/>&nbsp;<a href=\"http:\/\/www.linkinpark.com\/\">Linkin Park<\/a> &ndash; <em>Faint<\/em><\/p>\n<\/p><\/div>\n","protected":false},"excerpt":{"rendered":"<p>Promis, je vous raconte plus tard. &nbsp;Linkin Park &ndash; Faint<\/p>\n","protected":false},"author":1,"featured_media":24665,"comment_status":"open","ping_status":"open","sticky":false,"template":"","format":"standard","meta":{"_acf_changed":false,"ngg_post_thumbnail":0,"jetpack_post_was_ever_published":false,"_jetpack_newsletter_access":"","_jetpack_dont_email_post_to_subs":false,"_jetpack_newsletter_tier_id":0,"_jetpack_memberships_contains_paywalled_content":false,"_jetpack_memberships_contains_paid_content":false,"footnotes":"","jetpack_publicize_message":"","jetpack_publicize_feature_enabled":true,"jetpack_social_post_already_shared":false,"jetpack_social_options":{"image_generator_settings":{"template":"highway","default_image_id":0,"font":"","enabled":false},"version":2}},"categories":[7],"tags":[42,148,10084,230,55,227,229,10146,231,228],"class_list":["post-722","post","type-post","status-publish","format-standard","has-post-thumbnail","hentry","category-alive","tag-42","tag-a80","tag-alive","tag-columbus","tag-etats-unis","tag-faint","tag-germain-amphitheatre","tag-linkin-park","tag-ohio","tag-projekt-revolution"],"acf":[],"geo":{"latitude":40.1488991,"longitude":-82.9583893,"description":"Germain Amphitheater, Columbus, OH 43035, USA"},"jetpack_publicize_connections":[],"jetpack_featured_media_url":"https:\/\/www.wallendorff.com\/belogue\/wp-content\/uploads\/2015\/04\/419.jpg","jetpack_shortlink":"https:\/\/wp.me\/p3b35P-bE","jetpack_sharing_enabled":true,"jetpack-related-posts":[{"id":720,"url":"https:\/\/www.wallendorff.com\/belogue\/2004\/07\/27\/projekt-revolution-columbus-24-juillet-2004\/","url_meta":{"origin":722,"position":0},"title":"Projekt Revolution, Columbus, 24 juillet 2004.","author":"dpc","date":"27 juillet 2004","format":false,"excerpt":"Less Than Jake \u00e9taient excellents, ces mecs-l\u00e0 se prennent pas au s\u00e9rieux une seconde. Pas beaucoup de monde pour les voir, c'est con. Funeral for a Friend \u00e9tait OK, sans plus. J'ai surtout \u00e9t\u00e9 \u00e9pat\u00e9 par le batteur, qui hurle dans son micro en m\u00eame temps qu'il joue. Un peu\u2026","rel":"","context":"Dans &quot;Alive&quot;","block_context":{"text":"Alive","link":"https:\/\/www.wallendorff.com\/belogue\/category\/alive\/"},"img":{"alt_text":"","src":"https:\/\/i0.wp.com\/www.wallendorff.com\/belogue\/wp-content\/uploads\/2015\/04\/436.jpg?resize=350%2C200&ssl=1","width":350,"height":200},"classes":[]},{"id":9710,"url":"https:\/\/www.wallendorff.com\/belogue\/2010\/10\/26\/linkin-park-pop-bercy-paris\/","url_meta":{"origin":722,"position":1},"title":"Linkin Park @ Palais omnisports de Paris-Bercy.","author":"dpc","date":"26 octobre 2010","format":false,"excerpt":"The Requiem | Wretches and Kings | Papercut | Given Up | New Divide | Faint | Empty Spaces | When They Come for Me | No More Sorrow | Jornada del Muerto | Waiting for the End | Wisdom, Justice, and Love | Iridescent | Numb | The Radiance\u2026","rel":"","context":"Dans &quot;Alive&quot;","block_context":{"text":"Alive","link":"https:\/\/www.wallendorff.com\/belogue\/category\/alive\/"},"img":{"alt_text":"","src":"https:\/\/i0.wp.com\/www.wallendorff.com\/belogue\/wp-content\/uploads\/2015\/04\/201010261.jpg?resize=350%2C200&ssl=1","width":350,"height":200,"srcset":"https:\/\/i0.wp.com\/www.wallendorff.com\/belogue\/wp-content\/uploads\/2015\/04\/201010261.jpg?resize=350%2C200&ssl=1 1x, https:\/\/i0.wp.com\/www.wallendorff.com\/belogue\/wp-content\/uploads\/2015\/04\/201010261.jpg?resize=525%2C300&ssl=1 1.5x, https:\/\/i0.wp.com\/www.wallendorff.com\/belogue\/wp-content\/uploads\/2015\/04\/201010261.jpg?resize=700%2C400&ssl=1 2x"},"classes":[]},{"id":1203,"url":"https:\/\/www.wallendorff.com\/belogue\/2008\/04\/11\/linkin-park-vegastar-le-galaxie-amnville-17-janvier\/","url_meta":{"origin":722,"position":2},"title":"Linkin Park + Vegastar @ le Galaxie, Amn\u00e9ville, 17 janvier.","author":"dpc","date":"11 avril 2008","format":false,"excerpt":"Mouarf. \u00a0The Black Keys \u2013 Remember When (side B) Vegastar Linkin Park","rel":"","context":"Dans &quot;Alive&quot;","block_context":{"text":"Alive","link":"https:\/\/www.wallendorff.com\/belogue\/category\/alive\/"},"img":{"alt_text":"","src":"https:\/\/i0.wp.com\/www.wallendorff.com\/belogue\/wp-content\/uploads\/2015\/04\/200804111.jpg?resize=350%2C200&ssl=1","width":350,"height":200,"srcset":"https:\/\/i0.wp.com\/www.wallendorff.com\/belogue\/wp-content\/uploads\/2015\/04\/200804111.jpg?resize=350%2C200&ssl=1 1x, https:\/\/i0.wp.com\/www.wallendorff.com\/belogue\/wp-content\/uploads\/2015\/04\/200804111.jpg?resize=525%2C300&ssl=1 1.5x, https:\/\/i0.wp.com\/www.wallendorff.com\/belogue\/wp-content\/uploads\/2015\/04\/200804111.jpg?resize=700%2C400&ssl=1 2x"},"classes":[]},{"id":23559,"url":"https:\/\/www.wallendorff.com\/belogue\/2014\/11\/17\/linkin-park-bercy-arena-paris\/","url_meta":{"origin":722,"position":3},"title":"Linkin Park @ Bercy Ar\u00e9na, Paris.","author":"dpc","date":"17 novembre 2014","format":false,"excerpt":"\u00a0","rel":"","context":"Dans &quot;Alive&quot;","block_context":{"text":"Alive","link":"https:\/\/www.wallendorff.com\/belogue\/category\/alive\/"},"img":{"alt_text":"","src":"https:\/\/i0.wp.com\/www.wallendorff.com\/belogue\/wp-content\/uploads\/2015\/04\/201411171.jpg?resize=350%2C200&ssl=1","width":350,"height":200,"srcset":"https:\/\/i0.wp.com\/www.wallendorff.com\/belogue\/wp-content\/uploads\/2015\/04\/201411171.jpg?resize=350%2C200&ssl=1 1x, https:\/\/i0.wp.com\/www.wallendorff.com\/belogue\/wp-content\/uploads\/2015\/04\/201411171.jpg?resize=525%2C300&ssl=1 1.5x, https:\/\/i0.wp.com\/www.wallendorff.com\/belogue\/wp-content\/uploads\/2015\/04\/201411171.jpg?resize=700%2C400&ssl=1 2x"},"classes":[]},{"id":1142,"url":"https:\/\/www.wallendorff.com\/belogue\/2008\/01\/19\/linkin-park-le-galaxie-amnville-17-janvier\/","url_meta":{"origin":722,"position":4},"title":"Linkin Park @ le Galaxie, Amn\u00e9ville, 17 janvier.","author":"dpc","date":"19 janvier 2008","format":false,"excerpt":"Je sais que c'est mal, mais je n'y peux rien. Les concerts de Linkin Park, j'aime \u00e7a. \u00a0Foo Fighters \u2013 Long Road to Ruin","rel":"","context":"Dans &quot;Alive&quot;","block_context":{"text":"Alive","link":"https:\/\/www.wallendorff.com\/belogue\/category\/alive\/"},"img":{"alt_text":"","src":"https:\/\/i0.wp.com\/www.wallendorff.com\/belogue\/wp-content\/uploads\/2015\/04\/200801191.jpg?resize=350%2C200&ssl=1","width":350,"height":200,"srcset":"https:\/\/i0.wp.com\/www.wallendorff.com\/belogue\/wp-content\/uploads\/2015\/04\/200801191.jpg?resize=350%2C200&ssl=1 1x, https:\/\/i0.wp.com\/www.wallendorff.com\/belogue\/wp-content\/uploads\/2015\/04\/200801191.jpg?resize=525%2C300&ssl=1 1.5x, https:\/\/i0.wp.com\/www.wallendorff.com\/belogue\/wp-content\/uploads\/2015\/04\/200801191.jpg?resize=700%2C400&ssl=1 2x"},"classes":[]},{"id":965,"url":"https:\/\/www.wallendorff.com\/belogue\/2007\/05\/31\/199linkin-park-pop-bercy-paris\/","url_meta":{"origin":722,"position":5},"title":"[199] &#8211; Linkin Park @ Palais omnisports de Paris-Bercy.","author":"dpc","date":"31 mai 2007","format":false,"excerpt":"Pour une fois que l'\u00e9toile rouge est d\u00e9j\u00e0 sur la photo, autant en profiter, hein. \u00a0The White Stripes \u2013 Who's to Say (Blanche cover)1 _____ 1 Puisqu'Icky Thump n'en finit pas de ne pas fuir sur Internet, \u00e0 3 semaines \u00e0 peine de la sortie de l'album (ce qui constitue\u2026","rel":"","context":"Dans &quot;Alive&quot;","block_context":{"text":"Alive","link":"https:\/\/www.wallendorff.com\/belogue\/category\/alive\/"},"img":{"alt_text":"","src":"https:\/\/i0.wp.com\/www.wallendorff.com\/belogue\/wp-content\/uploads\/2015\/04\/200705311.jpg?resize=350%2C200&ssl=1","width":350,"height":200,"srcset":"https:\/\/i0.wp.com\/www.wallendorff.com\/belogue\/wp-content\/uploads\/2015\/04\/200705311.jpg?resize=350%2C200&ssl=1 1x, https:\/\/i0.wp.com\/www.wallendorff.com\/belogue\/wp-content\/uploads\/2015\/04\/200705311.jpg?resize=525%2C300&ssl=1 1.5x, https:\/\/i0.wp.com\/www.wallendorff.com\/belogue\/wp-content\/uploads\/2015\/04\/200705311.jpg?resize=700%2C400&ssl=1 2x"},"classes":[]}],"_links":{"self":[{"href":"https:\/\/www.wallendorff.com\/belogue\/wp-json\/wp\/v2\/posts\/722","targetHints":{"allow":["GET"]}}],"collection":[{"href":"https:\/\/www.wallendorff.com\/belogue\/wp-json\/wp\/v2\/posts"}],"about":[{"href":"https:\/\/www.wallendorff.com\/belogue\/wp-json\/wp\/v2\/types\/post"}],"author":[{"embeddable":true,"href":"https:\/\/www.wallendorff.com\/belogue\/wp-json\/wp\/v2\/users\/1"}],"replies":[{"embeddable":true,"href":"https:\/\/www.wallendorff.com\/belogue\/wp-json\/wp\/v2\/comments?post=722"}],"version-history":[{"count":3,"href":"https:\/\/www.wallendorff.com\/belogue\/wp-json\/wp\/v2\/posts\/722\/revisions"}],"predecessor-version":[{"id":18271,"href":"https:\/\/www.wallendorff.com\/belogue\/wp-json\/wp\/v2\/posts\/722\/revisions\/18271"}],"wp:featuredmedia":[{"embeddable":true,"href":"https:\/\/www.wallendorff.com\/belogue\/wp-json\/wp\/v2\/media\/24665"}],"wp:attachment":[{"href":"https:\/\/www.wallendorff.com\/belogue\/wp-json\/wp\/v2\/media?parent=722"}],"wp:term":[{"taxonomy":"category","embeddable":true,"href":"https:\/\/www.wallendorff.com\/belogue\/wp-json\/wp\/v2\/categories?post=722"},{"taxonomy":"post_tag","embeddable":true,"href":"https:\/\/www.wallendorff.com\/belogue\/wp-json\/wp\/v2\/tags?post=722"}],"curies":[{"name":"wp","href":"https:\/\/api.w.org\/{rel}","templated":true}]}}