{"id":7208,"date":"2010-03-16T08:54:07","date_gmt":"2010-03-16T07:54:07","guid":{"rendered":"http:\/\/www.po-l.com\/belogue\/?p=7208"},"modified":"2014-09-23T16:15:18","modified_gmt":"2014-09-23T14:15:18","slug":"the-john-butler-trio-la-boule-noire-paris","status":"publish","type":"post","link":"https:\/\/www.wallendorff.com\/belogue\/2010\/03\/16\/the-john-butler-trio-la-boule-noire-paris\/","title":{"rendered":"The John Butler Trio @ la Boule Noire, Paris."},"content":{"rendered":"\n<div id=\"photo\">\n<p><img decoding=\"async\" src=\"https:\/\/www.wallendorff.com\/belogue\/photo\/2010\/03\/20100316.jpg\" \/><\/p>\n<\/p><\/div>\n<p style=\"text-align:right\">Tout &ccedil;a pour dire que si le John Butler et ses deux potes avaient repris <em>Close to Me<\/em>, leur version n&rsquo;aurait pas sonn&eacute; comme &ccedil;a.<\/p>\n<div id=\"bandeson\">\n<p><img decoding=\"async\" src=\"https:\/\/www.wallendorff.com\/belogue\/photo\/pochettes\/blank.jpg\" align=\"left\" \/>&nbsp;<a href=\"http:\/\/www.myspace.com\/whyanticon\">WHY?<\/a> &ndash; <em>Close to Me<\/em> (The Cure cover)<\/p>\n<\/p><\/div>ngg_shortcode_0_placeholder","protected":false},"excerpt":{"rendered":"<p>Tout &ccedil;a pour dire que si le John Butler et ses deux potes avaient repris Close to Me, leur version n&rsquo;aurait pas sonn&eacute; comme &ccedil;a. &nbsp;WHY? &ndash; Close to Me (The Cure cover)<\/p>\n","protected":false},"author":1,"featured_media":25711,"comment_status":"open","ping_status":"open","sticky":false,"template":"","format":"standard","meta":{"_acf_changed":false,"ngg_post_thumbnail":0,"jetpack_post_was_ever_published":false,"_jetpack_newsletter_access":"","_jetpack_dont_email_post_to_subs":false,"_jetpack_newsletter_tier_id":0,"_jetpack_memberships_contains_paywalled_content":false,"_jetpack_memberships_contains_paid_content":false,"footnotes":"","jetpack_publicize_message":"","jetpack_publicize_feature_enabled":true,"jetpack_social_post_already_shared":false,"jetpack_social_options":{"image_generator_settings":{"template":"highway","default_image_id":0,"font":"","enabled":false},"version":2}},"categories":[7],"tags":[10654,10143,10084,4516,196,1438,2615,2595,10120,10121,12123,10273,143,10098,139,3608],"class_list":["post-7208","post","type-post","status-publish","format-standard","has-post-thumbnail","hentry","category-alive","tag-10654","tag-10143","tag-alive","tag-boulevard-rochechouart","tag-ef-28-70-mm-f28l-usm","tag-ef-50-mm-f14-usm","tag-eos-5d-mark-ii","tag-close-to-me","tag-france","tag-ile-de-france","tag-john-butler-trio","tag-la-boule-noire","tag-noir-et-blanc","tag-paris","tag-the-cure","tag-why"],"acf":[],"geo":{"latitude":48.8823128,"longitude":2.3403132,"description":null},"jetpack_publicize_connections":[],"jetpack_featured_media_url":"https:\/\/www.wallendorff.com\/belogue\/wp-content\/uploads\/2015\/04\/201003161.jpg","jetpack_shortlink":"https:\/\/wp.me\/p3b35P-1Sg","jetpack_sharing_enabled":true,"jetpack-related-posts":[{"id":1864,"url":"https:\/\/www.wallendorff.com\/belogue\/2008\/08\/13\/the-subways-la-boule-noire-paris-22-avril\/","url_meta":{"origin":7208,"position":0},"title":"The Subways @ la Boule Noire, Paris, 22 avril.","author":"dpc","date":"13 ao\u00fbt 2008","format":false,"excerpt":"Nada Surf \u2013 Everyone's On Tour","rel":"","context":"Dans &quot;Alive&quot;","block_context":{"text":"Alive","link":"https:\/\/www.wallendorff.com\/belogue\/category\/alive\/"},"img":{"alt_text":"","src":"https:\/\/i0.wp.com\/www.wallendorff.com\/belogue\/wp-content\/uploads\/2015\/04\/200808131.jpg?resize=350%2C200&ssl=1","width":350,"height":200,"srcset":"https:\/\/i0.wp.com\/www.wallendorff.com\/belogue\/wp-content\/uploads\/2015\/04\/200808131.jpg?resize=350%2C200&ssl=1 1x, https:\/\/i0.wp.com\/www.wallendorff.com\/belogue\/wp-content\/uploads\/2015\/04\/200808131.jpg?resize=525%2C300&ssl=1 1.5x, https:\/\/i0.wp.com\/www.wallendorff.com\/belogue\/wp-content\/uploads\/2015\/04\/200808131.jpg?resize=700%2C400&ssl=1 2x"},"classes":[]},{"id":1257,"url":"https:\/\/www.wallendorff.com\/belogue\/2008\/06\/25\/daisybox-la-boule-noire-paris\/","url_meta":{"origin":7208,"position":1},"title":"Daisybox @ la Boule Noire, Paris.","author":"dpc","date":"25 juin 2008","format":false,"excerpt":"\u00a0Max\u00efmo Park \u2013 By the Monument","rel":"","context":"Dans &quot;Alive&quot;","block_context":{"text":"Alive","link":"https:\/\/www.wallendorff.com\/belogue\/category\/alive\/"},"img":{"alt_text":"","src":"https:\/\/i0.wp.com\/www.wallendorff.com\/belogue\/wp-content\/uploads\/2015\/04\/200806251.jpg?resize=350%2C200&ssl=1","width":350,"height":200,"srcset":"https:\/\/i0.wp.com\/www.wallendorff.com\/belogue\/wp-content\/uploads\/2015\/04\/200806251.jpg?resize=350%2C200&ssl=1 1x, https:\/\/i0.wp.com\/www.wallendorff.com\/belogue\/wp-content\/uploads\/2015\/04\/200806251.jpg?resize=525%2C300&ssl=1 1.5x, https:\/\/i0.wp.com\/www.wallendorff.com\/belogue\/wp-content\/uploads\/2015\/04\/200806251.jpg?resize=700%2C400&ssl=1 2x"},"classes":[]},{"id":36191,"url":"https:\/\/www.wallendorff.com\/belogue\/2017\/10\/29\/slotface-mnnqns-la-boule-noire-paris\/","url_meta":{"origin":7208,"position":2},"title":"Sl\u00f8tface + MNNQNS @ la Boule Noire, Paris.","author":"dpc","date":"29 octobre 2017","format":false,"excerpt":"Magazine Sl\u00f8tface MNNQNS Sl\u00f8tface","rel":"","context":"Dans &quot;Alive&quot;","block_context":{"text":"Alive","link":"https:\/\/www.wallendorff.com\/belogue\/category\/alive\/"},"img":{"alt_text":"","src":"https:\/\/i0.wp.com\/www.wallendorff.com\/belogue\/wp-content\/uploads\/2017\/10\/20171028-11.jpg?resize=350%2C200&ssl=1","width":350,"height":200,"srcset":"https:\/\/i0.wp.com\/www.wallendorff.com\/belogue\/wp-content\/uploads\/2017\/10\/20171028-11.jpg?resize=350%2C200&ssl=1 1x, https:\/\/i0.wp.com\/www.wallendorff.com\/belogue\/wp-content\/uploads\/2017\/10\/20171028-11.jpg?resize=525%2C300&ssl=1 1.5x, https:\/\/i0.wp.com\/www.wallendorff.com\/belogue\/wp-content\/uploads\/2017\/10\/20171028-11.jpg?resize=700%2C400&ssl=1 2x"},"classes":[]},{"id":781,"url":"https:\/\/www.wallendorff.com\/belogue\/2006\/09\/06\/i-love-ufo-la-boule-noire-paris\/","url_meta":{"origin":7208,"position":3},"title":"I Love UFO @ la Boule Noire, Paris.","author":"dpc","date":"6 septembre 2006","format":false,"excerpt":"Les rock-stars, elles sont comme moi. Elle dorment pas assez la nuit. \u00a0The Lemonheads \u2013 No Backbones","rel":"","context":"Dans &quot;Alive&quot;","block_context":{"text":"Alive","link":"https:\/\/www.wallendorff.com\/belogue\/category\/alive\/"},"img":{"alt_text":"","src":"https:\/\/i0.wp.com\/www.wallendorff.com\/belogue\/wp-content\/uploads\/2015\/04\/200609061.jpg?resize=350%2C200&ssl=1","width":350,"height":200},"classes":[]},{"id":12833,"url":"https:\/\/www.wallendorff.com\/belogue\/2011\/06\/02\/pete-yorn-greenshape-la-boule-noire-paris\/","url_meta":{"origin":7208,"position":4},"title":"Pete Yorn + Greenshape @ la Boule Noire, Paris.","author":"dpc","date":"2 juin 2011","format":false,"excerpt":"Black | June | Panic (The Smiths) | Precious Stone | Life on a Chain | Sans Fear | For Nancy | Just Another | For Us | Relator | I Feel Good Again (Junior Kimbrough) | On Your Side | Velcro Shoes | Surfer Girl (The Beach Boys) \/\u2026","rel":"","context":"Dans &quot;Alive&quot;","block_context":{"text":"Alive","link":"https:\/\/www.wallendorff.com\/belogue\/category\/alive\/"},"img":{"alt_text":"","src":"https:\/\/i0.wp.com\/www.wallendorff.com\/belogue\/wp-content\/uploads\/2015\/04\/201106021.jpg?resize=350%2C200&ssl=1","width":350,"height":200,"srcset":"https:\/\/i0.wp.com\/www.wallendorff.com\/belogue\/wp-content\/uploads\/2015\/04\/201106021.jpg?resize=350%2C200&ssl=1 1x, https:\/\/i0.wp.com\/www.wallendorff.com\/belogue\/wp-content\/uploads\/2015\/04\/201106021.jpg?resize=525%2C300&ssl=1 1.5x, https:\/\/i0.wp.com\/www.wallendorff.com\/belogue\/wp-content\/uploads\/2015\/04\/201106021.jpg?resize=700%2C400&ssl=1 2x"},"classes":[]},{"id":807,"url":"https:\/\/www.wallendorff.com\/belogue\/2006\/10\/18\/the-datsuns-la-boule-noire-paris\/","url_meta":{"origin":7208,"position":5},"title":"The Datsuns @ la Boule Noire, Paris.","author":"dpc","date":"18 octobre 2006","format":false,"excerpt":"C'est sauvage, \u00e7a suinte dans tous les sens, \u00e7a joue tellement fort que \u00e7a fait p\u00e9ter le limiteur de d\u00e9cibel de la sono deux fois de suite. La salle est blind\u00e9e, on se croirait \u00eatre encore plus nombreux que la veille au soir dans la m\u00eame salle pour les Magic\u2026","rel":"","context":"Dans &quot;Alive&quot;","block_context":{"text":"Alive","link":"https:\/\/www.wallendorff.com\/belogue\/category\/alive\/"},"img":{"alt_text":"","src":"https:\/\/i0.wp.com\/www.wallendorff.com\/belogue\/wp-content\/uploads\/2015\/04\/200610181.jpg?resize=350%2C200&ssl=1","width":350,"height":200},"classes":[]}],"_links":{"self":[{"href":"https:\/\/www.wallendorff.com\/belogue\/wp-json\/wp\/v2\/posts\/7208","targetHints":{"allow":["GET"]}}],"collection":[{"href":"https:\/\/www.wallendorff.com\/belogue\/wp-json\/wp\/v2\/posts"}],"about":[{"href":"https:\/\/www.wallendorff.com\/belogue\/wp-json\/wp\/v2\/types\/post"}],"author":[{"embeddable":true,"href":"https:\/\/www.wallendorff.com\/belogue\/wp-json\/wp\/v2\/users\/1"}],"replies":[{"embeddable":true,"href":"https:\/\/www.wallendorff.com\/belogue\/wp-json\/wp\/v2\/comments?post=7208"}],"version-history":[{"count":4,"href":"https:\/\/www.wallendorff.com\/belogue\/wp-json\/wp\/v2\/posts\/7208\/revisions"}],"predecessor-version":[{"id":23380,"href":"https:\/\/www.wallendorff.com\/belogue\/wp-json\/wp\/v2\/posts\/7208\/revisions\/23380"}],"wp:featuredmedia":[{"embeddable":true,"href":"https:\/\/www.wallendorff.com\/belogue\/wp-json\/wp\/v2\/media\/25711"}],"wp:attachment":[{"href":"https:\/\/www.wallendorff.com\/belogue\/wp-json\/wp\/v2\/media?parent=7208"}],"wp:term":[{"taxonomy":"category","embeddable":true,"href":"https:\/\/www.wallendorff.com\/belogue\/wp-json\/wp\/v2\/categories?post=7208"},{"taxonomy":"post_tag","embeddable":true,"href":"https:\/\/www.wallendorff.com\/belogue\/wp-json\/wp\/v2\/tags?post=7208"}],"curies":[{"name":"wp","href":"https:\/\/api.w.org\/{rel}","templated":true}]}}