{"id":7206,"date":"2010-03-15T10:34:48","date_gmt":"2010-03-15T09:34:48","guid":{"rendered":"http:\/\/www.po-l.com\/belogue\/?p=7206"},"modified":"2018-05-23T08:15:56","modified_gmt":"2018-05-23T06:15:56","slug":"helice-in-wonderland","status":"publish","type":"post","link":"https:\/\/www.wallendorff.com\/belogue\/2010\/03\/15\/helice-in-wonderland\/","title":{"rendered":"H\u00e9lice [in wonderland]."},"content":{"rendered":"\n<div id=\"photo\">\n<p><img decoding=\"async\" src=\"https:\/\/www.wallendorff.com\/belogue\/photo\/2010\/03\/20100315.jpg\" \/><br \/>\nMus&eacute;e Carnavalet, Paris, 20 f&eacute;vrier.<\/p>\n<\/p><\/div>\n<p style=\"text-align:right\">[Faut que j&rsquo;arr&ecirc;te avec les escaliers vides]<br \/>\n      [Faut que j&rsquo;arr&ecirc;te avec les escaliers vides]<br \/>\n      [Faut que j&rsquo;arr&ecirc;te avec les escaliers vides]<\/p>\n<div id=\"bandeson\">\n<p><img decoding=\"async\" src=\"https:\/\/www.wallendorff.com\/belogue\/photo\/pochettes\/t\/ted_leo_and_the_pharmacists-the_brutalist_bricks.jpg\" align=\"left\" \/>&nbsp;<a href=\"http:\/\/www.tedleo.com\/\">Ted Leo and the Pharmacists<\/a> &ndash; <em>The Mighty Sparrow<\/em>        <\/p>\n<\/p><\/div>\n","protected":false},"excerpt":{"rendered":"<p>Mus&eacute;e Carnavalet, Paris, 20 f&eacute;vrier. [Faut que j&rsquo;arr&ecirc;te avec les escaliers vides] [Faut que j&rsquo;arr&ecirc;te avec les escaliers vides] [Faut que j&rsquo;arr&ecirc;te avec les escaliers vides] &nbsp;Ted Leo and the Pharmacists &ndash; The Mighty Sparrow<\/p>\n","protected":false},"author":1,"featured_media":25710,"comment_status":"open","ping_status":"open","sticky":false,"template":"","format":"standard","meta":{"_acf_changed":false,"ngg_post_thumbnail":0,"jetpack_post_was_ever_published":false,"_jetpack_newsletter_access":"","_jetpack_dont_email_post_to_subs":false,"_jetpack_newsletter_tier_id":0,"_jetpack_memberships_contains_paywalled_content":false,"_jetpack_memberships_contains_paid_content":false,"footnotes":"","jetpack_publicize_message":"","jetpack_publicize_feature_enabled":true,"jetpack_social_post_already_shared":false,"jetpack_social_options":{"image_generator_settings":{"template":"highway","default_image_id":0,"font":"","enabled":false},"version":2}},"categories":[3],"tags":[10336,2571,2615,10210,10120,10121,10232,10647,10098,3249,10638,11618,10674,10701,3601],"class_list":["post-7206","post","type-post","status-publish","format-standard","has-post-thumbnail","hentry","category-dpc","tag-10336","tag-ef-16-35-mm-f28l-ii-usm","tag-eos-5d-mark-ii","tag-escalier","tag-france","tag-ile-de-france","tag-musee","tag-musee-carnavalet","tag-paris","tag-plongee","tag-rampe","tag-rue-de-sevigne","tag-spirale","tag-ted-leo-and-the-pharmacists","tag-the-mighty-sparrow"],"acf":[],"geo":{"latitude":48.8572731,"longitude":2.3625526,"description":"16 Rue des Francs Bourgeois, 75004 Paris, France"},"jetpack_publicize_connections":[],"jetpack_featured_media_url":"https:\/\/www.wallendorff.com\/belogue\/wp-content\/uploads\/2015\/04\/201003151.jpg","jetpack_shortlink":"https:\/\/wp.me\/p3b35P-1Se","jetpack_sharing_enabled":true,"jetpack-related-posts":[{"id":9832,"url":"https:\/\/www.wallendorff.com\/belogue\/2010\/11\/23\/de-pire-en-spires\/","url_meta":{"origin":7206,"position":0},"title":"De pire [en spires].","author":"dpc","date":"23 novembre 2010","format":false,"excerpt":"H\u00f4tel de Beauvais, Paris, 18 septembre. [On avait dit et redit et reredit qu'il fallait que j'arr\u00eate avec les escaliers vides.] [On avait dit et redit et reredit qu'il fallait que j'arr\u00eate avec les escaliers vides.] [On avait dit et redit et reredit qu'il fallait que j'arr\u00eate avec les escaliers\u2026","rel":"","context":"Dans &quot;DPC&quot;","block_context":{"text":"DPC","link":"https:\/\/www.wallendorff.com\/belogue\/category\/dpc\/"},"img":{"alt_text":"","src":"https:\/\/i0.wp.com\/www.wallendorff.com\/belogue\/wp-content\/uploads\/2015\/04\/201011231.jpg?resize=350%2C200&ssl=1","width":350,"height":200,"srcset":"https:\/\/i0.wp.com\/www.wallendorff.com\/belogue\/wp-content\/uploads\/2015\/04\/201011231.jpg?resize=350%2C200&ssl=1 1x, https:\/\/i0.wp.com\/www.wallendorff.com\/belogue\/wp-content\/uploads\/2015\/04\/201011231.jpg?resize=525%2C300&ssl=1 1.5x"},"classes":[]},{"id":7277,"url":"https:\/\/www.wallendorff.com\/belogue\/2010\/03\/23\/will-i-follow-you-down-the-line\/","url_meta":{"origin":7206,"position":1},"title":"Will I follow you down the line.","author":"dpc","date":"23 mars 2010","format":false,"excerpt":"Rue du Faubourg Saint-Antoine, Paris, 27 f\u00e9vrier. [On avait dit qu'il fallait que j'arr\u00eate avec les escaliers vides] [On avait dit qu'il fallait que j'arr\u00eate avec les escaliers vides] [On avait dit qu'il fallait que j'arr\u00eate avec les escaliers vides] \u00a0 [Ah et pas de la\u00efve-truittage de la Neue Star\u2026","rel":"","context":"Dans &quot;DPC&quot;","block_context":{"text":"DPC","link":"https:\/\/www.wallendorff.com\/belogue\/category\/dpc\/"},"img":{"alt_text":"","src":"https:\/\/i0.wp.com\/www.wallendorff.com\/belogue\/wp-content\/uploads\/2015\/04\/201003231.jpg?resize=350%2C200&ssl=1","width":350,"height":200,"srcset":"https:\/\/i0.wp.com\/www.wallendorff.com\/belogue\/wp-content\/uploads\/2015\/04\/201003231.jpg?resize=350%2C200&ssl=1 1x, https:\/\/i0.wp.com\/www.wallendorff.com\/belogue\/wp-content\/uploads\/2015\/04\/201003231.jpg?resize=525%2C300&ssl=1 1.5x"},"classes":[]},{"id":7672,"url":"https:\/\/www.wallendorff.com\/belogue\/2010\/06\/11\/seize-chiants-choix-sentent-quatres\/","url_meta":{"origin":7206,"position":2},"title":"Seize chiants choix sentent qu&rsquo;\u00e2tres.","author":"dpc","date":"11 juin 2010","format":false,"excerpt":"Rue Michel-le-Comte, Paris, 8 mai. [On avait dit et redit qu'il fallait que j'arr\u00eate avec les escaliers vides.] [On avait dit et redit qu'il fallait que j'arr\u00eate avec les escaliers vides.] [On avait dit et redit qu'il fallait que j'arr\u00eate avec les escaliers vides.] Et j'avais d\u00e9j\u00e0 fait un titre\u2026","rel":"","context":"Dans &quot;DPC&quot;","block_context":{"text":"DPC","link":"https:\/\/www.wallendorff.com\/belogue\/category\/dpc\/"},"img":{"alt_text":"","src":"https:\/\/i0.wp.com\/www.wallendorff.com\/belogue\/wp-content\/uploads\/2015\/04\/201006111.jpg?resize=350%2C200&ssl=1","width":350,"height":200},"classes":[]},{"id":14535,"url":"https:\/\/www.wallendorff.com\/belogue\/2011\/11\/22\/dhaut-rez-mis-facile-a-sol\/","url_meta":{"origin":7206,"position":3},"title":"D&rsquo;haut rez mis facile \u00e0 sol.","author":"dpc","date":"22 novembre 2011","format":false,"excerpt":"Rue Championnet, Paris, 10 septembre. [Je me souviens pourtant tr\u00e8s bien avoir dit et redit et reredit et rereredit et rerereredit qu'il fallait que j'arr\u00eate avec les escaliers vides.] The Subways \u2013 We Don't Need Money to Have a Good Time [youtube]http:\/\/www.youtube.com\/watch?v=hYru9VCXSl0[\/youtube]","rel":"","context":"Dans &quot;DPC&quot;","block_context":{"text":"DPC","link":"https:\/\/www.wallendorff.com\/belogue\/category\/dpc\/"},"img":{"alt_text":"","src":"https:\/\/i0.wp.com\/www.wallendorff.com\/belogue\/wp-content\/uploads\/2015\/04\/201111221.jpg?resize=350%2C200&ssl=1","width":350,"height":200,"srcset":"https:\/\/i0.wp.com\/www.wallendorff.com\/belogue\/wp-content\/uploads\/2015\/04\/201111221.jpg?resize=350%2C200&ssl=1 1x, https:\/\/i0.wp.com\/www.wallendorff.com\/belogue\/wp-content\/uploads\/2015\/04\/201111221.jpg?resize=525%2C300&ssl=1 1.5x"},"classes":[]},{"id":19806,"url":"https:\/\/www.wallendorff.com\/belogue\/2012\/12\/20\/tu-hisses-trois-cintres-au-pied\/","url_meta":{"origin":7206,"position":4},"title":"Tu hisses trois cintres au pied.","author":"dpc","date":"20 d\u00e9cembre 2012","format":false,"excerpt":"Biblioth\u00e8que Nationale de France, Paris, 16 septembre. [On avait dit et redit et reredit et rereredit et rerereredit et rererereredit qu'il fallait que j'arr\u00eate avec les escaliers vides.] \u00a0METZ \u2013 Wet Blanket","rel":"","context":"Dans &quot;DPC&quot;","block_context":{"text":"DPC","link":"https:\/\/www.wallendorff.com\/belogue\/category\/dpc\/"},"img":{"alt_text":"","src":"https:\/\/i0.wp.com\/www.wallendorff.com\/belogue\/wp-content\/uploads\/2015\/04\/201212201.jpg?resize=350%2C200&ssl=1","width":350,"height":200,"srcset":"https:\/\/i0.wp.com\/www.wallendorff.com\/belogue\/wp-content\/uploads\/2015\/04\/201212201.jpg?resize=350%2C200&ssl=1 1x, https:\/\/i0.wp.com\/www.wallendorff.com\/belogue\/wp-content\/uploads\/2015\/04\/201212201.jpg?resize=525%2C300&ssl=1 1.5x"},"classes":[]},{"id":23903,"url":"https:\/\/www.wallendorff.com\/belogue\/2015\/03\/23\/la-spirale-est-la-fournie\/","url_meta":{"origin":7206,"position":5},"title":"La spirale (est l\u00e0, fournie).","author":"dpc","date":"23 mars 2015","format":false,"excerpt":"Cour des Longs-Pr\u00e9s, Boulogne-Billancourt, 25 janvier. [On avait dit et redit et reredit et rereredit et rerereredit et rererereredit et rerererereredit et rererererereredit qu'il fallait que j'arr\u00eate avec les escaliers vides.] Freaky Teeth Noel Gallagher's High Flying Birds","rel":"","context":"Dans &quot;DPC&quot;","block_context":{"text":"DPC","link":"https:\/\/www.wallendorff.com\/belogue\/category\/dpc\/"},"img":{"alt_text":"","src":"https:\/\/i0.wp.com\/www.wallendorff.com\/belogue\/wp-content\/uploads\/2015\/04\/201503231.jpg?resize=350%2C200&ssl=1","width":350,"height":200,"srcset":"https:\/\/i0.wp.com\/www.wallendorff.com\/belogue\/wp-content\/uploads\/2015\/04\/201503231.jpg?resize=350%2C200&ssl=1 1x, https:\/\/i0.wp.com\/www.wallendorff.com\/belogue\/wp-content\/uploads\/2015\/04\/201503231.jpg?resize=525%2C300&ssl=1 1.5x"},"classes":[]}],"_links":{"self":[{"href":"https:\/\/www.wallendorff.com\/belogue\/wp-json\/wp\/v2\/posts\/7206","targetHints":{"allow":["GET"]}}],"collection":[{"href":"https:\/\/www.wallendorff.com\/belogue\/wp-json\/wp\/v2\/posts"}],"about":[{"href":"https:\/\/www.wallendorff.com\/belogue\/wp-json\/wp\/v2\/types\/post"}],"author":[{"embeddable":true,"href":"https:\/\/www.wallendorff.com\/belogue\/wp-json\/wp\/v2\/users\/1"}],"replies":[{"embeddable":true,"href":"https:\/\/www.wallendorff.com\/belogue\/wp-json\/wp\/v2\/comments?post=7206"}],"version-history":[{"count":4,"href":"https:\/\/www.wallendorff.com\/belogue\/wp-json\/wp\/v2\/posts\/7206\/revisions"}],"predecessor-version":[{"id":21563,"href":"https:\/\/www.wallendorff.com\/belogue\/wp-json\/wp\/v2\/posts\/7206\/revisions\/21563"}],"wp:featuredmedia":[{"embeddable":true,"href":"https:\/\/www.wallendorff.com\/belogue\/wp-json\/wp\/v2\/media\/25710"}],"wp:attachment":[{"href":"https:\/\/www.wallendorff.com\/belogue\/wp-json\/wp\/v2\/media?parent=7206"}],"wp:term":[{"taxonomy":"category","embeddable":true,"href":"https:\/\/www.wallendorff.com\/belogue\/wp-json\/wp\/v2\/categories?post=7206"},{"taxonomy":"post_tag","embeddable":true,"href":"https:\/\/www.wallendorff.com\/belogue\/wp-json\/wp\/v2\/tags?post=7206"}],"curies":[{"name":"wp","href":"https:\/\/api.w.org\/{rel}","templated":true}]}}