{"id":7164,"date":"2010-03-12T10:06:08","date_gmt":"2010-03-12T09:06:08","guid":{"rendered":"http:\/\/www.po-l.com\/belogue\/?p=7164"},"modified":"2018-05-23T08:15:57","modified_gmt":"2018-05-23T06:15:57","slug":"les-trams-ou-cque-terres","status":"publish","type":"post","link":"https:\/\/www.wallendorff.com\/belogue\/2010\/03\/12\/les-trams-ou-cque-terres\/","title":{"rendered":"Les trams o\u00f9 c&rsquo;que t&rsquo;erres."},"content":{"rendered":"\n<div id=\"photo\">\n<p><img decoding=\"async\" src=\"https:\/\/www.wallendorff.com\/belogue\/photo\/2010\/03\/20100312.jpg\" \/><br \/>\nMus&eacute;e Carnavalet, Paris, 20 f&eacute;vrier.<\/p>\n<\/p><\/div>\n<p style=\"text-align:right\">[F&eacute;vrier passe bigrement vite je trouve.]<\/p>\n<div id=\"bandeson\">\n<p><img decoding=\"async\" src=\"https:\/\/www.wallendorff.com\/belogue\/photo\/pochettes\/a\/ash-arcadia.jpg\" align=\"left\" \/>&nbsp;<a href=\"http:\/\/www.ash-official.com\">Ash<\/a> &ndash; <em>Arcadia<\/em><\/p>\n<\/p><\/div>\n","protected":false},"excerpt":{"rendered":"<p>Mus&eacute;e Carnavalet, Paris, 20 f&eacute;vrier. [F&eacute;vrier passe bigrement vite je trouve.] &nbsp;Ash &ndash; Arcadia<\/p>\n","protected":false},"author":1,"featured_media":25709,"comment_status":"open","ping_status":"open","sticky":false,"template":"","format":"standard","meta":{"_acf_changed":false,"ngg_post_thumbnail":0,"jetpack_post_was_ever_published":false,"_jetpack_newsletter_access":"","_jetpack_dont_email_post_to_subs":false,"_jetpack_newsletter_tier_id":0,"_jetpack_memberships_contains_paywalled_content":false,"_jetpack_memberships_contains_paid_content":false,"footnotes":"","jetpack_publicize_message":"","jetpack_publicize_feature_enabled":true,"jetpack_social_post_already_shared":false,"jetpack_social_options":{"image_generator_settings":{"template":"highway","default_image_id":0,"font":"","enabled":false},"version":2}},"categories":[3],"tags":[10336,3589,10114,2571,2615,10630,10322,10210,10120,10121,10401,10232,10647,10098,10305,11618],"class_list":["post-7164","post","type-post","status-publish","format-standard","has-post-thumbnail","hentry","category-dpc","tag-10336","tag-arcadia","tag-ash","tag-ef-16-35-mm-f28l-ii-usm","tag-eos-5d-mark-ii","tag-carrelage","tag-couloir","tag-escalier","tag-france","tag-ile-de-france","tag-lampe","tag-musee","tag-musee-carnavalet","tag-paris","tag-porte","tag-rue-de-sevigne"],"acf":[],"geo":{"latitude":48.8572731,"longitude":2.3625526,"description":"16 Rue des Francs Bourgeois, 75004 Paris, France"},"jetpack_publicize_connections":[],"jetpack_featured_media_url":"https:\/\/www.wallendorff.com\/belogue\/wp-content\/uploads\/2015\/04\/201003121.jpg","jetpack_shortlink":"https:\/\/wp.me\/p3b35P-1Ry","jetpack_sharing_enabled":true,"jetpack-related-posts":[{"id":7206,"url":"https:\/\/www.wallendorff.com\/belogue\/2010\/03\/15\/helice-in-wonderland\/","url_meta":{"origin":7164,"position":0},"title":"H\u00e9lice [in wonderland].","author":"dpc","date":"15 mars 2010","format":false,"excerpt":"Mus\u00e9e Carnavalet, Paris, 20 f\u00e9vrier. [Faut que j'arr\u00eate avec les escaliers vides] [Faut que j'arr\u00eate avec les escaliers vides] [Faut que j'arr\u00eate avec les escaliers vides] \u00a0Ted Leo and the Pharmacists \u2013 The Mighty Sparrow","rel":"","context":"Dans &quot;DPC&quot;","block_context":{"text":"DPC","link":"https:\/\/www.wallendorff.com\/belogue\/category\/dpc\/"},"img":{"alt_text":"","src":"https:\/\/i0.wp.com\/www.wallendorff.com\/belogue\/wp-content\/uploads\/2015\/04\/201003151.jpg?resize=350%2C200&ssl=1","width":350,"height":200,"srcset":"https:\/\/i0.wp.com\/www.wallendorff.com\/belogue\/wp-content\/uploads\/2015\/04\/201003151.jpg?resize=350%2C200&ssl=1 1x, https:\/\/i0.wp.com\/www.wallendorff.com\/belogue\/wp-content\/uploads\/2015\/04\/201003151.jpg?resize=525%2C300&ssl=1 1.5x"},"classes":[]},{"id":5985,"url":"https:\/\/www.wallendorff.com\/belogue\/2010\/01\/09\/tondu-bi-cuite\/","url_meta":{"origin":7164,"position":1},"title":"Tondu bi cuit\u00e9.","author":"dpc","date":"9 janvier 2010","format":false,"excerpt":"Mus\u00e9e Carnavalet, Paris, 22 novembre 2009. \u00a0The Pains of Being Pure at Heart \u2013 Everything With You","rel":"","context":"Dans &quot;DPC&quot;","block_context":{"text":"DPC","link":"https:\/\/www.wallendorff.com\/belogue\/category\/dpc\/"},"img":{"alt_text":"","src":"https:\/\/i0.wp.com\/www.wallendorff.com\/belogue\/wp-content\/uploads\/2015\/04\/201001091.jpg?resize=350%2C200&ssl=1","width":350,"height":200},"classes":[]},{"id":21552,"url":"https:\/\/www.wallendorff.com\/belogue\/2013\/09\/06\/into-the-wide-17\/","url_meta":{"origin":7164,"position":2},"title":"Into the wide #17.","author":"dpc","date":"6 septembre 2013","format":false,"excerpt":"Mus\u00e9e Carnavalet, Paris, 21 juillet. Carnavalet est mon mus\u00e9e pr\u00e9f\u00e9r\u00e9 de Paris. Ce n'est ni le plus grand, ni le plus grandiose, mais le plus \u00e0 part. Carnavalet est mon mus\u00e9e pr\u00e9f\u00e9r\u00e9 de Paris parce que l'on y trouve tout un bric-\u00e0-brac organis\u00e9 par p\u00e9riodes et r\u00e9cup\u00e9r\u00e9 au fur et\u2026","rel":"","context":"Dans &quot;Into the wide&quot;","block_context":{"text":"Into the wide","link":"https:\/\/www.wallendorff.com\/belogue\/category\/into-the-wide\/"},"img":{"alt_text":"","src":"https:\/\/i0.wp.com\/www.wallendorff.com\/belogue\/wp-content\/uploads\/2015\/04\/201309061.jpg?resize=350%2C200&ssl=1","width":350,"height":200,"srcset":"https:\/\/i0.wp.com\/www.wallendorff.com\/belogue\/wp-content\/uploads\/2015\/04\/201309061.jpg?resize=350%2C200&ssl=1 1x, https:\/\/i0.wp.com\/www.wallendorff.com\/belogue\/wp-content\/uploads\/2015\/04\/201309061.jpg?resize=525%2C300&ssl=1 1.5x, https:\/\/i0.wp.com\/www.wallendorff.com\/belogue\/wp-content\/uploads\/2015\/04\/201309061.jpg?resize=700%2C400&ssl=1 2x"},"classes":[]},{"id":4061,"url":"https:\/\/www.wallendorff.com\/belogue\/2009\/03\/24\/haut-perche-sboit-gnole\/","url_meta":{"origin":7164,"position":3},"title":"Haut perch\u00e9 s&rsquo;boit gn\u00f4le.","author":"dpc","date":"24 mars 2009","format":false,"excerpt":"Mus\u00e9e de la Vie romantique, Paris, 14 f\u00e9vrier. Wahou. Blood Meridian \u2013 Your Boyfriend Blues","rel":"","context":"Dans &quot;DPC&quot;","block_context":{"text":"DPC","link":"https:\/\/www.wallendorff.com\/belogue\/category\/dpc\/"},"img":{"alt_text":"","src":"https:\/\/i0.wp.com\/www.wallendorff.com\/belogue\/wp-content\/uploads\/2015\/04\/200903241.jpg?resize=350%2C200&ssl=1","width":350,"height":200},"classes":[]},{"id":22943,"url":"https:\/\/www.wallendorff.com\/belogue\/2014\/06\/11\/dix-ans-dans-les-escaliers\/","url_meta":{"origin":7164,"position":4},"title":"Dix ans dans les escaliers.","author":"dpc","date":"11 juin 2014","format":false,"excerpt":"10 ans montent, 10 ans qui descendent et beaucoup de spirales. Mont d'charges. Congress Hotel, Chicago, 12 d\u00e9cembre 2004. \u00a0 \u00c7a te va \u00e0 gravir. Toronto, 29 janvier 2005. \u00a0 Dans le m\u00eame palier [tous les yeux]. Prinsengracht, Amsterdam, 13 ao\u00fbt 2007. \u00a0 S\u00e9pare l\u00e0. Rue des Couronnes, Paris, 17\u2026","rel":"","context":"Dans &quot;DPC&quot;","block_context":{"text":"DPC","link":"https:\/\/www.wallendorff.com\/belogue\/category\/dpc\/"},"img":{"alt_text":"","src":"https:\/\/i0.wp.com\/www.wallendorff.com\/belogue\/wp-content\/uploads\/2015\/04\/200903123.jpg?resize=350%2C200&ssl=1","width":350,"height":200,"srcset":"https:\/\/i0.wp.com\/www.wallendorff.com\/belogue\/wp-content\/uploads\/2015\/04\/200903123.jpg?resize=350%2C200&ssl=1 1x, https:\/\/i0.wp.com\/www.wallendorff.com\/belogue\/wp-content\/uploads\/2015\/04\/200903123.jpg?resize=525%2C300&ssl=1 1.5x"},"classes":[]},{"id":4055,"url":"https:\/\/www.wallendorff.com\/belogue\/2009\/03\/23\/douche-et-quaux-chaises\/","url_meta":{"origin":7164,"position":5},"title":"D&rsquo;ouche et qu&rsquo;aux chaises.","author":"dpc","date":"23 mars 2009","format":false,"excerpt":"Mus\u00e9e de la Vie romantique, Paris, 14 f\u00e9vrier. On va pas attaquer trop violemment non plus, hein. PJ Harvey \u2013 No Child of Mine","rel":"","context":"Dans &quot;DPC&quot;","block_context":{"text":"DPC","link":"https:\/\/www.wallendorff.com\/belogue\/category\/dpc\/"},"img":{"alt_text":"","src":"https:\/\/i0.wp.com\/www.wallendorff.com\/belogue\/wp-content\/uploads\/2015\/04\/200903231.jpg?resize=350%2C200&ssl=1","width":350,"height":200},"classes":[]}],"_links":{"self":[{"href":"https:\/\/www.wallendorff.com\/belogue\/wp-json\/wp\/v2\/posts\/7164","targetHints":{"allow":["GET"]}}],"collection":[{"href":"https:\/\/www.wallendorff.com\/belogue\/wp-json\/wp\/v2\/posts"}],"about":[{"href":"https:\/\/www.wallendorff.com\/belogue\/wp-json\/wp\/v2\/types\/post"}],"author":[{"embeddable":true,"href":"https:\/\/www.wallendorff.com\/belogue\/wp-json\/wp\/v2\/users\/1"}],"replies":[{"embeddable":true,"href":"https:\/\/www.wallendorff.com\/belogue\/wp-json\/wp\/v2\/comments?post=7164"}],"version-history":[{"count":3,"href":"https:\/\/www.wallendorff.com\/belogue\/wp-json\/wp\/v2\/posts\/7164\/revisions"}],"predecessor-version":[{"id":21564,"href":"https:\/\/www.wallendorff.com\/belogue\/wp-json\/wp\/v2\/posts\/7164\/revisions\/21564"}],"wp:featuredmedia":[{"embeddable":true,"href":"https:\/\/www.wallendorff.com\/belogue\/wp-json\/wp\/v2\/media\/25709"}],"wp:attachment":[{"href":"https:\/\/www.wallendorff.com\/belogue\/wp-json\/wp\/v2\/media?parent=7164"}],"wp:term":[{"taxonomy":"category","embeddable":true,"href":"https:\/\/www.wallendorff.com\/belogue\/wp-json\/wp\/v2\/categories?post=7164"},{"taxonomy":"post_tag","embeddable":true,"href":"https:\/\/www.wallendorff.com\/belogue\/wp-json\/wp\/v2\/tags?post=7164"}],"curies":[{"name":"wp","href":"https:\/\/api.w.org\/{rel}","templated":true}]}}