{"id":7156,"date":"2010-03-09T09:15:26","date_gmt":"2010-03-09T08:15:26","guid":{"rendered":"http:\/\/www.po-l.com\/belogue\/?p=7156"},"modified":"2012-02-16T11:31:44","modified_gmt":"2012-02-16T09:31:44","slug":"shooting-popples-1","status":"publish","type":"post","link":"https:\/\/www.wallendorff.com\/belogue\/2010\/03\/09\/shooting-popples-1\/","title":{"rendered":"Shooting Popples #1."},"content":{"rendered":"\n<div id=\"photo\">\n<p><img decoding=\"async\" src=\"https:\/\/www.wallendorff.com\/belogue\/photo\/2010\/03\/20100309.jpg\" \/><br \/>\nParis, 24 janvier.<\/p>\n<\/p><\/div>\n<p style=\"text-align:right\">[Entre les couples choupi et les chats kawaii &ccedil;a devient quand m&ecirc;me s&eacute;v&egrave;rement gnan-gnan ici.]<\/p>\n<div id=\"bandeson\">\n<p><img decoding=\"async\" src=\"https:\/\/www.wallendorff.com\/belogue\/photo\/pochettes\/h\/hotrats_the-turn_ons.jpg\" align=\"left\" \/>&nbsp;<a href=\"http:\/\/www.thehotrats.com\/\">The Hotrats<\/a> &ndash; <em>The Lovecats<\/em> (The Cure cover)<\/p>\n<\/p><\/div>\n","protected":false},"excerpt":{"rendered":"<p>Paris, 24 janvier. [Entre les couples choupi et les chats kawaii &ccedil;a devient quand m&ecirc;me s&eacute;v&egrave;rement gnan-gnan ici.] &nbsp;The Hotrats &ndash; The Lovecats (The Cure cover)<\/p>\n","protected":false},"author":1,"featured_media":25706,"comment_status":"open","ping_status":"open","sticky":false,"template":"","format":"standard","meta":{"_acf_changed":false,"ngg_post_thumbnail":0,"jetpack_post_was_ever_published":false,"_jetpack_newsletter_access":"","_jetpack_dont_email_post_to_subs":false,"_jetpack_newsletter_tier_id":0,"_jetpack_memberships_contains_paywalled_content":false,"_jetpack_memberships_contains_paid_content":false,"footnotes":"","jetpack_publicize_message":"","jetpack_publicize_feature_enabled":true,"jetpack_social_post_already_shared":false,"jetpack_social_options":{"image_generator_settings":{"template":"highway","default_image_id":0,"font":"","enabled":false},"version":2}},"categories":[3],"tags":[10267,10145,1438,2615,10442,10137,10120,10121,10098,139,3586,3587],"class_list":["post-7156","post","type-post","status-publish","format-standard","has-post-thumbnail","hentry","category-dpc","tag-10267","tag-bureau","tag-ef-50-mm-f14-usm","tag-eos-5d-mark-ii","tag-chat","tag-disques","tag-france","tag-ile-de-france","tag-paris","tag-the-cure","tag-the-hotrats","tag-the-lovecats"],"acf":[],"geo":{"latitude":48.8713074,"longitude":2.3599951,"description":null},"jetpack_publicize_connections":[],"jetpack_featured_media_url":"https:\/\/www.wallendorff.com\/belogue\/wp-content\/uploads\/2015\/04\/201003091.jpg","jetpack_shortlink":"https:\/\/wp.me\/p3b35P-1Rq","jetpack_sharing_enabled":true,"jetpack-related-posts":[{"id":1162,"url":"https:\/\/www.wallendorff.com\/belogue\/2008\/02\/14\/sains-lamantins\/","url_meta":{"origin":7156,"position":0},"title":"Sains lamantins.","author":"dpc","date":"14 f\u00e9vrier 2008","format":false,"excerpt":"La rue, Paris, 8 janvier. Vu que c'est la journ\u00e9e de l'amour mercantile universel, j'en profite pour encenser la multitude de mes fans qui se sont cotis\u00e9s pour m'offrir cette fresque \u00e0 ma gloire sur le rideau de la boulangerie. Si, vraiment, je suis touch\u00e9 et quand je passe devant\u2026","rel":"","context":"Dans &quot;DPC&quot;","block_context":{"text":"DPC","link":"https:\/\/www.wallendorff.com\/belogue\/category\/dpc\/"},"img":{"alt_text":"","src":"https:\/\/i0.wp.com\/www.wallendorff.com\/belogue\/wp-content\/uploads\/2015\/04\/200802141.jpg?resize=350%2C200&ssl=1","width":350,"height":200},"classes":[]},{"id":299,"url":"https:\/\/www.wallendorff.com\/belogue\/2005\/08\/04\/l-arome-entiche\/","url_meta":{"origin":7156,"position":1},"title":"L&rsquo;ar&ocirc;me entiche.","author":"dpc","date":"4 ao\u00fbt 2005","format":false,"excerpt":"Palais Royal, Paris, 21 juillet. On n'y peut rien, certaines photos n\u00e9cessitent une bande-son gnan-gnan. \u00a0Jean-Louis Aubert \u2014 Je t'ai dans la peau (acoustic)","rel":"","context":"Dans &quot;DPC&quot;","block_context":{"text":"DPC","link":"https:\/\/www.wallendorff.com\/belogue\/category\/dpc\/"},"img":{"alt_text":"","src":"https:\/\/i0.wp.com\/www.wallendorff.com\/belogue\/wp-content\/uploads\/2015\/04\/200508041.jpg?resize=350%2C200&ssl=1","width":350,"height":200,"srcset":"https:\/\/i0.wp.com\/www.wallendorff.com\/belogue\/wp-content\/uploads\/2015\/04\/200508041.jpg?resize=350%2C200&ssl=1 1x, https:\/\/i0.wp.com\/www.wallendorff.com\/belogue\/wp-content\/uploads\/2015\/04\/200508041.jpg?resize=525%2C300&ssl=1 1.5x"},"classes":[]},{"id":415,"url":"https:\/\/www.wallendorff.com\/belogue\/2005\/04\/06\/petales-aidants-lassent-moule\/","url_meta":{"origin":7156,"position":2},"title":"P&eacute;tales aidants lassent moule.","author":"dpc","date":"6 avril 2005","format":false,"excerpt":"Chez la s\u0153ur, 2 avril. [Ouhl\u00e0 que oui, il est naze, ce titre.] [\/Edit: En fait, \u00e7a fait un peu gnan-gnan, les fleurs. Le prochain coup j'y r\u00e9fl\u00e9chirai \u00e0 deux fois, tiens.] \u00a0The National \u2013 Lit Up","rel":"","context":"Dans &quot;DPC&quot;","block_context":{"text":"DPC","link":"https:\/\/www.wallendorff.com\/belogue\/category\/dpc\/"},"img":{"alt_text":"","src":"https:\/\/i0.wp.com\/www.wallendorff.com\/belogue\/wp-content\/uploads\/2015\/04\/200504051.jpg?resize=350%2C200&ssl=1","width":350,"height":200},"classes":[]},{"id":1158,"url":"https:\/\/www.wallendorff.com\/belogue\/2008\/02\/08\/zita-swoon-le-zbre-de-belleville-paris\/","url_meta":{"origin":7156,"position":3},"title":"Zita Swoon @ le Z\u00e8bre de Belleville, Paris.","author":"dpc","date":"8 f\u00e9vrier 2008","format":false,"excerpt":"Forc\u00e9ment, quand t'as lu Pennac en boucle pendant toute ta jeunesse, mettre pour la premi\u00e8re fois les pieds dans le Z\u00e8bre de Monsieur Malauss\u00e8ne, c'est d\u00e9j\u00e0 un \u00e9v\u00e9nement en soi. L'\u00e9merveillement pass\u00e9, pos\u00e9 sur la mezzanine avec un Bordeaux et l'Eos \u00e0 l'aff\u00fbt devant toi, c'est Zita Swoon, son nouveau\u2026","rel":"","context":"Dans &quot;Alive&quot;","block_context":{"text":"Alive","link":"https:\/\/www.wallendorff.com\/belogue\/category\/alive\/"},"img":{"alt_text":"","src":"https:\/\/i0.wp.com\/www.wallendorff.com\/belogue\/wp-content\/uploads\/2015\/04\/200802081.jpg?resize=350%2C200&ssl=1","width":350,"height":200,"srcset":"https:\/\/i0.wp.com\/www.wallendorff.com\/belogue\/wp-content\/uploads\/2015\/04\/200802081.jpg?resize=350%2C200&ssl=1 1x, https:\/\/i0.wp.com\/www.wallendorff.com\/belogue\/wp-content\/uploads\/2015\/04\/200802081.jpg?resize=525%2C300&ssl=1 1.5x, https:\/\/i0.wp.com\/www.wallendorff.com\/belogue\/wp-content\/uploads\/2015\/04\/200802081.jpg?resize=700%2C400&ssl=1 2x"},"classes":[]},{"id":12319,"url":"https:\/\/www.wallendorff.com\/belogue\/2011\/02\/21\/the-joy-formidable-the-dodoz-the-airborne-toxic-event-la-fleche-dor-paris-18-fevrier\/","url_meta":{"origin":7156,"position":4},"title":"The Joy Formidable + The Dodoz + The Airborne Toxic Event @ la Fl\u00e8che d&rsquo;Or, Paris, 18 f\u00e9vrier.","author":"dpc","date":"21 f\u00e9vrier 2011","format":false,"excerpt":"En voil\u00e0 trois qui postillonnent du cure-dents comme il faut. Allez les aimer. \u00a0The Joy Formidable \u2013 Whirring [youtube]http:\/\/www.youtube.com\/watch?v=a2BUEzdjfpY[\/youtube] The Airborne Toxic Event The Dodoz The Joy Formidable","rel":"","context":"Dans &quot;Alive&quot;","block_context":{"text":"Alive","link":"https:\/\/www.wallendorff.com\/belogue\/category\/alive\/"},"img":{"alt_text":"","src":"https:\/\/i0.wp.com\/www.wallendorff.com\/belogue\/wp-content\/uploads\/2015\/04\/201102211.jpg?resize=350%2C200&ssl=1","width":350,"height":200,"srcset":"https:\/\/i0.wp.com\/www.wallendorff.com\/belogue\/wp-content\/uploads\/2015\/04\/201102211.jpg?resize=350%2C200&ssl=1 1x, https:\/\/i0.wp.com\/www.wallendorff.com\/belogue\/wp-content\/uploads\/2015\/04\/201102211.jpg?resize=525%2C300&ssl=1 1.5x, https:\/\/i0.wp.com\/www.wallendorff.com\/belogue\/wp-content\/uploads\/2015\/04\/201102211.jpg?resize=700%2C400&ssl=1 2x"},"classes":[]},{"id":3948,"url":"https:\/\/www.wallendorff.com\/belogue\/2009\/02\/25\/gooood-mourning-vieilles-dames\/","url_meta":{"origin":7156,"position":5},"title":"Gooood mourning vieilles dames.","author":"dpc","date":"25 f\u00e9vrier 2009","format":false,"excerpt":"Tr\u00e8s Grosse Biblioth\u00e8que, Paris, 17 janvier. \u00a0Editors \u2013 Lullaby (The Cure cover)","rel":"","context":"Dans &quot;DPC&quot;","block_context":{"text":"DPC","link":"https:\/\/www.wallendorff.com\/belogue\/category\/dpc\/"},"img":{"alt_text":"","src":"https:\/\/i0.wp.com\/www.wallendorff.com\/belogue\/wp-content\/uploads\/2015\/04\/200902251.jpg?resize=350%2C200&ssl=1","width":350,"height":200},"classes":[]}],"_links":{"self":[{"href":"https:\/\/www.wallendorff.com\/belogue\/wp-json\/wp\/v2\/posts\/7156","targetHints":{"allow":["GET"]}}],"collection":[{"href":"https:\/\/www.wallendorff.com\/belogue\/wp-json\/wp\/v2\/posts"}],"about":[{"href":"https:\/\/www.wallendorff.com\/belogue\/wp-json\/wp\/v2\/types\/post"}],"author":[{"embeddable":true,"href":"https:\/\/www.wallendorff.com\/belogue\/wp-json\/wp\/v2\/users\/1"}],"replies":[{"embeddable":true,"href":"https:\/\/www.wallendorff.com\/belogue\/wp-json\/wp\/v2\/comments?post=7156"}],"version-history":[{"count":1,"href":"https:\/\/www.wallendorff.com\/belogue\/wp-json\/wp\/v2\/posts\/7156\/revisions"}],"predecessor-version":[{"id":15905,"href":"https:\/\/www.wallendorff.com\/belogue\/wp-json\/wp\/v2\/posts\/7156\/revisions\/15905"}],"wp:featuredmedia":[{"embeddable":true,"href":"https:\/\/www.wallendorff.com\/belogue\/wp-json\/wp\/v2\/media\/25706"}],"wp:attachment":[{"href":"https:\/\/www.wallendorff.com\/belogue\/wp-json\/wp\/v2\/media?parent=7156"}],"wp:term":[{"taxonomy":"category","embeddable":true,"href":"https:\/\/www.wallendorff.com\/belogue\/wp-json\/wp\/v2\/categories?post=7156"},{"taxonomy":"post_tag","embeddable":true,"href":"https:\/\/www.wallendorff.com\/belogue\/wp-json\/wp\/v2\/tags?post=7156"}],"curies":[{"name":"wp","href":"https:\/\/api.w.org\/{rel}","templated":true}]}}