{"id":714,"date":"2006-08-22T09:16:41","date_gmt":"2006-08-22T09:16:41","guid":{"rendered":"http:\/\/www.po-l.com\/wordpress\/?p=714"},"modified":"2012-05-30T09:45:20","modified_gmt":"2012-05-30T07:45:20","slug":"numb","status":"publish","type":"post","link":"https:\/\/www.wallendorff.com\/belogue\/2006\/08\/22\/numb\/","title":{"rendered":"Numb."},"content":{"rendered":"<div id=\"photo\">\n<p><img decoding=\"async\" src=\"http:\/\/www.po-L.com\/belogue\/photo\/2006\/08\/20060822.jpg\"\/><br \/>\n    Rue Quincampoix, Paris, 20 ao&ucirc;t.<\/p>\n<\/div>\n<p style=\"text-align:right\">Numb,<\/p>\n<p style=\"text-align:right\">Numb.<\/p>\n<div id=\"bandeson\">\n<p><img decoding=\"async\" src=\"https:\/\/www.wallendorff.com\/belogue\/photo\/pochettes\/a\/archive-you_all_look_the_same_to_me.jpg\" align=\"left\" \/>&nbsp;<a href=\"http:\/\/www.archiveofficial.com\/\">Archive<\/a> &ndash; <em>Numb<\/em><\/p>\n<\/div>\n","protected":false},"excerpt":{"rendered":"<p>Rue Quincampoix, Paris, 20 ao&ucirc;t. Numb, Numb. &nbsp;Archive &ndash; Numb<\/p>\n","protected":false},"author":1,"featured_media":24658,"comment_status":"open","ping_status":"open","sticky":false,"template":"","format":"standard","meta":{"_acf_changed":false,"ngg_post_thumbnail":0,"jetpack_post_was_ever_published":false,"_jetpack_newsletter_access":"","_jetpack_dont_email_post_to_subs":false,"_jetpack_newsletter_tier_id":0,"_jetpack_memberships_contains_paywalled_content":false,"_jetpack_memberships_contains_paid_content":false,"footnotes":"","jetpack_publicize_message":"","jetpack_publicize_feature_enabled":true,"jetpack_social_post_already_shared":false,"jetpack_social_options":{"image_generator_settings":{"template":"highway","default_image_id":0,"font":"","enabled":false},"version":2}},"categories":[3],"tags":[10277,10193,157,132,1243,10120,10121,143,1741,10104,10098,10406],"class_list":["post-714","post","type-post","status-publish","format-standard","has-post-thumbnail","hentry","category-dpc","tag-10277","tag-archive","tag-ef-50-mm-f18-ii","tag-eos-20d","tag-carre","tag-france","tag-ile-de-france","tag-noir-et-blanc","tag-numb","tag-panneau","tag-paris","tag-rue-quincampoix"],"acf":[],"geo":{"latitude":48.8603096,"longitude":2.3501463,"description":null},"jetpack_publicize_connections":[],"jetpack_featured_media_url":"https:\/\/www.wallendorff.com\/belogue\/wp-content\/uploads\/2015\/04\/200608221.jpg","jetpack_shortlink":"https:\/\/wp.me\/s3b35P-numb","jetpack_sharing_enabled":true,"jetpack-related-posts":[{"id":4864,"url":"https:\/\/www.wallendorff.com\/belogue\/2009\/10\/11\/archive-le-zenith-paris\/","url_meta":{"origin":714,"position":0},"title":"Archive @ le Z\u00e9nith, Paris.","author":"dpc","date":"11 octobre 2009","format":false,"excerpt":"\u00a0Archive \u2013 Numb Et ils te laissent trois titres \u00e9clair\u00e9s n'importe comment avec les pires lumi\u00e8res du monde, avant de finir le concert sur des supers-\u00e9clairages de la mort que t'es trop loin et que tu ne peux rien y faire. Heureusement que le Numb \u00e0 6 guitares trop mortel\u2026","rel":"","context":"Dans &quot;Alive&quot;","block_context":{"text":"Alive","link":"https:\/\/www.wallendorff.com\/belogue\/category\/alive\/"},"img":{"alt_text":"","src":"https:\/\/i0.wp.com\/www.wallendorff.com\/belogue\/wp-content\/uploads\/2015\/04\/200910111.jpg?resize=350%2C200&ssl=1","width":350,"height":200,"srcset":"https:\/\/i0.wp.com\/www.wallendorff.com\/belogue\/wp-content\/uploads\/2015\/04\/200910111.jpg?resize=350%2C200&ssl=1 1x, https:\/\/i0.wp.com\/www.wallendorff.com\/belogue\/wp-content\/uploads\/2015\/04\/200910111.jpg?resize=525%2C300&ssl=1 1.5x, https:\/\/i0.wp.com\/www.wallendorff.com\/belogue\/wp-content\/uploads\/2015\/04\/200910111.jpg?resize=700%2C400&ssl=1 2x"},"classes":[]},{"id":1001,"url":"https:\/\/www.wallendorff.com\/belogue\/2007\/07\/26\/previously-unreleased-59\/","url_meta":{"origin":714,"position":1},"title":"Previously unreleased #59\u00b9.","author":"dpc","date":"26 juillet 2007","format":false,"excerpt":"Elista, la Maroquinerie, Paris, 4 juin. [Numb it again.] \u00a0Archive \u2013 Sane","rel":"","context":"Dans &quot;Previously unreleased&quot;","block_context":{"text":"Previously unreleased","link":"https:\/\/www.wallendorff.com\/belogue\/category\/previously-unreleased\/"},"img":{"alt_text":"","src":"https:\/\/i0.wp.com\/www.wallendorff.com\/belogue\/wp-content\/uploads\/2015\/04\/200707261.jpg?resize=350%2C200&ssl=1","width":350,"height":200},"classes":[]},{"id":9710,"url":"https:\/\/www.wallendorff.com\/belogue\/2010\/10\/26\/linkin-park-pop-bercy-paris\/","url_meta":{"origin":714,"position":2},"title":"Linkin Park @ Palais omnisports de Paris-Bercy.","author":"dpc","date":"26 octobre 2010","format":false,"excerpt":"The Requiem | Wretches and Kings | Papercut | Given Up | New Divide | Faint | Empty Spaces | When They Come for Me | No More Sorrow | Jornada del Muerto | Waiting for the End | Wisdom, Justice, and Love | Iridescent | Numb | The Radiance\u2026","rel":"","context":"Dans &quot;Alive&quot;","block_context":{"text":"Alive","link":"https:\/\/www.wallendorff.com\/belogue\/category\/alive\/"},"img":{"alt_text":"","src":"https:\/\/i0.wp.com\/www.wallendorff.com\/belogue\/wp-content\/uploads\/2015\/04\/201010261.jpg?resize=350%2C200&ssl=1","width":350,"height":200,"srcset":"https:\/\/i0.wp.com\/www.wallendorff.com\/belogue\/wp-content\/uploads\/2015\/04\/201010261.jpg?resize=350%2C200&ssl=1 1x, https:\/\/i0.wp.com\/www.wallendorff.com\/belogue\/wp-content\/uploads\/2015\/04\/201010261.jpg?resize=525%2C300&ssl=1 1.5x, https:\/\/i0.wp.com\/www.wallendorff.com\/belogue\/wp-content\/uploads\/2015\/04\/201010261.jpg?resize=700%2C400&ssl=1 2x"},"classes":[]},{"id":33134,"url":"https:\/\/www.wallendorff.com\/belogue\/2016\/12\/02\/archive-salle-pleyel-paris-29-novembre\/","url_meta":{"origin":714,"position":3},"title":"Archive @ Salle Pleyel, Paris, 29 novembre.","author":"dpc","date":"2 d\u00e9cembre 2016","format":false,"excerpt":"","rel":"","context":"Dans &quot;Alive&quot;","block_context":{"text":"Alive","link":"https:\/\/www.wallendorff.com\/belogue\/category\/alive\/"},"img":{"alt_text":"","src":"https:\/\/i0.wp.com\/www.wallendorff.com\/belogue\/wp-content\/uploads\/2016\/12\/20161201-15-1.jpg?resize=350%2C200&ssl=1","width":350,"height":200,"srcset":"https:\/\/i0.wp.com\/www.wallendorff.com\/belogue\/wp-content\/uploads\/2016\/12\/20161201-15-1.jpg?resize=350%2C200&ssl=1 1x, https:\/\/i0.wp.com\/www.wallendorff.com\/belogue\/wp-content\/uploads\/2016\/12\/20161201-15-1.jpg?resize=525%2C300&ssl=1 1.5x, https:\/\/i0.wp.com\/www.wallendorff.com\/belogue\/wp-content\/uploads\/2016\/12\/20161201-15-1.jpg?resize=700%2C400&ssl=1 2x"},"classes":[]},{"id":32429,"url":"https:\/\/www.wallendorff.com\/belogue\/2016\/10\/08\/archive-studios-ferber-paris\/","url_meta":{"origin":714,"position":4},"title":"Archive @ Studios Ferber, Paris.","author":"dpc","date":"8 octobre 2016","format":false,"excerpt":"","rel":"","context":"Dans &quot;Alive&quot;","block_context":{"text":"Alive","link":"https:\/\/www.wallendorff.com\/belogue\/category\/alive\/"},"img":{"alt_text":"","src":"https:\/\/i0.wp.com\/www.wallendorff.com\/belogue\/wp-content\/uploads\/2016\/10\/20161007-02-2.jpg?resize=350%2C200&ssl=1","width":350,"height":200,"srcset":"https:\/\/i0.wp.com\/www.wallendorff.com\/belogue\/wp-content\/uploads\/2016\/10\/20161007-02-2.jpg?resize=350%2C200&ssl=1 1x, https:\/\/i0.wp.com\/www.wallendorff.com\/belogue\/wp-content\/uploads\/2016\/10\/20161007-02-2.jpg?resize=525%2C300&ssl=1 1.5x, https:\/\/i0.wp.com\/www.wallendorff.com\/belogue\/wp-content\/uploads\/2016\/10\/20161007-02-2.jpg?resize=700%2C400&ssl=1 2x"},"classes":[]},{"id":30419,"url":"https:\/\/www.wallendorff.com\/belogue\/2016\/02\/29\/fevrier-2016\/","url_meta":{"origin":714,"position":5},"title":"F\u00e9vrier 2016.","author":"dpc","date":"29 f\u00e9vrier 2016","format":false,"excerpt":"Un coucher de soleil, une abbaye, une fen\u00eatre, une nef, un clo\u00eetre, une vo\u00fbte, un portrait flou, un num\u00e9ro, un RER, un avion, un S-bahn, un tramway, une \u00e9glise, une fontaine, un caf\u00e9, des coins-coins, une universit\u00e9, un cr\u00e9puscule, une librairie, une clope, un caf\u00e9, un compositeur, une imp\u00e9ratrice, un\u2026","rel":"","context":"Dans &quot;Blog-note&quot;","block_context":{"text":"Blog-note","link":"https:\/\/www.wallendorff.com\/belogue\/category\/blog-note\/"},"img":{"alt_text":"","src":"https:\/\/i0.wp.com\/www.wallendorff.com\/belogue\/wp-content\/uploads\/2016\/03\/20160315-23.jpg?resize=350%2C200&ssl=1","width":350,"height":200,"srcset":"https:\/\/i0.wp.com\/www.wallendorff.com\/belogue\/wp-content\/uploads\/2016\/03\/20160315-23.jpg?resize=350%2C200&ssl=1 1x, https:\/\/i0.wp.com\/www.wallendorff.com\/belogue\/wp-content\/uploads\/2016\/03\/20160315-23.jpg?resize=525%2C300&ssl=1 1.5x, https:\/\/i0.wp.com\/www.wallendorff.com\/belogue\/wp-content\/uploads\/2016\/03\/20160315-23.jpg?resize=700%2C400&ssl=1 2x"},"classes":[]}],"_links":{"self":[{"href":"https:\/\/www.wallendorff.com\/belogue\/wp-json\/wp\/v2\/posts\/714","targetHints":{"allow":["GET"]}}],"collection":[{"href":"https:\/\/www.wallendorff.com\/belogue\/wp-json\/wp\/v2\/posts"}],"about":[{"href":"https:\/\/www.wallendorff.com\/belogue\/wp-json\/wp\/v2\/types\/post"}],"author":[{"embeddable":true,"href":"https:\/\/www.wallendorff.com\/belogue\/wp-json\/wp\/v2\/users\/1"}],"replies":[{"embeddable":true,"href":"https:\/\/www.wallendorff.com\/belogue\/wp-json\/wp\/v2\/comments?post=714"}],"version-history":[{"count":1,"href":"https:\/\/www.wallendorff.com\/belogue\/wp-json\/wp\/v2\/posts\/714\/revisions"}],"predecessor-version":[{"id":17482,"href":"https:\/\/www.wallendorff.com\/belogue\/wp-json\/wp\/v2\/posts\/714\/revisions\/17482"}],"wp:featuredmedia":[{"embeddable":true,"href":"https:\/\/www.wallendorff.com\/belogue\/wp-json\/wp\/v2\/media\/24658"}],"wp:attachment":[{"href":"https:\/\/www.wallendorff.com\/belogue\/wp-json\/wp\/v2\/media?parent=714"}],"wp:term":[{"taxonomy":"category","embeddable":true,"href":"https:\/\/www.wallendorff.com\/belogue\/wp-json\/wp\/v2\/categories?post=714"},{"taxonomy":"post_tag","embeddable":true,"href":"https:\/\/www.wallendorff.com\/belogue\/wp-json\/wp\/v2\/tags?post=714"}],"curies":[{"name":"wp","href":"https:\/\/api.w.org\/{rel}","templated":true}]}}