{"id":713,"date":"2004-06-22T19:27:33","date_gmt":"2004-06-22T19:27:33","guid":{"rendered":"http:\/\/www.po-l.com\/wordpress\/?p=713"},"modified":"2012-06-19T09:31:39","modified_gmt":"2012-06-19T07:31:39","slug":"annoncage-de-couleur","status":"publish","type":"post","link":"https:\/\/www.wallendorff.com\/belogue\/2004\/06\/22\/annoncage-de-couleur\/","title":{"rendered":"Annon\u00e7age de couleur."},"content":{"rendered":"<div id=\"photo\">\n<p><img decoding=\"async\" src=\"https:\/\/www.wallendorff.com\/belogue\/photo\/2004\/06\/17.jpg\"><\/p>\n<\/div>\n<p>Aujourd&rsquo;hui j&rsquo;ai trouv\u00e9 la porte de mon magasin de T-shirts pr\u00e9f\u00e9r\u00e9 close. Les boules. Il me restait plus qu&rsquo;\u00e0 pleurer \u00e0 chaudes larmes devant la vitrine qui me s\u00e9parait de tant de v\u00eats aussi seyants qu&rsquo;inaccessibles. Entre deux sanglots, j&rsquo;ai distingu\u00e9 \u00e7a au milieu des affiches. Et \u00e7a m&rsquo;a bien fait marrer. On vous aura pr\u00e9venus, les m\u00e9chants.<\/p>\n<div id=\"bandeson\">\n<p><img decoding=\"async\" src=\"https:\/\/www.wallendorff.com\/belogue\/photo\/pochettes\/m\/muse-in_your_world-dead_star.jpg\" align=\"left\" \/>&nbsp;<a href=\"http:\/\/www.muse.mu\/\">Muse<\/a> &ndash; <em>Can&rsquo;t Take My Eyes Off You<\/em> (Frankie Valli cover)<\/p>\n<\/p><\/div>\n","protected":false},"excerpt":{"rendered":"<p>Aujourd&rsquo;hui j&rsquo;ai trouv\u00e9 la porte de mon magasin de T-shirts pr\u00e9f\u00e9r\u00e9 close. Les boules. Il me restait plus qu&rsquo;\u00e0 pleurer \u00e0 chaudes larmes devant la vitrine qui me s\u00e9parait de tant de v\u00eats aussi seyants qu&rsquo;inaccessibles. Entre deux sanglots, j&rsquo;ai distingu\u00e9 \u00e7a au milieu des affiches. Et \u00e7a m&rsquo;a bien fait marrer. On vous aura&hellip;<\/p>\n","protected":false},"author":1,"featured_media":24657,"comment_status":"open","ping_status":"open","sticky":false,"template":"","format":"standard","meta":{"_acf_changed":false,"ngg_post_thumbnail":0,"jetpack_post_was_ever_published":false,"_jetpack_newsletter_access":"","_jetpack_dont_email_post_to_subs":false,"_jetpack_newsletter_tier_id":0,"_jetpack_memberships_contains_paywalled_content":false,"_jetpack_memberships_contains_paid_content":false,"footnotes":"","jetpack_publicize_message":"","jetpack_publicize_feature_enabled":true,"jetpack_social_post_already_shared":false,"jetpack_social_options":{"image_generator_settings":{"template":"highway","default_image_id":0,"font":"","enabled":false},"version":2}},"categories":[3],"tags":[148,55,4162,54,10090,10104,88],"class_list":["post-713","post","type-post","status-publish","format-standard","has-post-thumbnail","hentry","category-dpc","tag-a80","tag-etats-unis","tag-frankie-valli","tag-michigan","tag-muse","tag-panneau","tag-royal-oak"],"acf":[],"geo":{"latitude":42.4877243,"longitude":-83.1440353,"description":null},"jetpack_publicize_connections":[],"jetpack_featured_media_url":"https:\/\/www.wallendorff.com\/belogue\/wp-content\/uploads\/2015\/04\/1711.jpg","jetpack_shortlink":"https:\/\/wp.me\/p3b35P-bv","jetpack_sharing_enabled":true,"jetpack-related-posts":[{"id":204,"url":"https:\/\/www.wallendorff.com\/belogue\/2006\/01\/15\/this-metz-we-re-in\/","url_meta":{"origin":713,"position":0},"title":"This Metz We&rsquo;re In.","author":"dpc","date":"15 janvier 2006","format":false,"excerpt":"Place d'Armes, Metz, 15 janvier, 00h27. J'ai compt\u00e9 les stations, les kilom\u00e8tres, les pages, J'ai compt\u00e9 les cigarettes, les verres, les gens, J'ai compt\u00e9 les minutes de retard, les \u00e9tages \u00e0 monter, les caf\u00e9s \u00e0 boire, Les photos, les Ricard, encore les gens, les croissants, les Steinhoff, Les bi\u00e8res, les\u2026","rel":"","context":"Dans &quot;DPC&quot;","block_context":{"text":"DPC","link":"https:\/\/www.wallendorff.com\/belogue\/category\/dpc\/"},"img":{"alt_text":"","src":"https:\/\/i0.wp.com\/www.wallendorff.com\/belogue\/wp-content\/uploads\/2015\/04\/200601151.jpg?resize=350%2C200&ssl=1","width":350,"height":200},"classes":[]},{"id":127845,"url":"https:\/\/www.wallendorff.com\/belogue\/2024\/04\/22\/muse-st-andrews-hall-detroit-22-avril-2004\/","url_meta":{"origin":713,"position":1},"title":"Muse @ St. Andrew&rsquo;s Hall, D\u00e9troit, 22 avril 2004.","author":"dpc","date":"22 avril 2024","format":false,"excerpt":"Hysteria | New Born | The Small Print | Sing for Absolution | Muscle Museum | Citizen Erased | Ruled by Secrecy | Sunburn | Butterflies & Hurricanes | Bliss | Time Is Running Out | Plug in Baby || Apocalypse Please | Stockholm SyndromeIl y a 20 ans, je\u2026","rel":"","context":"Dans &quot;Alive&quot;","block_context":{"text":"Alive","link":"https:\/\/www.wallendorff.com\/belogue\/category\/alive\/"},"img":{"alt_text":"","src":"https:\/\/i0.wp.com\/www.wallendorff.com\/belogue\/wp-content\/uploads\/2024\/04\/20240422-14.jpg?resize=350%2C200&ssl=1","width":350,"height":200,"srcset":"https:\/\/i0.wp.com\/www.wallendorff.com\/belogue\/wp-content\/uploads\/2024\/04\/20240422-14.jpg?resize=350%2C200&ssl=1 1x, https:\/\/i0.wp.com\/www.wallendorff.com\/belogue\/wp-content\/uploads\/2024\/04\/20240422-14.jpg?resize=525%2C300&ssl=1 1.5x, https:\/\/i0.wp.com\/www.wallendorff.com\/belogue\/wp-content\/uploads\/2024\/04\/20240422-14.jpg?resize=700%2C400&ssl=1 2x, https:\/\/i0.wp.com\/www.wallendorff.com\/belogue\/wp-content\/uploads\/2024\/04\/20240422-14.jpg?resize=1050%2C600&ssl=1 3x"},"classes":[]},{"id":184,"url":"https:\/\/www.wallendorff.com\/belogue\/2006\/06\/29\/j-ai-beau-etre-matinal-j-ai-mal\/","url_meta":{"origin":713,"position":2},"title":"J&rsquo;ai beau &ecirc;tre matinal, j&rsquo;ai mal.","author":"dpc","date":"29 juin 2006","format":false,"excerpt":"Rue du Clo\u00eetre Notre-Dame, Paris, 28 juin. Maintenant je sais pourquoi je n'avais plus fait d'ap\u00e9ro du mercredi soir depuis 6 mois. Le probl\u00e8me de l'ap\u00e9ro du mercredi soir, au final, c'est le jeudi matin. Enfin au moins j'aurai parl\u00e9 anglais. Avec la meilleure copine de l'ex-colloc de Chris Martin,\u2026","rel":"","context":"Dans &quot;DPC&quot;","block_context":{"text":"DPC","link":"https:\/\/www.wallendorff.com\/belogue\/category\/dpc\/"},"img":{"alt_text":"","src":"https:\/\/i0.wp.com\/www.wallendorff.com\/belogue\/wp-content\/uploads\/2015\/04\/200606291.jpg?resize=350%2C200&ssl=1","width":350,"height":200},"classes":[]},{"id":4677,"url":"https:\/\/www.wallendorff.com\/belogue\/2009\/09\/09\/muse-theatre-du-chatelet-paris\/","url_meta":{"origin":713,"position":3},"title":"Muse @ Th\u00e9\u00e2tre du Ch\u00e2telet, Paris.","author":"dpc","date":"9 septembre 2009","format":false,"excerpt":"#12 \u2013 Uprising | Map of the Problematique | Supermassive Black Hole | Resistance | Hysteria | New Born | United States of Eurasia | Cave | Popcorn (Gershon Kingsley) | Starlight | Undisclosed Desires | Time Is Running Out | Unnatural Selection | Stockholm Syndrome || Plug in Baby\u2026","rel":"","context":"Dans &quot;Alive&quot;","block_context":{"text":"Alive","link":"https:\/\/www.wallendorff.com\/belogue\/category\/alive\/"},"img":{"alt_text":"","src":"https:\/\/i0.wp.com\/www.wallendorff.com\/belogue\/wp-content\/uploads\/2015\/04\/200909091.jpg?resize=350%2C200&ssl=1","width":350,"height":200,"srcset":"https:\/\/i0.wp.com\/www.wallendorff.com\/belogue\/wp-content\/uploads\/2015\/04\/200909091.jpg?resize=350%2C200&ssl=1 1x, https:\/\/i0.wp.com\/www.wallendorff.com\/belogue\/wp-content\/uploads\/2015\/04\/200909091.jpg?resize=525%2C300&ssl=1 1.5x, https:\/\/i0.wp.com\/www.wallendorff.com\/belogue\/wp-content\/uploads\/2015\/04\/200909091.jpg?resize=700%2C400&ssl=1 2x"},"classes":[]},{"id":45943,"url":"https:\/\/www.wallendorff.com\/belogue\/2020\/07\/06\/17-ans-deurockeennes-2003-2009\/","url_meta":{"origin":713,"position":4},"title":"17 ans d&rsquo;Eurock\u00e9ennes : 2003 \u2013 2009","author":"dpc","date":"6 juillet 2020","format":false,"excerpt":"Bon j'ai plut\u00f4t 19 ans d'Eurock\u00e9ennes au compteur puisque j'ai \u00e9galement assist\u00e9 \u00e0 l'\u00e9dition 2001, mais depuis le public. Enfin on va pas chipoter. Puisque nous en sommes priv\u00e9s cette ann\u00e9e, je vous remets des archives des 12 \u00e9ditions que j'ai photographi\u00e9es pour nous rappeler le bon temps des festivals\u2026","rel":"","context":"Dans &quot;Alive&quot;","block_context":{"text":"Alive","link":"https:\/\/www.wallendorff.com\/belogue\/category\/alive\/"},"img":{"alt_text":"","src":"https:\/\/i0.wp.com\/www.wallendorff.com\/belogue\/wp-content\/uploads\/2020\/07\/20200706-42.jpg?resize=350%2C200&ssl=1","width":350,"height":200,"srcset":"https:\/\/i0.wp.com\/www.wallendorff.com\/belogue\/wp-content\/uploads\/2020\/07\/20200706-42.jpg?resize=350%2C200&ssl=1 1x, https:\/\/i0.wp.com\/www.wallendorff.com\/belogue\/wp-content\/uploads\/2020\/07\/20200706-42.jpg?resize=525%2C300&ssl=1 1.5x, https:\/\/i0.wp.com\/www.wallendorff.com\/belogue\/wp-content\/uploads\/2020\/07\/20200706-42.jpg?resize=700%2C400&ssl=1 2x, https:\/\/i0.wp.com\/www.wallendorff.com\/belogue\/wp-content\/uploads\/2020\/07\/20200706-42.jpg?resize=1050%2C600&ssl=1 3x"},"classes":[]},{"id":981,"url":"https:\/\/www.wallendorff.com\/belogue\/2007\/06\/25\/up-to-11\/","url_meta":{"origin":713,"position":5},"title":"Up to #11.","author":"dpc","date":"25 juin 2007","format":false,"excerpt":"#1 \u2013 Muse, Steelworx Festival, Esch-sur-Alzette, 22 juin 2002 Space Dementia | New One | New Born | Microcuts | Dead Star | Citizen Erased | Sunburn | In Your World | Feeling Good (Nina Simone) | Hyper Music | Muscle Museum | Plug in Baby | Bliss Je suis\u2026","rel":"","context":"Dans &quot;Alive&quot;","block_context":{"text":"Alive","link":"https:\/\/www.wallendorff.com\/belogue\/category\/alive\/"},"img":{"alt_text":"","src":"","width":0,"height":0},"classes":[]}],"_links":{"self":[{"href":"https:\/\/www.wallendorff.com\/belogue\/wp-json\/wp\/v2\/posts\/713","targetHints":{"allow":["GET"]}}],"collection":[{"href":"https:\/\/www.wallendorff.com\/belogue\/wp-json\/wp\/v2\/posts"}],"about":[{"href":"https:\/\/www.wallendorff.com\/belogue\/wp-json\/wp\/v2\/types\/post"}],"author":[{"embeddable":true,"href":"https:\/\/www.wallendorff.com\/belogue\/wp-json\/wp\/v2\/users\/1"}],"replies":[{"embeddable":true,"href":"https:\/\/www.wallendorff.com\/belogue\/wp-json\/wp\/v2\/comments?post=713"}],"version-history":[{"count":1,"href":"https:\/\/www.wallendorff.com\/belogue\/wp-json\/wp\/v2\/posts\/713\/revisions"}],"predecessor-version":[{"id":17808,"href":"https:\/\/www.wallendorff.com\/belogue\/wp-json\/wp\/v2\/posts\/713\/revisions\/17808"}],"wp:featuredmedia":[{"embeddable":true,"href":"https:\/\/www.wallendorff.com\/belogue\/wp-json\/wp\/v2\/media\/24657"}],"wp:attachment":[{"href":"https:\/\/www.wallendorff.com\/belogue\/wp-json\/wp\/v2\/media?parent=713"}],"wp:term":[{"taxonomy":"category","embeddable":true,"href":"https:\/\/www.wallendorff.com\/belogue\/wp-json\/wp\/v2\/categories?post=713"},{"taxonomy":"post_tag","embeddable":true,"href":"https:\/\/www.wallendorff.com\/belogue\/wp-json\/wp\/v2\/tags?post=713"}],"curies":[{"name":"wp","href":"https:\/\/api.w.org\/{rel}","templated":true}]}}