{"id":7005,"date":"2010-03-04T10:26:00","date_gmt":"2010-03-04T09:26:00","guid":{"rendered":"http:\/\/www.po-l.com\/belogue\/?p=7005"},"modified":"2012-02-23T13:44:29","modified_gmt":"2012-02-23T11:44:29","slug":"mon-pair-ce-heros","status":"publish","type":"post","link":"https:\/\/www.wallendorff.com\/belogue\/2010\/03\/04\/mon-pair-ce-heros\/","title":{"rendered":"Mon pair ce h\u00e9ros."},"content":{"rendered":"\n<div id=\"photo\">\n<p><img decoding=\"async\" src=\"https:\/\/www.wallendorff.com\/belogue\/photo\/2010\/03\/20100304.jpg\" \/><br \/>\nStation R&eacute;publique, Paris, 2 mars.<\/p>\n<\/p><\/div>\n<p>C&rsquo;est la troisi&egrave;me ann&eacute;e que le Jean-Pierre Dupire appara&icirc;t fier comme Artaban sur les affiches du m&eacute;tro et plus &ccedil;a va, plus je me dis qu&rsquo;un gars&#8230;<\/p>\n<ul>\n<ul>\n<li>Venant de mon pays<\/li>\n<li> Arborant une bien cocasse coiffure<\/li>\n<li>Cultivant un go&ucirc;t certain pour les photos avec du noir du blanc et du rouge aussi<\/li>\n<li> Qu&rsquo;il orne  de jeux de mots de qualit&eacute; discutable mais mettant &agrave; l&rsquo;honneur le po&ecirc;le dans toute sa splendeur<\/li>\n<\/ul>\n<\/ul>\n<p>Ne peut qu&rsquo;avoir un lien cosmique avec moi. Ma main au po&ecirc;le [&agrave; bois] [et toile &agrave; matelas] [ah ah] que je suis sa r&eacute;incarnation gallaghrique<sup>1<\/sup>.<\/p>\n<p style=\"text-align:right\">Surtout ne partez pas sans avoir vu <a href=\"http:\/\/www.youtube.com\/watch?v=K76u-lbuNfw\">la pube<\/a>.<\/p>\n<p style=\"text-align:right\">Ce mec est mon dieu.<\/p>\n<p>Ah et sinon comme je voulais reposter cet extrait des aventures rock et rollesques du <a href=\"http:\/\/www.rosshalfin.co.uk\">Ross Halfin<\/a> aux pays des vieux rock&egrave;res qui relate le jour o&ugrave; Gene Simmons a enlev&eacute; ses chaussettes sur la sc&egrave;ne de l&rsquo;Islington Academy &#8213;&nbsp;mardi soir, en fait&nbsp;&#8213; et que tout &ccedil;a ne tenait pas dans une truite, je le d&eacute;pose ici comme un cheveu s&rsquo;hurle &agrave; Snoop&nbsp;:<\/p>\n<p>&laquo;&nbsp;<em>Then <\/em>The Kings of the Night Time World<em> came saw and nearly literally   killed the crowd when the CO<sub>2<\/sub> in the confetti canons sucked the air out   of the venue. Gene Simmons nearly passed out behind his amps and Paul   Stanley told me he couldn&rsquo;t breathe and the band had to cut three songs   out of the show. The only person who seemed unaffected by it all was   Paul Elliott who carried on talking about Bon Jovi while everyone around   him was gasping for air&#8230; it was still a great show.<\/em>&nbsp;&raquo;<\/p>\n<p style=\"text-align:right\">Notons que Gene Simmons a r&eacute;ussi &agrave; &eacute;touffer l&rsquo;affaire, le forban.<\/p>\n<div id=\"bandeson\">\n<p><img decoding=\"async\" src=\"https:\/\/www.wallendorff.com\/belogue\/photo\/pochettes\/n\/neutral_milk_hotel-in_the_aeroplane_over_the_sea.jpg\" align=\"left\" \/>&nbsp;<a href=\"http:\/\/www.neutralmilkhotel.net\/\">Neutral Milk Hotel<\/a><sup>2<\/sup> &ndash; <em>Holland, 1945<\/em><\/p>\n<\/p><\/div>\n<div id=\"bas_note\">\n<p>_____<\/p>\n<p><sup>1<\/sup> R&eacute;incarnation gallaghrique&nbsp;: de Liam Gallagher, po&egrave;te chansonnier de la fin du XX<sup>e<\/sup> si&egrave;cle connu pour son physique simiesque et son obsession pour John Lennon &#8213;&nbsp;po&egrave;te chansonnier du milieu du XX<sup>e<\/sup> si&egrave;cle connu pour ses publicit&eacute;s <em>Belle Literie<\/em>&nbsp;&#8213; dont il pr&eacute;tendait &ecirc;tre la r&eacute;incarnation, bien qu&rsquo;&eacute;tant n&eacute; avant la mort de son &acirc;me source. Le concept de r&eacute;incarnation gallaghrique est r&eacute;fut&eacute; par l&rsquo;universit&eacute; de Boston et par Noel Gallagher &#8213;&nbsp;po&egrave;te chansonnier de la fin du XX<sup>e<\/sup> si&egrave;cle, fr&egrave;re du premier, connu pour son physique simiesque et ses sourcils amazoniens, pour sa part persuad&eacute; que Liam Gallagher est la r&eacute;incarnation d&rsquo;une hu&icirc;tre&nbsp;&#8213; mais reconnu par le Mandarom.<\/p>\n<p><sup>2<\/sup> Waw on croiverait que leur site n&rsquo;a pas boug&eacute; depuis 1998, c&rsquo;est fou, les g&eacute;n&eacute;rations futures pourraient vraiment tirer de grands enseignements d&rsquo;une telle cyber-relique.<\/p>\n<\/div>\n","protected":false},"excerpt":{"rendered":"<p>Station R&eacute;publique, Paris, 2 mars. C&rsquo;est la troisi&egrave;me ann&eacute;e que le Jean-Pierre Dupire appara&icirc;t fier comme Artaban sur les affiches du m&eacute;tro et plus &ccedil;a va, plus je me dis qu&rsquo;un gars&#8230; Venant de mon pays Arborant une bien cocasse coiffure Cultivant un go&ucirc;t certain pour les photos avec du noir du blanc et du&hellip;<\/p>\n","protected":false},"author":1,"featured_media":25702,"comment_status":"open","ping_status":"open","sticky":false,"template":"","format":"standard","meta":{"_acf_changed":false,"ngg_post_thumbnail":0,"jetpack_post_was_ever_published":false,"_jetpack_newsletter_access":"","_jetpack_dont_email_post_to_subs":false,"_jetpack_newsletter_tier_id":0,"_jetpack_memberships_contains_paywalled_content":false,"_jetpack_memberships_contains_paid_content":false,"footnotes":"","jetpack_publicize_message":"","jetpack_publicize_feature_enabled":true,"jetpack_social_post_already_shared":false,"jetpack_social_options":{"image_generator_settings":{"template":"highway","default_image_id":0,"font":"","enabled":false},"version":2}},"categories":[3],"tags":[10183,10488,2571,2615,10120,3551,10121,3546,3547,3428,10685,10378,10119,3550,10098,10287,10399,3548],"class_list":["post-7005","post","type-post","status-publish","format-standard","has-post-thumbnail","hentry","category-dpc","tag-10183","tag-affiche","tag-ef-16-35-mm-f28l-ii-usm","tag-eos-5d-mark-ii","tag-france","tag-holland-1945","tag-ile-de-france","tag-invicta","tag-jean-pierre-dupire","tag-kiss","tag-liam-gallagher","tag-ligne-3","tag-metro","tag-neutral-milk-hotel","tag-paris","tag-quai","tag-republique","tag-ross-halfin"],"acf":[],"geo":{"latitude":48.8674774,"longitude":2.3648181,"description":"8-12 Place de la R\u00e9publique, 75011 Paris, France"},"jetpack_publicize_connections":[],"jetpack_featured_media_url":"https:\/\/www.wallendorff.com\/belogue\/wp-content\/uploads\/2015\/04\/201003041.jpg","jetpack_shortlink":"https:\/\/wp.me\/p3b35P-1OZ","jetpack_sharing_enabled":true,"jetpack-related-posts":[{"id":134358,"url":"https:\/\/www.wallendorff.com\/belogue\/2025\/11\/13\/encyclies\/","url_meta":{"origin":7005,"position":0},"title":"Encyclies.","author":"dpc","date":"13 novembre 2025","format":false,"excerpt":"Paris, 2015 \u2013 2024. Encyclies. Des ronds dans l\u2019eau. Ces millions d\u2019ondes de r\u00e9percussion qu'ont provoqu\u00e9 nos vies lanc\u00e9es \u00e0 pleine vitesse dans le marais du drame. Des ondes qui en ont cr\u00e9\u00e9 d\u2019autres, qui encore aujourd\u2019hui se croisent, se percutent, se conjuguent.Voil\u00e0 10 ans que les pierres de nos\u2026","rel":"","context":"Dans &quot;DPC&quot;","block_context":{"text":"DPC","link":"https:\/\/www.wallendorff.com\/belogue\/category\/dpc\/"},"img":{"alt_text":"","src":"https:\/\/i0.wp.com\/www.wallendorff.com\/belogue\/wp-content\/uploads\/2025\/11\/20251113-05.jpg?resize=350%2C200&ssl=1","width":350,"height":200,"srcset":"https:\/\/i0.wp.com\/www.wallendorff.com\/belogue\/wp-content\/uploads\/2025\/11\/20251113-05.jpg?resize=350%2C200&ssl=1 1x, https:\/\/i0.wp.com\/www.wallendorff.com\/belogue\/wp-content\/uploads\/2025\/11\/20251113-05.jpg?resize=525%2C300&ssl=1 1.5x, https:\/\/i0.wp.com\/www.wallendorff.com\/belogue\/wp-content\/uploads\/2025\/11\/20251113-05.jpg?resize=700%2C400&ssl=1 2x, https:\/\/i0.wp.com\/www.wallendorff.com\/belogue\/wp-content\/uploads\/2025\/11\/20251113-05.jpg?resize=1050%2C600&ssl=1 3x"},"classes":[]},{"id":132374,"url":"https:\/\/www.wallendorff.com\/belogue\/2025\/06\/01\/lenjouement\/","url_meta":{"origin":7005,"position":1},"title":"L&rsquo;enjouement.","author":"dpc","date":"1 juin 2025","format":false,"excerpt":"Paris, 31 mai 2025.","rel":"","context":"Dans &quot;DPC&quot;","block_context":{"text":"DPC","link":"https:\/\/www.wallendorff.com\/belogue\/category\/dpc\/"},"img":{"alt_text":"","src":"https:\/\/i0.wp.com\/www.wallendorff.com\/belogue\/wp-content\/uploads\/2025\/06\/20250601-26.jpg?resize=350%2C200&ssl=1","width":350,"height":200,"srcset":"https:\/\/i0.wp.com\/www.wallendorff.com\/belogue\/wp-content\/uploads\/2025\/06\/20250601-26.jpg?resize=350%2C200&ssl=1 1x, https:\/\/i0.wp.com\/www.wallendorff.com\/belogue\/wp-content\/uploads\/2025\/06\/20250601-26.jpg?resize=525%2C300&ssl=1 1.5x, https:\/\/i0.wp.com\/www.wallendorff.com\/belogue\/wp-content\/uploads\/2025\/06\/20250601-26.jpg?resize=700%2C400&ssl=1 2x, https:\/\/i0.wp.com\/www.wallendorff.com\/belogue\/wp-content\/uploads\/2025\/06\/20250601-26.jpg?resize=1050%2C600&ssl=1 3x"},"classes":[]},{"id":4122,"url":"https:\/\/www.wallendorff.com\/belogue\/2009\/04\/07\/precis-dans-dlarret-public\/","url_meta":{"origin":7005,"position":2},"title":"Pr\u00e9cis dans d&rsquo;l&rsquo;arr\u00eat public.","author":"dpc","date":"7 avril 2009","format":false,"excerpt":"Puisqu'on prive ma ligne de station R\u00e9publique pour les deux mois \u00e0 venir, consolons-nous avec cet inestimable document d'images en mouvement qui voit une rame s'arr\u00eater dans la dite station et laisser ses passagers aller prendre la pour rejoindre les bas de quais de Gare de l'Est ou la pour\u2026","rel":"","context":"Dans &quot;DPC&quot;","block_context":{"text":"DPC","link":"https:\/\/www.wallendorff.com\/belogue\/category\/dpc\/"},"img":{"alt_text":"","src":"","width":0,"height":0},"classes":[]},{"id":16039,"url":"https:\/\/www.wallendorff.com\/belogue\/2012\/02\/23\/bien-velu-a-bord\/","url_meta":{"origin":7005,"position":3},"title":"Bien velu \u00e0 bord.","author":"dpc","date":"23 f\u00e9vrier 2012","format":false,"excerpt":"Station Pigalle, Paris, 22 f\u00e9vrier. Ha\u00efku\u00a0: Le printemps est l\u00e0 Beau soleil, vivante nature Le po\u00eale repousse. Band of Skulls \u2013 You're Not Pretty But You Got It Going on [youtube]http:\/\/www.youtube.com\/watch?v=B0MZ69Y0Z_Q[\/youtube]","rel":"","context":"Dans &quot;DPC&quot;","block_context":{"text":"DPC","link":"https:\/\/www.wallendorff.com\/belogue\/category\/dpc\/"},"img":{"alt_text":"","src":"https:\/\/i0.wp.com\/www.wallendorff.com\/belogue\/wp-content\/uploads\/2015\/04\/201202231.jpg?resize=350%2C200&ssl=1","width":350,"height":200,"srcset":"https:\/\/i0.wp.com\/www.wallendorff.com\/belogue\/wp-content\/uploads\/2015\/04\/201202231.jpg?resize=350%2C200&ssl=1 1x, https:\/\/i0.wp.com\/www.wallendorff.com\/belogue\/wp-content\/uploads\/2015\/04\/201202231.jpg?resize=525%2C300&ssl=1 1.5x, https:\/\/i0.wp.com\/www.wallendorff.com\/belogue\/wp-content\/uploads\/2015\/04\/201202231.jpg?resize=700%2C400&ssl=1 2x"},"classes":[]},{"id":125251,"url":"https:\/\/www.wallendorff.com\/belogue\/2023\/06\/30\/juin-2023\/","url_meta":{"origin":7005,"position":4},"title":"Juin 2023.","author":"dpc","date":"30 juin 2023","format":false,"excerpt":"Un rayon de soleil, un balcon, une ombre, un bisou, un m\u00e9tro flou, un mus\u00e9e, une ruelle, un reflet, un arr\u00eat de bus, un couloir, un m\u00e9tro flou, un escalier, un papillon, une autoroute, un Intermarch\u00e9, un saxophone, une grotte, une belle famille, un arbre \u00e0 gamins, une station-service, un\u2026","rel":"","context":"Dans &quot;Blog-note&quot;","block_context":{"text":"Blog-note","link":"https:\/\/www.wallendorff.com\/belogue\/category\/blog-note\/"},"img":{"alt_text":"","src":"https:\/\/i0.wp.com\/www.wallendorff.com\/belogue\/wp-content\/uploads\/2023\/07\/20230717-45.jpg?resize=350%2C200&ssl=1","width":350,"height":200,"srcset":"https:\/\/i0.wp.com\/www.wallendorff.com\/belogue\/wp-content\/uploads\/2023\/07\/20230717-45.jpg?resize=350%2C200&ssl=1 1x, https:\/\/i0.wp.com\/www.wallendorff.com\/belogue\/wp-content\/uploads\/2023\/07\/20230717-45.jpg?resize=525%2C300&ssl=1 1.5x, https:\/\/i0.wp.com\/www.wallendorff.com\/belogue\/wp-content\/uploads\/2023\/07\/20230717-45.jpg?resize=700%2C400&ssl=1 2x, https:\/\/i0.wp.com\/www.wallendorff.com\/belogue\/wp-content\/uploads\/2023\/07\/20230717-45.jpg?resize=1050%2C600&ssl=1 3x"},"classes":[]},{"id":6013,"url":"https:\/\/www.wallendorff.com\/belogue\/2010\/01\/13\/comment-vas-tu-yau-de-poele\/","url_meta":{"origin":7005,"position":5},"title":"Comment vas-tu, Yau de po\u00eble ?","author":"dpc","date":"13 janvier 2010","format":false,"excerpt":"Rue Daviel, Paris, 18 d\u00e9cembre 2009. \u00a0Yeah Yeah Yeahs \u2013 All I Want for Christmas Puisque je viens d'enquiller 100 notasses cons\u00e9cutives depuis le 5 octobre1 avec presque autant de jeux de mots \u00e0 la con, aujourd'hui c'est rel\u00e2che avec titre tr\u00e8s tr\u00e8s nul. Et peut-\u00eatre demain aussi, tiens. _____\u2026","rel":"","context":"Dans &quot;DPC&quot;","block_context":{"text":"DPC","link":"https:\/\/www.wallendorff.com\/belogue\/category\/dpc\/"},"img":{"alt_text":"","src":"https:\/\/i0.wp.com\/www.wallendorff.com\/belogue\/wp-content\/uploads\/2015\/04\/201001131.jpg?resize=350%2C200&ssl=1","width":350,"height":200},"classes":[]}],"_links":{"self":[{"href":"https:\/\/www.wallendorff.com\/belogue\/wp-json\/wp\/v2\/posts\/7005","targetHints":{"allow":["GET"]}}],"collection":[{"href":"https:\/\/www.wallendorff.com\/belogue\/wp-json\/wp\/v2\/posts"}],"about":[{"href":"https:\/\/www.wallendorff.com\/belogue\/wp-json\/wp\/v2\/types\/post"}],"author":[{"embeddable":true,"href":"https:\/\/www.wallendorff.com\/belogue\/wp-json\/wp\/v2\/users\/1"}],"replies":[{"embeddable":true,"href":"https:\/\/www.wallendorff.com\/belogue\/wp-json\/wp\/v2\/comments?post=7005"}],"version-history":[{"count":3,"href":"https:\/\/www.wallendorff.com\/belogue\/wp-json\/wp\/v2\/posts\/7005\/revisions"}],"predecessor-version":[{"id":16044,"href":"https:\/\/www.wallendorff.com\/belogue\/wp-json\/wp\/v2\/posts\/7005\/revisions\/16044"}],"wp:featuredmedia":[{"embeddable":true,"href":"https:\/\/www.wallendorff.com\/belogue\/wp-json\/wp\/v2\/media\/25702"}],"wp:attachment":[{"href":"https:\/\/www.wallendorff.com\/belogue\/wp-json\/wp\/v2\/media?parent=7005"}],"wp:term":[{"taxonomy":"category","embeddable":true,"href":"https:\/\/www.wallendorff.com\/belogue\/wp-json\/wp\/v2\/categories?post=7005"},{"taxonomy":"post_tag","embeddable":true,"href":"https:\/\/www.wallendorff.com\/belogue\/wp-json\/wp\/v2\/tags?post=7005"}],"curies":[{"name":"wp","href":"https:\/\/api.w.org\/{rel}","templated":true}]}}