{"id":696,"date":"2004-08-17T19:47:34","date_gmt":"2004-08-17T19:47:34","guid":{"rendered":"http:\/\/www.po-l.com\/wordpress\/?p=696"},"modified":"2012-08-07T11:26:59","modified_gmt":"2012-08-07T09:26:59","slug":"la-venezolana-educacion","status":"publish","type":"post","link":"https:\/\/www.wallendorff.com\/belogue\/2004\/08\/17\/la-venezolana-educacion\/","title":{"rendered":"La venezolana educaci\u00f3n."},"content":{"rendered":"\n<div id=\"photo\">\n<p><img decoding=\"async\" src=\"https:\/\/www.wallendorff.com\/belogue\/photo\/2004\/08\/52.jpg\" \/><\/p>\n<\/p><\/div>\n<p style=\"text-align:right\">Notez avec quelle d\u00e9votion notre ami Eduardo go\u00fbte le biberon de sa tiote avant de la nourrir. C&rsquo;est beau, le sacrifice de la paternit\u00e9.<\/p>\n<div id=\"bandeson\">\n<p><img decoding=\"async\" src=\"https:\/\/www.wallendorff.com\/belogue\/photo\/pochettes\/d\/dionysos-whatever_the_weather_electrique.jpg\" align=\"left\" \/>&nbsp;<a href=\"http:\/\/www.dionyweb.com\/\">Dionysos<\/a> &ndash; <em>Coccinelle<\/em> (live)<\/p>\n<\/p><\/div>\n","protected":false},"excerpt":{"rendered":"<p>Notez avec quelle d\u00e9votion notre ami Eduardo go\u00fbte le biberon de sa tiote avant de la nourrir. C&rsquo;est beau, le sacrifice de la paternit\u00e9. &nbsp;Dionysos &ndash; Coccinelle (live)<\/p>\n","protected":false},"author":1,"featured_media":24641,"comment_status":"open","ping_status":"open","sticky":false,"template":"","format":"standard","meta":{"_acf_changed":false,"ngg_post_thumbnail":0,"jetpack_post_was_ever_published":false,"_jetpack_newsletter_access":"","_jetpack_dont_email_post_to_subs":false,"_jetpack_newsletter_tier_id":0,"_jetpack_memberships_contains_paywalled_content":false,"_jetpack_memberships_contains_paid_content":false,"footnotes":"","jetpack_publicize_message":"","jetpack_publicize_feature_enabled":true,"jetpack_social_post_already_shared":false,"jetpack_social_options":{"image_generator_settings":{"template":"highway","default_image_id":0,"font":"","enabled":false},"version":2}},"categories":[3],"tags":[148,62,10115,10644,10169,370,10113,302,55,54,143],"class_list":["post-696","post","type-post","status-publish","format-standard","has-post-thumbnail","hentry","category-dpc","tag-a80","tag-ann-arbor","tag-bar","tag-bebe","tag-biere","tag-coccinelle","tag-dionysos","tag-eduardo","tag-etats-unis","tag-michigan","tag-noir-et-blanc"],"acf":[],"geo":{"latitude":42.2805023,"longitude":-83.7495346,"description":null},"jetpack_publicize_connections":[],"jetpack_featured_media_url":"https:\/\/www.wallendorff.com\/belogue\/wp-content\/uploads\/2015\/04\/525.jpg","jetpack_shortlink":"https:\/\/wp.me\/p3b35P-be","jetpack_sharing_enabled":true,"jetpack-related-posts":[{"id":19266,"url":"https:\/\/www.wallendorff.com\/belogue\/2012\/10\/12\/dionysos-lolympia-paris-11-octobre\/","url_meta":{"origin":696,"position":0},"title":"Dionysos @ l&rsquo;Olympia, Paris, 11 octobre.","author":"dpc","date":"12 octobre 2012","format":false,"excerpt":"Bird 'n' Roll | June Carter en slim | Tais-toi mon c\u0153ur | Dreamoscope | Le Grand cheval aux yeux gris | Coccinelle | Le Jour le plus froid du monde | Miss Acacia | Mc Enroe's Poetry | Cloudman | Song for Jedi | Can I | Spidergirl ||\u2026","rel":"","context":"Dans &quot;Alive&quot;","block_context":{"text":"Alive","link":"https:\/\/www.wallendorff.com\/belogue\/category\/alive\/"},"img":{"alt_text":"","src":"https:\/\/i0.wp.com\/www.wallendorff.com\/belogue\/wp-content\/uploads\/2015\/04\/201210131.jpg?resize=350%2C200&ssl=1","width":350,"height":200,"srcset":"https:\/\/i0.wp.com\/www.wallendorff.com\/belogue\/wp-content\/uploads\/2015\/04\/201210131.jpg?resize=350%2C200&ssl=1 1x, https:\/\/i0.wp.com\/www.wallendorff.com\/belogue\/wp-content\/uploads\/2015\/04\/201210131.jpg?resize=525%2C300&ssl=1 1.5x, https:\/\/i0.wp.com\/www.wallendorff.com\/belogue\/wp-content\/uploads\/2015\/04\/201210131.jpg?resize=700%2C400&ssl=1 2x"},"classes":[]},{"id":128516,"url":"https:\/\/www.wallendorff.com\/belogue\/2024\/06\/20\/cetait-2012\/","url_meta":{"origin":696,"position":1},"title":"C&rsquo;\u00e9tait 2012.","author":"dpc","date":"20 juin 2024","format":false,"excerpt":"2012, rebonds. Gossip @ la Cigale, Paris, 14\/05\/2012 Les D\u00e9ferlantes, Argel\u00e8s-sur-Mer, 07\/07\/2012 Daniel Darc @ les D\u00e9ferlantes, Argel\u00e8s-sur-Mer, 08\/07\/2012 Dionysos @ Pal\u00e9o Festival, Nyon, 18\/07\/2012 Pal\u00e9o Festival, Nyon, 20\/07\/2012 Airnadette @ Pal\u00e9o Festival, Nyon, 21\/07\/2012 Green Day @ Rock en Seine, Domaine National de Saint-Cloud, 26\/08\/2012","rel":"","context":"Dans &quot;DPC&quot;","block_context":{"text":"DPC","link":"https:\/\/www.wallendorff.com\/belogue\/category\/dpc\/"},"img":{"alt_text":"","src":"https:\/\/i0.wp.com\/www.wallendorff.com\/belogue\/wp-content\/uploads\/2024\/06\/20240620-17.jpg?resize=350%2C200&ssl=1","width":350,"height":200,"srcset":"https:\/\/i0.wp.com\/www.wallendorff.com\/belogue\/wp-content\/uploads\/2024\/06\/20240620-17.jpg?resize=350%2C200&ssl=1 1x, https:\/\/i0.wp.com\/www.wallendorff.com\/belogue\/wp-content\/uploads\/2024\/06\/20240620-17.jpg?resize=525%2C300&ssl=1 1.5x, https:\/\/i0.wp.com\/www.wallendorff.com\/belogue\/wp-content\/uploads\/2024\/06\/20240620-17.jpg?resize=700%2C400&ssl=1 2x, https:\/\/i0.wp.com\/www.wallendorff.com\/belogue\/wp-content\/uploads\/2024\/06\/20240620-17.jpg?resize=1050%2C600&ssl=1 3x"},"classes":[]},{"id":128329,"url":"https:\/\/www.wallendorff.com\/belogue\/2024\/06\/14\/cetait-2006\/","url_meta":{"origin":696,"position":2},"title":"C&rsquo;\u00e9tait 2006.","author":"dpc","date":"14 juin 2024","format":false,"excerpt":"62 concerts en 2006. \u00c7a explique la nature de la galerie de l'ann\u00e9e. Arctic Monkeys @ le Trabendo, Paris, 24 f\u00e9vrier 2006 Londres, 3 mars 2006 Londres, 28 avril 2006 Arctic Monkeys @ le Bataclan, Paris, 2 mai 2006 Dresden Dolls @ le Bataclan, Paris, 18 mai 2006 Asyl @\u2026","rel":"","context":"Dans &quot;DPC&quot;","block_context":{"text":"DPC","link":"https:\/\/www.wallendorff.com\/belogue\/category\/dpc\/"},"img":{"alt_text":"","src":"https:\/\/i0.wp.com\/www.wallendorff.com\/belogue\/wp-content\/uploads\/2024\/06\/20240614-19.jpg?resize=350%2C200&ssl=1","width":350,"height":200,"srcset":"https:\/\/i0.wp.com\/www.wallendorff.com\/belogue\/wp-content\/uploads\/2024\/06\/20240614-19.jpg?resize=350%2C200&ssl=1 1x, https:\/\/i0.wp.com\/www.wallendorff.com\/belogue\/wp-content\/uploads\/2024\/06\/20240614-19.jpg?resize=525%2C300&ssl=1 1.5x, https:\/\/i0.wp.com\/www.wallendorff.com\/belogue\/wp-content\/uploads\/2024\/06\/20240614-19.jpg?resize=700%2C400&ssl=1 2x, https:\/\/i0.wp.com\/www.wallendorff.com\/belogue\/wp-content\/uploads\/2024\/06\/20240614-19.jpg?resize=1050%2C600&ssl=1 3x"},"classes":[]},{"id":49302,"url":"https:\/\/www.wallendorff.com\/belogue\/2021\/08\/28\/festival-face-b-charleville-mezieres-27-aout-2021\/","url_meta":{"origin":696,"position":3},"title":"Festival Face B, Charleville-M\u00e9zi\u00e8res, 27 ao\u00fbt 2021.","author":"dpc","date":"28 ao\u00fbt 2021","format":false,"excerpt":"Avec Dionysos, Benjamin Biolay et l'Imp\u00e9ratrice. Festival Face B, Charleville-M\u00e9zi\u00e8res, 27\/08\/2021 Festival Face B, Charleville-M\u00e9zi\u00e8res, 27\/08\/2021 Festival Face B, Charleville-M\u00e9zi\u00e8res, 27\/08\/2021 Festival Face B, Charleville-M\u00e9zi\u00e8res, 27\/08\/2021 Dionysos @ Festival Face B, Charleville-M\u00e9zi\u00e8res, 27\/08\/2021 Festival Face B, Charleville-M\u00e9zi\u00e8res, 27\/08\/2021 Dionysos @ Festival Face B, Charleville-M\u00e9zi\u00e8res, 27\/08\/2021 Festival Face B, Charleville-M\u00e9zi\u00e8res, 27\/08\/2021\u2026","rel":"","context":"Dans &quot;Alive&quot;","block_context":{"text":"Alive","link":"https:\/\/www.wallendorff.com\/belogue\/category\/alive\/"},"img":{"alt_text":"","src":"https:\/\/i0.wp.com\/www.wallendorff.com\/belogue\/wp-content\/uploads\/2021\/08\/20210828-25.jpg?resize=350%2C200&ssl=1","width":350,"height":200,"srcset":"https:\/\/i0.wp.com\/www.wallendorff.com\/belogue\/wp-content\/uploads\/2021\/08\/20210828-25.jpg?resize=350%2C200&ssl=1 1x, https:\/\/i0.wp.com\/www.wallendorff.com\/belogue\/wp-content\/uploads\/2021\/08\/20210828-25.jpg?resize=525%2C300&ssl=1 1.5x, https:\/\/i0.wp.com\/www.wallendorff.com\/belogue\/wp-content\/uploads\/2021\/08\/20210828-25.jpg?resize=700%2C400&ssl=1 2x, https:\/\/i0.wp.com\/www.wallendorff.com\/belogue\/wp-content\/uploads\/2021\/08\/20210828-25.jpg?resize=1050%2C600&ssl=1 3x"},"classes":[]},{"id":817,"url":"https:\/\/www.wallendorff.com\/belogue\/2006\/10\/29\/dionysos-wsg-synfonietta-de-belfort-le-zenith-paris\/","url_meta":{"origin":696,"position":4},"title":"Dionysos wsg Synfonietta de Belfort @ le Z\u00e9nith, Paris.","author":"dpc","date":"29 octobre 2006","format":false,"excerpt":"Tu prends le Z\u00e9nith, tu le retournes et tu t'en vas. Groupe d\u00e9cha\u00een\u00e9 comme \u00e0 son habitude, 150\u00a0cm de son leader furieusement fid\u00e8le \u00e0 lui-m\u00eame, le tout soutenu par les 60 musiciens de la Synfonietta de Belfort d\u00e9j\u00e0 pr\u00e9sents aux Eurock\u00e9ennes, mais sans les \u00e9cureuils-mangeurs-de-fils qui y avaient g\u00e2ch\u00e9 la\u2026","rel":"","context":"Dans &quot;Alive&quot;","block_context":{"text":"Alive","link":"https:\/\/www.wallendorff.com\/belogue\/category\/alive\/"},"img":{"alt_text":"","src":"https:\/\/i0.wp.com\/www.wallendorff.com\/belogue\/wp-content\/uploads\/2015\/04\/200610291.jpg?resize=350%2C200&ssl=1","width":350,"height":200,"srcset":"https:\/\/i0.wp.com\/www.wallendorff.com\/belogue\/wp-content\/uploads\/2015\/04\/200610291.jpg?resize=350%2C200&ssl=1 1x, https:\/\/i0.wp.com\/www.wallendorff.com\/belogue\/wp-content\/uploads\/2015\/04\/200610291.jpg?resize=525%2C300&ssl=1 1.5x, https:\/\/i0.wp.com\/www.wallendorff.com\/belogue\/wp-content\/uploads\/2015\/04\/200610291.jpg?resize=700%2C400&ssl=1 2x"},"classes":[]},{"id":1205,"url":"https:\/\/www.wallendorff.com\/belogue\/2008\/04\/13\/previously-unreleased-81\/","url_meta":{"origin":696,"position":5},"title":"Previously unreleased #81\u00b9.","author":"dpc","date":"13 avril 2008","format":false,"excerpt":"Dionysos, les Ar\u00e8nes, Metz, 18 janvier. \u00a0The Duke Spirit \u2013 Into the Fold _____ 1 Previously unreleased is a trademark from the Juliette Robert Photography Company, Inc.","rel":"","context":"Dans &quot;Previously unreleased&quot;","block_context":{"text":"Previously unreleased","link":"https:\/\/www.wallendorff.com\/belogue\/category\/previously-unreleased\/"},"img":{"alt_text":"","src":"https:\/\/i0.wp.com\/www.wallendorff.com\/belogue\/wp-content\/uploads\/2015\/04\/200804131.jpg?resize=350%2C200&ssl=1","width":350,"height":200,"srcset":"https:\/\/i0.wp.com\/www.wallendorff.com\/belogue\/wp-content\/uploads\/2015\/04\/200804131.jpg?resize=350%2C200&ssl=1 1x, https:\/\/i0.wp.com\/www.wallendorff.com\/belogue\/wp-content\/uploads\/2015\/04\/200804131.jpg?resize=525%2C300&ssl=1 1.5x"},"classes":[]}],"_links":{"self":[{"href":"https:\/\/www.wallendorff.com\/belogue\/wp-json\/wp\/v2\/posts\/696","targetHints":{"allow":["GET"]}}],"collection":[{"href":"https:\/\/www.wallendorff.com\/belogue\/wp-json\/wp\/v2\/posts"}],"about":[{"href":"https:\/\/www.wallendorff.com\/belogue\/wp-json\/wp\/v2\/types\/post"}],"author":[{"embeddable":true,"href":"https:\/\/www.wallendorff.com\/belogue\/wp-json\/wp\/v2\/users\/1"}],"replies":[{"embeddable":true,"href":"https:\/\/www.wallendorff.com\/belogue\/wp-json\/wp\/v2\/comments?post=696"}],"version-history":[{"count":1,"href":"https:\/\/www.wallendorff.com\/belogue\/wp-json\/wp\/v2\/posts\/696\/revisions"}],"predecessor-version":[{"id":18500,"href":"https:\/\/www.wallendorff.com\/belogue\/wp-json\/wp\/v2\/posts\/696\/revisions\/18500"}],"wp:featuredmedia":[{"embeddable":true,"href":"https:\/\/www.wallendorff.com\/belogue\/wp-json\/wp\/v2\/media\/24641"}],"wp:attachment":[{"href":"https:\/\/www.wallendorff.com\/belogue\/wp-json\/wp\/v2\/media?parent=696"}],"wp:term":[{"taxonomy":"category","embeddable":true,"href":"https:\/\/www.wallendorff.com\/belogue\/wp-json\/wp\/v2\/categories?post=696"},{"taxonomy":"post_tag","embeddable":true,"href":"https:\/\/www.wallendorff.com\/belogue\/wp-json\/wp\/v2\/tags?post=696"}],"curies":[{"name":"wp","href":"https:\/\/api.w.org\/{rel}","templated":true}]}}