{"id":692,"date":"2004-08-19T17:31:28","date_gmt":"2004-08-19T17:31:28","guid":{"rendered":"http:\/\/www.po-l.com\/wordpress\/?p=692"},"modified":"2012-08-07T16:53:42","modified_gmt":"2012-08-07T14:53:42","slug":"truc-de-dingue-grave","status":"publish","type":"post","link":"https:\/\/www.wallendorff.com\/belogue\/2004\/08\/19\/truc-de-dingue-grave\/","title":{"rendered":"Truc de dingue grave."},"content":{"rendered":"\n<div id=\"photo\">\n<p><img decoding=\"async\" src=\"https:\/\/www.wallendorff.com\/belogue\/photo\/2004\/08\/56.jpg\" \/><\/p>\n<\/p><\/div>\n<p style=\"text-align:center\">Du ciel bleu&nbsp;! \u00c7a fait 15 jours que j&rsquo;avais pas vu de ciel bleu&nbsp;!<\/p>\n<p><a href=\"http:\/\/www.cnn.com\/2004\/US\/West\/08\/18\/bear.beer.reut\/index.html\">Op\u00e9ration Grizzly Bourr\u00e9<\/a>.<\/p>\n<div id=\"bandeson\">\n<p><img decoding=\"async\" src=\"https:\/\/www.wallendorff.com\/belogue\/photo\/pochettes\/f\/franz_ferdinand-franz_ferdinand.jpg\" align=\"left\" \/>&nbsp;<a href=\"http:\/\/www.franzferdinand.co.uk\/\">Franz Ferdinand<\/a> &ndash; <em>Michael<\/em><\/p>\n<\/p><\/div>\n","protected":false},"excerpt":{"rendered":"<p>Du ciel bleu&nbsp;! \u00c7a fait 15 jours que j&rsquo;avais pas vu de ciel bleu&nbsp;! Op\u00e9ration Grizzly Bourr\u00e9. &nbsp;Franz Ferdinand &ndash; Michael<\/p>\n","protected":false},"author":1,"featured_media":24637,"comment_status":"open","ping_status":"open","sticky":false,"template":"","format":"standard","meta":{"_acf_changed":false,"ngg_post_thumbnail":0,"jetpack_post_was_ever_published":false,"_jetpack_newsletter_access":"","_jetpack_dont_email_post_to_subs":false,"_jetpack_newsletter_tier_id":0,"_jetpack_memberships_contains_paywalled_content":false,"_jetpack_memberships_contains_paid_content":false,"footnotes":"","jetpack_publicize_message":"","jetpack_publicize_feature_enabled":true,"jetpack_social_post_already_shared":false,"jetpack_social_options":{"image_generator_settings":{"template":"highway","default_image_id":0,"font":"","enabled":false},"version":2}},"categories":[3],"tags":[148,10145,10100,379],"class_list":["post-692","post","type-post","status-publish","format-standard","has-post-thumbnail","hentry","category-dpc","tag-a80","tag-bureau","tag-franz-ferdinand","tag-michael"],"acf":[],"geo":{"latitude":42.6344719,"longitude":-83.2487411,"description":"85 S Opdyke Rd, Auburn Hills, MI 48326, USA"},"jetpack_publicize_connections":[],"jetpack_featured_media_url":"https:\/\/www.wallendorff.com\/belogue\/wp-content\/uploads\/2015\/04\/563.jpg","jetpack_shortlink":"https:\/\/wp.me\/p3b35P-ba","jetpack_sharing_enabled":true,"jetpack-related-posts":[{"id":45582,"url":"https:\/\/www.wallendorff.com\/belogue\/2020\/04\/30\/avril-2020\/","url_meta":{"origin":692,"position":0},"title":"Avril 2020.","author":"dpc","date":"30 avril 2020","format":false,"excerpt":"Un ciel bleu, 360\u00b0 de salon, un chat pr\u00e9nomm\u00e9 Confinement, des volets, un ciel nuageux, un chat pr\u00e9nomm\u00e9 Confinement, un ciel n\u00e9buleux, un banc, une rue vide, une rue vide, une rue presque vide, une rue vide, une rue vide, un ciel bleu, un chat pr\u00e9nomm\u00e9 Confinement, un chat pr\u00e9nomm\u00e9\u2026","rel":"","context":"Dans &quot;Blog-note&quot;","block_context":{"text":"Blog-note","link":"https:\/\/www.wallendorff.com\/belogue\/category\/blog-note\/"},"img":{"alt_text":"","src":"https:\/\/i0.wp.com\/www.wallendorff.com\/belogue\/wp-content\/uploads\/2020\/05\/20200507-108.jpg?resize=350%2C200&ssl=1","width":350,"height":200,"srcset":"https:\/\/i0.wp.com\/www.wallendorff.com\/belogue\/wp-content\/uploads\/2020\/05\/20200507-108.jpg?resize=350%2C200&ssl=1 1x, https:\/\/i0.wp.com\/www.wallendorff.com\/belogue\/wp-content\/uploads\/2020\/05\/20200507-108.jpg?resize=525%2C300&ssl=1 1.5x, https:\/\/i0.wp.com\/www.wallendorff.com\/belogue\/wp-content\/uploads\/2020\/05\/20200507-108.jpg?resize=700%2C400&ssl=1 2x, https:\/\/i0.wp.com\/www.wallendorff.com\/belogue\/wp-content\/uploads\/2020\/05\/20200507-108.jpg?resize=1050%2C600&ssl=1 3x"},"classes":[]},{"id":516,"url":"https:\/\/www.wallendorff.com\/belogue\/2005\/01\/02\/archange-ciel\/","url_meta":{"origin":692,"position":1},"title":"Archange-ciel.","author":"dpc","date":"2 janvier 2005","format":false,"excerpt":"Le Printemps, Paris, 29 d\u00e9cembre 2004. 2004 en 5 albums: The Libertines - The Libertines Snow Patrol - Final Straw Flogging Molly - Within a Mile of Home Ghinzu - Blow Franz Ferdinand - Franz Ferdinand Le 2 janvier 2005 en 5 trucs \u00e0 faire: Une valise Deux valises Des\u2026","rel":"","context":"Dans &quot;DPC&quot;","block_context":{"text":"DPC","link":"https:\/\/www.wallendorff.com\/belogue\/category\/dpc\/"},"img":{"alt_text":"","src":"https:\/\/i0.wp.com\/www.wallendorff.com\/belogue\/wp-content\/uploads\/2015\/04\/20050102-statue1.jpg?resize=350%2C200&ssl=1","width":350,"height":200},"classes":[]},{"id":4567,"url":"https:\/\/www.wallendorff.com\/belogue\/2009\/08\/28\/ctane-lecu-brique\/","url_meta":{"origin":692,"position":2},"title":"C&rsquo;t&rsquo;\u00e2ne l&rsquo;\u00e9cu brique.","author":"dpc","date":"28 ao\u00fbt 2009","format":false,"excerpt":"First National Bank Building, Ann Arbor, 5 mai. \u00a0 Franz Ferdinand \u2013 You Could Have it So Much Better Oui oui c'est la m\u00eame que l\u00e0. C'est quand m\u00eame fou, la vie.","rel":"","context":"Dans &quot;DPC&quot;","block_context":{"text":"DPC","link":"https:\/\/www.wallendorff.com\/belogue\/category\/dpc\/"},"img":{"alt_text":"","src":"https:\/\/i0.wp.com\/www.wallendorff.com\/belogue\/wp-content\/uploads\/2015\/04\/200908281.jpg?resize=350%2C200&ssl=1","width":350,"height":200},"classes":[]},{"id":37312,"url":"https:\/\/www.wallendorff.com\/belogue\/2018\/02\/23\/into-the-wide-135\/","url_meta":{"origin":692,"position":3},"title":"Into the wide #135.","author":"dpc","date":"23 f\u00e9vrier 2018","format":false,"excerpt":"Palais du Belv\u00e9d\u00e8re, Vienne, 10 d\u00e9cembre 2017. Paper Cages Franz Ferdinand","rel":"","context":"Dans &quot;Into the wide&quot;","block_context":{"text":"Into the wide","link":"https:\/\/www.wallendorff.com\/belogue\/category\/into-the-wide\/"},"img":{"alt_text":"Palais du Belv&eacute;d&egrave;re, Vienne, 10 d&eacute;cembre 2017","src":"https:\/\/i0.wp.com\/www.wallendorff.com\/belogue\/wp-content\/uploads\/2018\/02\/20180223.jpg?resize=350%2C200&ssl=1","width":350,"height":200,"srcset":"https:\/\/i0.wp.com\/www.wallendorff.com\/belogue\/wp-content\/uploads\/2018\/02\/20180223.jpg?resize=350%2C200&ssl=1 1x, https:\/\/i0.wp.com\/www.wallendorff.com\/belogue\/wp-content\/uploads\/2018\/02\/20180223.jpg?resize=525%2C300&ssl=1 1.5x, https:\/\/i0.wp.com\/www.wallendorff.com\/belogue\/wp-content\/uploads\/2018\/02\/20180223.jpg?resize=700%2C400&ssl=1 2x, https:\/\/i0.wp.com\/www.wallendorff.com\/belogue\/wp-content\/uploads\/2018\/02\/20180223.jpg?resize=1050%2C600&ssl=1 3x"},"classes":[]},{"id":1368,"url":"https:\/\/www.wallendorff.com\/belogue\/2004\/12\/02\/franz-ferdinand-cobo-arena-detroit-2\/","url_meta":{"origin":692,"position":4},"title":"Franz Ferdinand @ Cobo Arena, D\u00e9troit","author":"dpc","date":"2 d\u00e9cembre 2004","format":false,"excerpt":"Michael |\u00a0Tell Her Tonight |\u00a0Cheating on You |\u00a0Take Me Out |\u00a0Dark of the Matin\u00e9e |\u00a0Darts of Pleasure | This Fire Ich heisse Superfantastisch, Ich trinke Schampus mit Lachsfisch, ICH HEISSE SUPERFANTASTICH!! Putain, vivement la prochaine fois. \u00a0Franz Ferdinand \u2013 Darts of Pleasure","rel":"","context":"Dans &quot;Alive&quot;","block_context":{"text":"Alive","link":"https:\/\/www.wallendorff.com\/belogue\/category\/alive\/"},"img":{"alt_text":"","src":"https:\/\/i0.wp.com\/www.wallendorff.com\/belogue\/wp-content\/uploads\/2015\/04\/027.jpg?resize=350%2C200&ssl=1","width":350,"height":200,"srcset":"https:\/\/i0.wp.com\/www.wallendorff.com\/belogue\/wp-content\/uploads\/2015\/04\/027.jpg?resize=350%2C200&ssl=1 1x, https:\/\/i0.wp.com\/www.wallendorff.com\/belogue\/wp-content\/uploads\/2015\/04\/027.jpg?resize=525%2C300&ssl=1 1.5x, https:\/\/i0.wp.com\/www.wallendorff.com\/belogue\/wp-content\/uploads\/2015\/04\/027.jpg?resize=700%2C400&ssl=1 2x"},"classes":[]},{"id":125680,"url":"https:\/\/www.wallendorff.com\/belogue\/2023\/07\/25\/paleo-festival-2023-nyon-jour-6\/","url_meta":{"origin":692,"position":5},"title":"Pal\u00e9o Festival 2023, Nyon, jour 6.","author":"dpc","date":"25 juillet 2023","format":false,"excerpt":"Ambiance, Pal\u00e9o Festival Nyon 2023 Ambiance, Pal\u00e9o Festival Nyon 2023 Ambiance, Pal\u00e9o Festival Nyon 2023 Ambiance, Pal\u00e9o Festival Nyon 2023 La Col\u00e8re, Pal\u00e9o Festival Nyon 2023 Ambiance, Pal\u00e9o Festival Nyon 2023 La Col\u00e8re, Pal\u00e9o Festival Nyon 2023 Ambiance, Pal\u00e9o Festival Nyon 2023 Ambiance, Pal\u00e9o Festival Nyon 2023 Roda do Cavaco,\u2026","rel":"","context":"Dans &quot;Alive&quot;","block_context":{"text":"Alive","link":"https:\/\/www.wallendorff.com\/belogue\/category\/alive\/"},"img":{"alt_text":"","src":"https:\/\/i0.wp.com\/www.wallendorff.com\/belogue\/wp-content\/uploads\/2023\/07\/20230725-28.jpg?resize=350%2C200&ssl=1","width":350,"height":200,"srcset":"https:\/\/i0.wp.com\/www.wallendorff.com\/belogue\/wp-content\/uploads\/2023\/07\/20230725-28.jpg?resize=350%2C200&ssl=1 1x, https:\/\/i0.wp.com\/www.wallendorff.com\/belogue\/wp-content\/uploads\/2023\/07\/20230725-28.jpg?resize=525%2C300&ssl=1 1.5x, https:\/\/i0.wp.com\/www.wallendorff.com\/belogue\/wp-content\/uploads\/2023\/07\/20230725-28.jpg?resize=700%2C400&ssl=1 2x, https:\/\/i0.wp.com\/www.wallendorff.com\/belogue\/wp-content\/uploads\/2023\/07\/20230725-28.jpg?resize=1050%2C600&ssl=1 3x"},"classes":[]}],"_links":{"self":[{"href":"https:\/\/www.wallendorff.com\/belogue\/wp-json\/wp\/v2\/posts\/692","targetHints":{"allow":["GET"]}}],"collection":[{"href":"https:\/\/www.wallendorff.com\/belogue\/wp-json\/wp\/v2\/posts"}],"about":[{"href":"https:\/\/www.wallendorff.com\/belogue\/wp-json\/wp\/v2\/types\/post"}],"author":[{"embeddable":true,"href":"https:\/\/www.wallendorff.com\/belogue\/wp-json\/wp\/v2\/users\/1"}],"replies":[{"embeddable":true,"href":"https:\/\/www.wallendorff.com\/belogue\/wp-json\/wp\/v2\/comments?post=692"}],"version-history":[{"count":1,"href":"https:\/\/www.wallendorff.com\/belogue\/wp-json\/wp\/v2\/posts\/692\/revisions"}],"predecessor-version":[{"id":18525,"href":"https:\/\/www.wallendorff.com\/belogue\/wp-json\/wp\/v2\/posts\/692\/revisions\/18525"}],"wp:featuredmedia":[{"embeddable":true,"href":"https:\/\/www.wallendorff.com\/belogue\/wp-json\/wp\/v2\/media\/24637"}],"wp:attachment":[{"href":"https:\/\/www.wallendorff.com\/belogue\/wp-json\/wp\/v2\/media?parent=692"}],"wp:term":[{"taxonomy":"category","embeddable":true,"href":"https:\/\/www.wallendorff.com\/belogue\/wp-json\/wp\/v2\/categories?post=692"},{"taxonomy":"post_tag","embeddable":true,"href":"https:\/\/www.wallendorff.com\/belogue\/wp-json\/wp\/v2\/tags?post=692"}],"curies":[{"name":"wp","href":"https:\/\/api.w.org\/{rel}","templated":true}]}}