{"id":691,"date":"2004-08-19T22:46:41","date_gmt":"2004-08-19T22:46:41","guid":{"rendered":"http:\/\/www.po-l.com\/wordpress\/?p=691"},"modified":"2012-08-07T16:53:58","modified_gmt":"2012-08-07T14:53:58","slug":"insoutenable-suspens","status":"publish","type":"post","link":"https:\/\/www.wallendorff.com\/belogue\/2004\/08\/19\/insoutenable-suspens\/","title":{"rendered":"Insoutenable suspens."},"content":{"rendered":"\n<div id=\"photo\">\n<p><img decoding=\"async\" src=\"https:\/\/www.wallendorff.com\/belogue\/photo\/2004\/08\/57.jpg\" \/><\/p>\n<\/p><\/div>\n<p style=\"text-align:right\">(Au passage, en allant voir ce qu&rsquo;il se passait chez Phoenix, je me suis aper\u00e7u que <a href=\"http:\/\/www.phenix.ch\/\">\u00e7a<\/a>, \u00e7a existe vraiment. Et ils mettent m\u00eame pas un mot sur Angus McGiver, leur glorieux ex-aventurier, cette bande d&rsquo;ingrats.)<\/p>\n<div id=\"bandeson\">\n<p><img decoding=\"async\" src=\"https:\/\/www.wallendorff.com\/belogue\/photo\/pochettes\/blank.jpg\" align=\"left\" \/>&nbsp;<a href=\"http:\/\/www.wearephoenix.com\/\">Phoenix<\/a> &ndash; <em>Everything Is Everything<\/em> (live from Pukkelpop)<\/p>\n<\/p><\/div>\n","protected":false},"excerpt":{"rendered":"<p>(Au passage, en allant voir ce qu&rsquo;il se passait chez Phoenix, je me suis aper\u00e7u que \u00e7a, \u00e7a existe vraiment. Et ils mettent m\u00eame pas un mot sur Angus McGiver, leur glorieux ex-aventurier, cette bande d&rsquo;ingrats.) &nbsp;Phoenix &ndash; Everything Is Everything (live from Pukkelpop)<\/p>\n","protected":false},"author":1,"featured_media":24636,"comment_status":"open","ping_status":"open","sticky":false,"template":"","format":"standard","meta":{"_acf_changed":false,"ngg_post_thumbnail":0,"jetpack_post_was_ever_published":false,"_jetpack_newsletter_access":"","_jetpack_dont_email_post_to_subs":false,"_jetpack_newsletter_tier_id":0,"_jetpack_memberships_contains_paywalled_content":false,"_jetpack_memberships_contains_paid_content":false,"footnotes":"","jetpack_publicize_message":"","jetpack_publicize_feature_enabled":true,"jetpack_social_post_already_shared":false,"jetpack_social_options":{"image_generator_settings":{"template":"highway","default_image_id":0,"font":"","enabled":false},"version":2}},"categories":[3],"tags":[10145,10125,381,10172],"class_list":["post-691","post","type-post","status-publish","format-standard","has-post-thumbnail","hentry","category-dpc","tag-bureau","tag-dessin","tag-everything-is-everything","tag-phoenix"],"acf":[],"geo":null,"jetpack_publicize_connections":[],"jetpack_featured_media_url":"https:\/\/www.wallendorff.com\/belogue\/wp-content\/uploads\/2015\/04\/573.jpg","jetpack_shortlink":"https:\/\/wp.me\/p3b35P-b9","jetpack_sharing_enabled":true,"jetpack-related-posts":[{"id":124880,"url":"https:\/\/www.wallendorff.com\/belogue\/2023\/06\/30\/les-eurockeennes-2023-belfort-jour-1\/","url_meta":{"origin":691,"position":0},"title":"Les Eurock\u00e9ennes 2023, Belfort, jour 1.","author":"dpc","date":"30 juin 2023","format":false,"excerpt":"Ad\u00e9 @ les Eurock\u00e9ennes, Belfort, 29\/06\/2023 Les Eurock\u00e9ennes, Belfort, 29\/06\/2023 Ad\u00e9 @ les Eurock\u00e9ennes, Belfort, 29\/06\/2023 Ad\u00e9 @ les Eurock\u00e9ennes, Belfort, 29\/06\/2023 Ad\u00e9 @ les Eurock\u00e9ennes, Belfort, 29\/06\/2023 Ad\u00e9 @ les Eurock\u00e9ennes, Belfort, 29\/06\/2023 Ad\u00e9 @ les Eurock\u00e9ennes, Belfort, 29\/06\/2023 Les Eurock\u00e9ennes, Belfort, 29\/06\/2023 Les Eurock\u00e9ennes, Belfort, 29\/06\/2023 Les Eurock\u00e9ennes,\u2026","rel":"","context":"Dans &quot;Alive&quot;","block_context":{"text":"Alive","link":"https:\/\/www.wallendorff.com\/belogue\/category\/alive\/"},"img":{"alt_text":"","src":"https:\/\/i0.wp.com\/www.wallendorff.com\/belogue\/wp-content\/uploads\/2023\/06\/20230630-50.jpg?resize=350%2C200&ssl=1","width":350,"height":200,"srcset":"https:\/\/i0.wp.com\/www.wallendorff.com\/belogue\/wp-content\/uploads\/2023\/06\/20230630-50.jpg?resize=350%2C200&ssl=1 1x, https:\/\/i0.wp.com\/www.wallendorff.com\/belogue\/wp-content\/uploads\/2023\/06\/20230630-50.jpg?resize=525%2C300&ssl=1 1.5x, https:\/\/i0.wp.com\/www.wallendorff.com\/belogue\/wp-content\/uploads\/2023\/06\/20230630-50.jpg?resize=700%2C400&ssl=1 2x, https:\/\/i0.wp.com\/www.wallendorff.com\/belogue\/wp-content\/uploads\/2023\/06\/20230630-50.jpg?resize=1050%2C600&ssl=1 3x"},"classes":[]},{"id":821,"url":"https:\/\/www.wallendorff.com\/belogue\/2006\/11\/02\/space-mot-keys-2\/","url_meta":{"origin":691,"position":1},"title":"Space Mot-Keys #2.","author":"dpc","date":"2 novembre 2006","format":false,"excerpt":"ize proude tou pr\u00e9sente Le choc\u00a0: 23 requ\u00eates 33 requ\u00eates Travis Barker nique Molko grave, merci MTV. \u00c9galement cit\u00e9s\u00a0: (5 fois) et (6 fois), qui font tous deux moins bien que (7 fois), une valeur d\u00e9cid\u00e9ment s\u00fbre. \u00c0 noter le grand nombre de (5 fois) t\u00e9moignant de la bonne sant\u00e9\u2026","rel":"","context":"Dans &quot;Space mots-keys&quot;","block_context":{"text":"Space mots-keys","link":"https:\/\/www.wallendorff.com\/belogue\/category\/space-mots-keys\/"},"img":{"alt_text":"","src":"","width":0,"height":0},"classes":[]},{"id":38282,"url":"https:\/\/www.wallendorff.com\/belogue\/2018\/05\/30\/phoenix-la-gaite-lyrique-paris-29-mai-2018\/","url_meta":{"origin":691,"position":2},"title":"Phoenix @ la Ga\u00eet\u00e9-Lyrique, Paris, 29 mai 2018.","author":"dpc","date":"30 mai 2018","format":false,"excerpt":"Merci merci \u00e0 l'\u00e9quipe de la Ga\u00eet\u00e9-Lyrique pour m'avoir laiss\u00e9 acc\u00e9der \u00e0 la coursive du fond.","rel":"","context":"Dans &quot;Alive&quot;","block_context":{"text":"Alive","link":"https:\/\/www.wallendorff.com\/belogue\/category\/alive\/"},"img":{"alt_text":"","src":"https:\/\/i0.wp.com\/www.wallendorff.com\/belogue\/wp-content\/uploads\/2018\/05\/20180530-29.jpg?resize=350%2C200&ssl=1","width":350,"height":200,"srcset":"https:\/\/i0.wp.com\/www.wallendorff.com\/belogue\/wp-content\/uploads\/2018\/05\/20180530-29.jpg?resize=350%2C200&ssl=1 1x, https:\/\/i0.wp.com\/www.wallendorff.com\/belogue\/wp-content\/uploads\/2018\/05\/20180530-29.jpg?resize=525%2C300&ssl=1 1.5x, https:\/\/i0.wp.com\/www.wallendorff.com\/belogue\/wp-content\/uploads\/2018\/05\/20180530-29.jpg?resize=700%2C400&ssl=1 2x, https:\/\/i0.wp.com\/www.wallendorff.com\/belogue\/wp-content\/uploads\/2018\/05\/20180530-29.jpg?resize=1050%2C600&ssl=1 3x"},"classes":[]},{"id":825,"url":"https:\/\/www.wallendorff.com\/belogue\/2006\/11\/10\/blanche-blanche-blanche\/","url_meta":{"origin":691,"position":3},"title":"Blanche ! Blanche ! Blanche !","author":"dpc","date":"10 novembre 2006","format":false,"excerpt":"Auteurs de l'excellent If We Can't Trust the Doctors en 20031, joyeuse galette folk d\u00e9suette et romantique, d\u00e9j\u00e0 produits par Brendan Benson, puis Jack White, affichant \u00ab\u00a0Little\u00a0\u00bb Jack Lawrence \u00e0 la basse, le groupe le plus raconteurisant apr\u00e8s les Raconteurs eux-m\u00eames revient avec l'EP 5 titres What This Town Needs,\u2026","rel":"","context":"Dans &quot;Pictureless thoughts&quot;","block_context":{"text":"Pictureless thoughts","link":"https:\/\/www.wallendorff.com\/belogue\/category\/pictureless-thoughts\/"},"img":{"alt_text":"","src":"","width":0,"height":0},"classes":[]},{"id":7810,"url":"https:\/\/www.wallendorff.com\/belogue\/2010\/07\/07\/main-square-festival-arras-2-4-juillet-2\/","url_meta":{"origin":691,"position":4},"title":"Main Square Festival, Arras, 2-4 juillet.","author":"dpc","date":"7 juillet 2010","format":false,"excerpt":"Le moment marquant de ces trois jours \u00e0 Arras, ce seront les deux heures d'ombre projet\u00e9e de Vedder sur l'\u00e9glise, point. Mais si je devais ne retenir qu'une photo, ce serait celle-l\u00e0. Parce que c'est la toute derni\u00e8re que j'ai prise, parce que je pensais vraiment qu'elle ne serait pas\u2026","rel":"","context":"Dans &quot;Alive&quot;","block_context":{"text":"Alive","link":"https:\/\/www.wallendorff.com\/belogue\/category\/alive\/"},"img":{"alt_text":"","src":"https:\/\/i0.wp.com\/www.wallendorff.com\/belogue\/wp-content\/uploads\/2015\/04\/201007071.jpg?resize=350%2C200&ssl=1","width":350,"height":200,"srcset":"https:\/\/i0.wp.com\/www.wallendorff.com\/belogue\/wp-content\/uploads\/2015\/04\/201007071.jpg?resize=350%2C200&ssl=1 1x, https:\/\/i0.wp.com\/www.wallendorff.com\/belogue\/wp-content\/uploads\/2015\/04\/201007071.jpg?resize=525%2C300&ssl=1 1.5x, https:\/\/i0.wp.com\/www.wallendorff.com\/belogue\/wp-content\/uploads\/2015\/04\/201007071.jpg?resize=700%2C400&ssl=1 2x"},"classes":[]},{"id":47761,"url":"https:\/\/www.wallendorff.com\/belogue\/2021\/01\/29\/into-the-wide-209\/","url_meta":{"origin":691,"position":5},"title":"Into the wide #209.","author":"dpc","date":"29 janvier 2021","format":false,"excerpt":"Place de l'Op\u00e9ra, Paris, 13 octobre 2020. Identical Phoenix","rel":"","context":"Dans &quot;Into the wide&quot;","block_context":{"text":"Into the wide","link":"https:\/\/www.wallendorff.com\/belogue\/category\/into-the-wide\/"},"img":{"alt_text":"","src":"https:\/\/i0.wp.com\/www.wallendorff.com\/belogue\/wp-content\/uploads\/2021\/01\/20210129.jpg?resize=350%2C200&ssl=1","width":350,"height":200,"srcset":"https:\/\/i0.wp.com\/www.wallendorff.com\/belogue\/wp-content\/uploads\/2021\/01\/20210129.jpg?resize=350%2C200&ssl=1 1x, https:\/\/i0.wp.com\/www.wallendorff.com\/belogue\/wp-content\/uploads\/2021\/01\/20210129.jpg?resize=525%2C300&ssl=1 1.5x, https:\/\/i0.wp.com\/www.wallendorff.com\/belogue\/wp-content\/uploads\/2021\/01\/20210129.jpg?resize=700%2C400&ssl=1 2x, https:\/\/i0.wp.com\/www.wallendorff.com\/belogue\/wp-content\/uploads\/2021\/01\/20210129.jpg?resize=1050%2C600&ssl=1 3x"},"classes":[]}],"_links":{"self":[{"href":"https:\/\/www.wallendorff.com\/belogue\/wp-json\/wp\/v2\/posts\/691","targetHints":{"allow":["GET"]}}],"collection":[{"href":"https:\/\/www.wallendorff.com\/belogue\/wp-json\/wp\/v2\/posts"}],"about":[{"href":"https:\/\/www.wallendorff.com\/belogue\/wp-json\/wp\/v2\/types\/post"}],"author":[{"embeddable":true,"href":"https:\/\/www.wallendorff.com\/belogue\/wp-json\/wp\/v2\/users\/1"}],"replies":[{"embeddable":true,"href":"https:\/\/www.wallendorff.com\/belogue\/wp-json\/wp\/v2\/comments?post=691"}],"version-history":[{"count":1,"href":"https:\/\/www.wallendorff.com\/belogue\/wp-json\/wp\/v2\/posts\/691\/revisions"}],"predecessor-version":[{"id":18526,"href":"https:\/\/www.wallendorff.com\/belogue\/wp-json\/wp\/v2\/posts\/691\/revisions\/18526"}],"wp:featuredmedia":[{"embeddable":true,"href":"https:\/\/www.wallendorff.com\/belogue\/wp-json\/wp\/v2\/media\/24636"}],"wp:attachment":[{"href":"https:\/\/www.wallendorff.com\/belogue\/wp-json\/wp\/v2\/media?parent=691"}],"wp:term":[{"taxonomy":"category","embeddable":true,"href":"https:\/\/www.wallendorff.com\/belogue\/wp-json\/wp\/v2\/categories?post=691"},{"taxonomy":"post_tag","embeddable":true,"href":"https:\/\/www.wallendorff.com\/belogue\/wp-json\/wp\/v2\/tags?post=691"}],"curies":[{"name":"wp","href":"https:\/\/api.w.org\/{rel}","templated":true}]}}