{"id":6865,"date":"2010-02-25T09:54:38","date_gmt":"2010-02-25T08:54:38","guid":{"rendered":"http:\/\/www.po-l.com\/belogue\/?p=6865"},"modified":"2012-02-07T11:51:36","modified_gmt":"2012-02-07T09:51:36","slug":"lecarte-figues-du-dos-qutu-remaches","status":"publish","type":"post","link":"https:\/\/www.wallendorff.com\/belogue\/2010\/02\/25\/lecarte-figues-du-dos-qutu-remaches\/","title":{"rendered":"L&rsquo;\u00e9carte-figue du dos qu&rsquo;tu rem\u00e2ches."},"content":{"rendered":"\n<div id=\"photo\">\n<p><img decoding=\"async\" src=\"https:\/\/www.wallendorff.com\/belogue\/photo\/2010\/02\/20100225.jpg\" \/><br \/>\nEspace Jean Vilar, Marly-le-Roi, 16 janvier.<\/p>\n<\/p><\/div>\n<div id=\"bandeson\">\n<p><img decoding=\"async\" src=\"https:\/\/www.wallendorff.com\/belogue\/photo\/pochettes\/j\/japandroids-post-nothing.jpg\" align=\"left\" \/>&nbsp;<a href=\"http:\/\/japandroids.com\/\">Japandroids<\/a> &ndash; <em>Wet Hair<\/em><\/p>\n<\/p><\/div>\n","protected":false},"excerpt":{"rendered":"<p>Espace Jean Vilar, Marly-le-Roi, 16 janvier. &nbsp;Japandroids &ndash; Wet Hair<\/p>\n","protected":false},"author":1,"featured_media":25696,"comment_status":"open","ping_status":"open","sticky":false,"template":"","format":"standard","meta":{"_acf_changed":false,"ngg_post_thumbnail":0,"jetpack_post_was_ever_published":false,"_jetpack_newsletter_access":"","_jetpack_dont_email_post_to_subs":false,"_jetpack_newsletter_tier_id":0,"_jetpack_memberships_contains_paywalled_content":false,"_jetpack_memberships_contains_paid_content":false,"footnotes":"","jetpack_publicize_message":"","jetpack_publicize_feature_enabled":true,"jetpack_social_post_already_shared":false,"jetpack_social_options":{"image_generator_settings":{"template":"highway","default_image_id":0,"font":"","enabled":false},"version":2}},"categories":[3],"tags":[1016,2615,10210,3495,10120,10121,10650,3496,143,3498,10662],"class_list":["post-6865","post","type-post","status-publish","format-standard","has-post-thumbnail","hentry","category-dpc","tag-ef-15-mm-f28-fisheye","tag-eos-5d-mark-ii","tag-escalier","tag-espace-jean-vilar","tag-france","tag-ile-de-france","tag-japandroids","tag-marly-le-roi","tag-noir-et-blanc","tag-wet-hair","tag-yvelines"],"acf":[],"geo":{"latitude":48.8759308,"longitude":2.0970745,"description":"45 All\u00e9e des Epines, 78160 Marly-le-Roi, France"},"jetpack_publicize_connections":[],"jetpack_featured_media_url":"https:\/\/www.wallendorff.com\/belogue\/wp-content\/uploads\/2015\/04\/201002251.jpg","jetpack_shortlink":"https:\/\/wp.me\/p3b35P-1MJ","jetpack_sharing_enabled":true,"jetpack-related-posts":[{"id":7905,"url":"https:\/\/www.wallendorff.com\/belogue\/2010\/07\/26\/devinette\/","url_meta":{"origin":6865,"position":0},"title":"Devinette.","author":"dpc","date":"26 juillet 2010","format":false,"excerpt":"Pont Neuf, Paris, 22 juin. Quelle est la couleur des n\u00e9ons blancs d'Henri IV\u00a0? \u00a0Japandroids \u2013 Sovereignty","rel":"","context":"Dans &quot;DPC&quot;","block_context":{"text":"DPC","link":"https:\/\/www.wallendorff.com\/belogue\/category\/dpc\/"},"img":{"alt_text":"","src":"https:\/\/i0.wp.com\/www.wallendorff.com\/belogue\/wp-content\/uploads\/2015\/04\/201007261.jpg?resize=350%2C200&ssl=1","width":350,"height":200},"classes":[]},{"id":33946,"url":"https:\/\/www.wallendorff.com\/belogue\/2017\/04\/27\/japandroids-la-maroquinerie-paris\/","url_meta":{"origin":6865,"position":1},"title":"Japandroids @ la Maroquinerie, Paris.","author":"dpc","date":"27 avril 2017","format":false,"excerpt":"","rel":"","context":"Dans &quot;Alive&quot;","block_context":{"text":"Alive","link":"https:\/\/www.wallendorff.com\/belogue\/category\/alive\/"},"img":{"alt_text":"","src":"https:\/\/i0.wp.com\/www.wallendorff.com\/belogue\/wp-content\/uploads\/2017\/04\/20170427-03.jpg?resize=350%2C200&ssl=1","width":350,"height":200,"srcset":"https:\/\/i0.wp.com\/www.wallendorff.com\/belogue\/wp-content\/uploads\/2017\/04\/20170427-03.jpg?resize=350%2C200&ssl=1 1x, https:\/\/i0.wp.com\/www.wallendorff.com\/belogue\/wp-content\/uploads\/2017\/04\/20170427-03.jpg?resize=525%2C300&ssl=1 1.5x, https:\/\/i0.wp.com\/www.wallendorff.com\/belogue\/wp-content\/uploads\/2017\/04\/20170427-03.jpg?resize=700%2C400&ssl=1 2x"},"classes":[]},{"id":7716,"url":"https:\/\/www.wallendorff.com\/belogue\/2010\/06\/16\/sources-mal-laissees\/","url_meta":{"origin":6865,"position":2},"title":"Sources mal laiss\u00e9es.","author":"dpc","date":"16 juin 2010","format":false,"excerpt":"Rue Michel-le-Comte, Paris, 8 mai. Ce Japandroids-l\u00e0 tabasse, \u00e9coutez-le, c'est tout. \u00a0Japandroids \u2013 Younger Us","rel":"","context":"Dans &quot;DPC&quot;","block_context":{"text":"DPC","link":"https:\/\/www.wallendorff.com\/belogue\/category\/dpc\/"},"img":{"alt_text":"","src":"https:\/\/i0.wp.com\/www.wallendorff.com\/belogue\/wp-content\/uploads\/2015\/04\/201006161.jpg?resize=350%2C200&ssl=1","width":350,"height":200},"classes":[]},{"id":19716,"url":"https:\/\/www.wallendorff.com\/belogue\/2012\/12\/05\/and-turn-some-restless-nights-to-restless-years\/","url_meta":{"origin":6865,"position":3},"title":"And turn some restless nights to restless years.","author":"dpc","date":"5 d\u00e9cembre 2012","format":false,"excerpt":"Rue Orfila, Paris, 6 ao\u00fbt. Japandroids \u2013 Fire's Highway","rel":"","context":"Dans &quot;DPC&quot;","block_context":{"text":"DPC","link":"https:\/\/www.wallendorff.com\/belogue\/category\/dpc\/"},"img":{"alt_text":"","src":"https:\/\/i0.wp.com\/www.wallendorff.com\/belogue\/wp-content\/uploads\/2015\/04\/201212051.jpg?resize=350%2C200&ssl=1","width":350,"height":200,"srcset":"https:\/\/i0.wp.com\/www.wallendorff.com\/belogue\/wp-content\/uploads\/2015\/04\/201212051.jpg?resize=350%2C200&ssl=1 1x, https:\/\/i0.wp.com\/www.wallendorff.com\/belogue\/wp-content\/uploads\/2015\/04\/201212051.jpg?resize=525%2C300&ssl=1 1.5x, https:\/\/i0.wp.com\/www.wallendorff.com\/belogue\/wp-content\/uploads\/2015\/04\/201212051.jpg?resize=700%2C400&ssl=1 2x"},"classes":[]},{"id":33665,"url":"https:\/\/www.wallendorff.com\/belogue\/2017\/03\/13\/into-the-wide-88\/","url_meta":{"origin":6865,"position":4},"title":"Into the wide #88.","author":"dpc","date":"13 mars 2017","format":false,"excerpt":"\u00a0 Place de la Concorde, Paris, 29 d\u00e9cembre 2016. Arc of Bar Japandroids","rel":"","context":"Dans &quot;Into the wide&quot;","block_context":{"text":"Into the wide","link":"https:\/\/www.wallendorff.com\/belogue\/category\/into-the-wide\/"},"img":{"alt_text":"","src":"https:\/\/i0.wp.com\/www.wallendorff.com\/belogue\/wp-content\/uploads\/2017\/03\/20170313.jpg?resize=350%2C200&ssl=1","width":350,"height":200,"srcset":"https:\/\/i0.wp.com\/www.wallendorff.com\/belogue\/wp-content\/uploads\/2017\/03\/20170313.jpg?resize=350%2C200&ssl=1 1x, https:\/\/i0.wp.com\/www.wallendorff.com\/belogue\/wp-content\/uploads\/2017\/03\/20170313.jpg?resize=525%2C300&ssl=1 1.5x, https:\/\/i0.wp.com\/www.wallendorff.com\/belogue\/wp-content\/uploads\/2017\/03\/20170313.jpg?resize=700%2C400&ssl=1 2x"},"classes":[]},{"id":18828,"url":"https:\/\/www.wallendorff.com\/belogue\/2012\/08\/29\/rock-en-seine-2012-jour-3\/","url_meta":{"origin":6865,"position":5},"title":"Rock en Seine 2012, jour 3.","author":"dpc","date":"29 ao\u00fbt 2012","format":false,"excerpt":"Premier jour par l\u00e0, deuxi\u00e8me jour par ici. Japandroids \u2013 For the Love of Ivy \u00a0","rel":"","context":"Dans &quot;Alive&quot;","block_context":{"text":"Alive","link":"https:\/\/www.wallendorff.com\/belogue\/category\/alive\/"},"img":{"alt_text":"","src":"https:\/\/i0.wp.com\/www.wallendorff.com\/belogue\/wp-content\/uploads\/2015\/04\/201208291.jpg?resize=350%2C200&ssl=1","width":350,"height":200,"srcset":"https:\/\/i0.wp.com\/www.wallendorff.com\/belogue\/wp-content\/uploads\/2015\/04\/201208291.jpg?resize=350%2C200&ssl=1 1x, https:\/\/i0.wp.com\/www.wallendorff.com\/belogue\/wp-content\/uploads\/2015\/04\/201208291.jpg?resize=525%2C300&ssl=1 1.5x, https:\/\/i0.wp.com\/www.wallendorff.com\/belogue\/wp-content\/uploads\/2015\/04\/201208291.jpg?resize=700%2C400&ssl=1 2x"},"classes":[]}],"_links":{"self":[{"href":"https:\/\/www.wallendorff.com\/belogue\/wp-json\/wp\/v2\/posts\/6865","targetHints":{"allow":["GET"]}}],"collection":[{"href":"https:\/\/www.wallendorff.com\/belogue\/wp-json\/wp\/v2\/posts"}],"about":[{"href":"https:\/\/www.wallendorff.com\/belogue\/wp-json\/wp\/v2\/types\/post"}],"author":[{"embeddable":true,"href":"https:\/\/www.wallendorff.com\/belogue\/wp-json\/wp\/v2\/users\/1"}],"replies":[{"embeddable":true,"href":"https:\/\/www.wallendorff.com\/belogue\/wp-json\/wp\/v2\/comments?post=6865"}],"version-history":[{"count":1,"href":"https:\/\/www.wallendorff.com\/belogue\/wp-json\/wp\/v2\/posts\/6865\/revisions"}],"predecessor-version":[{"id":15763,"href":"https:\/\/www.wallendorff.com\/belogue\/wp-json\/wp\/v2\/posts\/6865\/revisions\/15763"}],"wp:featuredmedia":[{"embeddable":true,"href":"https:\/\/www.wallendorff.com\/belogue\/wp-json\/wp\/v2\/media\/25696"}],"wp:attachment":[{"href":"https:\/\/www.wallendorff.com\/belogue\/wp-json\/wp\/v2\/media?parent=6865"}],"wp:term":[{"taxonomy":"category","embeddable":true,"href":"https:\/\/www.wallendorff.com\/belogue\/wp-json\/wp\/v2\/categories?post=6865"},{"taxonomy":"post_tag","embeddable":true,"href":"https:\/\/www.wallendorff.com\/belogue\/wp-json\/wp\/v2\/tags?post=6865"}],"curies":[{"name":"wp","href":"https:\/\/api.w.org\/{rel}","templated":true}]}}