{"id":6860,"date":"2010-02-24T09:48:55","date_gmt":"2010-02-24T08:48:55","guid":{"rendered":"http:\/\/www.po-l.com\/belogue\/?p=6860"},"modified":"2012-02-06T11:56:48","modified_gmt":"2012-02-06T09:56:48","slug":"but-i-cant-move-the-mountains-for-you","status":"publish","type":"post","link":"https:\/\/www.wallendorff.com\/belogue\/2010\/02\/24\/but-i-cant-move-the-mountains-for-you\/","title":{"rendered":"But I can&rsquo;t move the mountains for you."},"content":{"rendered":"\n<div id=\"photo\">\n<p><img decoding=\"async\" src=\"https:\/\/www.wallendorff.com\/belogue\/photo\/2010\/02\/20100224.jpg\" \/><br \/>\nCimeti&egrave;re de Belleville, Paris, 9 janvier.<\/p>\n<\/p><\/div>\n<p style=\"text-align:right\">&laquo;&nbsp;Oh, Pierre, tu sais qu&rsquo;on voit ta maison d&rsquo;ici&nbsp;?&nbsp;&raquo;.<\/p>\n<p>Et puisqu&rsquo;il faut savoir innover, aujourd&rsquo;hui on fera dans la bande-son &agrave; choix multiple&nbsp;:<\/p>\n<div id=\"bandeson\">\n<p><img decoding=\"async\" src=\"https:\/\/www.wallendorff.com\/belogue\/photo\/pochettes\/m\/mumford&#038;sons-sigh_no_more.jpg\" align=\"left\" \/>&nbsp;<a href=\"http:\/\/www.mumfordandsons.com\/\">Mumford and Sons<\/a> &ndash; <em>Timshel<\/em><\/p>\n<\/p><\/div>\n<div id=\"bandeson\">\n<p><img decoding=\"async\" src=\"https:\/\/www.wallendorff.com\/belogue\/photo\/pochettes\/m\/mcrae_tom-the_alphabet_of_hurricanes.jpg\" align=\"left\" \/>&nbsp;<a href=\"http:\/\/www.tommcrae.com\/\">Tom McRae<\/a> &ndash; <em>Out of the Walls<\/em><\/p>\n<\/p><\/div>\n","protected":false},"excerpt":{"rendered":"<p>Cimeti&egrave;re de Belleville, Paris, 9 janvier. &laquo;&nbsp;Oh, Pierre, tu sais qu&rsquo;on voit ta maison d&rsquo;ici&nbsp;?&nbsp;&raquo;. Et puisqu&rsquo;il faut savoir innover, aujourd&rsquo;hui on fera dans la bande-son &agrave; choix multiple&nbsp;: &nbsp;Mumford and Sons &ndash; Timshel &nbsp;Tom McRae &ndash; Out of the Walls<\/p>\n","protected":false},"author":1,"featured_media":25695,"comment_status":"open","ping_status":"open","sticky":false,"template":"","format":"standard","meta":{"_acf_changed":false,"ngg_post_thumbnail":0,"jetpack_post_was_ever_published":false,"_jetpack_newsletter_access":"","_jetpack_dont_email_post_to_subs":false,"_jetpack_newsletter_tier_id":0,"_jetpack_memberships_contains_paywalled_content":false,"_jetpack_memberships_contains_paid_content":false,"footnotes":"","jetpack_publicize_message":"","jetpack_publicize_feature_enabled":true,"jetpack_social_post_already_shared":false,"jetpack_social_options":{"image_generator_settings":{"template":"highway","default_image_id":0,"font":"","enabled":false},"version":2}},"categories":[3],"tags":[10216,1438,2615,10207,3492,10120,10121,10607,10211,143,10147,3493,10098,4559,4560,3494,35],"class_list":["post-6860","post","type-post","status-publish","format-standard","has-post-thumbnail","hentry","category-dpc","tag-10216","tag-ef-50-mm-f14-usm","tag-eos-5d-mark-ii","tag-cimetiere","tag-cimetiere-de-belleville","tag-france","tag-ile-de-france","tag-mumford-sons","tag-neige","tag-noir-et-blanc","tag-nuit","tag-out-of-the-walls","tag-paris","tag-sigh-no-more-album","tag-the-alphabet-of-hurricanes","tag-timshel","tag-tom-mcrae"],"acf":[],"geo":{"latitude":48.8754425,"longitude":2.4009259,"description":"279 Rue de Belleville, 75019 Paris, France"},"jetpack_publicize_connections":[],"jetpack_featured_media_url":"https:\/\/www.wallendorff.com\/belogue\/wp-content\/uploads\/2015\/04\/201002241.jpg","jetpack_shortlink":"https:\/\/wp.me\/p3b35P-1ME","jetpack_sharing_enabled":true,"jetpack-related-posts":[{"id":20697,"url":"https:\/\/www.wallendorff.com\/belogue\/2013\/03\/27\/mumford-sons-mystery-jets-le-trianon-paris\/","url_meta":{"origin":6860,"position":0},"title":"Mumford &#038; Sons + Mystery Jets @ le Trianon, Paris.","author":"dpc","date":"27 mars 2013","format":false,"excerpt":"Babel | Little Lion Man | Whispers in the Dark | White Blank Page | Holland Road | Timshel (unplugged) | The Cave | Lover of the Light | Thistle & Weeds | Ghosts That We Knew | Awake My Soul | Roll Away Your Stone | Dust Bowl Dance\u2026","rel":"","context":"Dans &quot;Alive&quot;","block_context":{"text":"Alive","link":"https:\/\/www.wallendorff.com\/belogue\/category\/alive\/"},"img":{"alt_text":"","src":"https:\/\/i0.wp.com\/www.wallendorff.com\/belogue\/wp-content\/uploads\/2015\/04\/20130327.jpg?resize=350%2C200&ssl=1","width":350,"height":200,"srcset":"https:\/\/i0.wp.com\/www.wallendorff.com\/belogue\/wp-content\/uploads\/2015\/04\/20130327.jpg?resize=350%2C200&ssl=1 1x, https:\/\/i0.wp.com\/www.wallendorff.com\/belogue\/wp-content\/uploads\/2015\/04\/20130327.jpg?resize=525%2C300&ssl=1 1.5x, https:\/\/i0.wp.com\/www.wallendorff.com\/belogue\/wp-content\/uploads\/2015\/04\/20130327.jpg?resize=700%2C400&ssl=1 2x"},"classes":[]},{"id":19044,"url":"https:\/\/www.wallendorff.com\/belogue\/2012\/09\/24\/tombes-a-pic\/","url_meta":{"origin":6860,"position":1},"title":"Tombes \u00e0 pic.","author":"dpc","date":"24 septembre 2012","format":false,"excerpt":"Sarajevo, 29 juillet. Mumford & Sons \u2013 I Will Wait \u00a0","rel":"","context":"Dans &quot;DPC&quot;","block_context":{"text":"DPC","link":"https:\/\/www.wallendorff.com\/belogue\/category\/dpc\/"},"img":{"alt_text":"","src":"https:\/\/i0.wp.com\/www.wallendorff.com\/belogue\/wp-content\/uploads\/2015\/04\/201209241.jpg?resize=350%2C200&ssl=1","width":350,"height":200,"srcset":"https:\/\/i0.wp.com\/www.wallendorff.com\/belogue\/wp-content\/uploads\/2015\/04\/201209241.jpg?resize=350%2C200&ssl=1 1x, https:\/\/i0.wp.com\/www.wallendorff.com\/belogue\/wp-content\/uploads\/2015\/04\/201209241.jpg?resize=525%2C300&ssl=1 1.5x, https:\/\/i0.wp.com\/www.wallendorff.com\/belogue\/wp-content\/uploads\/2015\/04\/201209241.jpg?resize=700%2C400&ssl=1 2x"},"classes":[]},{"id":22972,"url":"https:\/\/www.wallendorff.com\/belogue\/2014\/06\/16\/dix-ans-de-cimetieres\/","url_meta":{"origin":6860,"position":2},"title":"Dix ans de cimeti\u00e8res.","author":"dpc","date":"16 juin 2014","format":false,"excerpt":"[Et aussi 10 ans de croix]. Dix ans \u00e0 les visiter d\u00e8s que j'en rencontre un. Dix ans \u00e0 ne jamais y passer plus de 15 minutes, aussi, sinon \u00e7a finit par me d\u00e9primer. Deux coudes cuits hier \u00e0 Pau. Saint Cyr's Church, Stonehouse, 15 septembre 2008. \u00a0 Shooting people\u2026","rel":"","context":"Dans &quot;DPC&quot;","block_context":{"text":"DPC","link":"https:\/\/www.wallendorff.com\/belogue\/category\/dpc\/"},"img":{"alt_text":"","src":"https:\/\/i0.wp.com\/www.wallendorff.com\/belogue\/wp-content\/uploads\/2015\/04\/201106032.jpg?resize=350%2C200&ssl=1","width":350,"height":200,"srcset":"https:\/\/i0.wp.com\/www.wallendorff.com\/belogue\/wp-content\/uploads\/2015\/04\/201106032.jpg?resize=350%2C200&ssl=1 1x, https:\/\/i0.wp.com\/www.wallendorff.com\/belogue\/wp-content\/uploads\/2015\/04\/201106032.jpg?resize=525%2C300&ssl=1 1.5x"},"classes":[]},{"id":12460,"url":"https:\/\/www.wallendorff.com\/belogue\/2011\/03\/21\/laaaaaaaapin\/","url_meta":{"origin":6860,"position":3},"title":"Laaaaaaaapin.","author":"dpc","date":"21 mars 2011","format":false,"excerpt":"Cimeti\u00e8re du Montparnasse, Paris, 20 f\u00e9vrier. Et joyeux printemps. Shugo Tokumaru \u2013 Lahaha","rel":"","context":"Dans &quot;DPC&quot;","block_context":{"text":"DPC","link":"https:\/\/www.wallendorff.com\/belogue\/category\/dpc\/"},"img":{"alt_text":"","src":"https:\/\/i0.wp.com\/www.wallendorff.com\/belogue\/wp-content\/uploads\/2015\/04\/201103211.jpg?resize=350%2C200&ssl=1","width":350,"height":200},"classes":[]},{"id":3617,"url":"https:\/\/www.wallendorff.com\/belogue\/2008\/11\/25\/shooting-people-41\/","url_meta":{"origin":6860,"position":4},"title":"Shooting people #41.","author":"dpc","date":"25 novembre 2008","format":false,"excerpt":"Cimeti\u00e8re du P\u00e8re-Lachaise, Paris, 9 novembre. M83 \u2013 Graveyard Girl","rel":"","context":"Dans &quot;Portraits&quot;","block_context":{"text":"Portraits","link":"https:\/\/www.wallendorff.com\/belogue\/category\/portraits\/"},"img":{"alt_text":"","src":"https:\/\/i0.wp.com\/www.wallendorff.com\/belogue\/wp-content\/uploads\/2015\/04\/200811251.jpg?resize=350%2C200&ssl=1","width":350,"height":200},"classes":[]},{"id":3621,"url":"https:\/\/www.wallendorff.com\/belogue\/2008\/11\/26\/shooting-people-42\/","url_meta":{"origin":6860,"position":5},"title":"Shooting people #42.","author":"dpc","date":"26 novembre 2008","format":false,"excerpt":"Cimeti\u00e8re du P\u00e8re-Lachaise, Paris, 9 novembre. Cat Power \u2013 Maybe Not","rel":"","context":"Dans &quot;Portraits&quot;","block_context":{"text":"Portraits","link":"https:\/\/www.wallendorff.com\/belogue\/category\/portraits\/"},"img":{"alt_text":"","src":"https:\/\/i0.wp.com\/www.wallendorff.com\/belogue\/wp-content\/uploads\/2015\/04\/200811261.jpg?resize=350%2C200&ssl=1","width":350,"height":200,"srcset":"https:\/\/i0.wp.com\/www.wallendorff.com\/belogue\/wp-content\/uploads\/2015\/04\/200811261.jpg?resize=350%2C200&ssl=1 1x, https:\/\/i0.wp.com\/www.wallendorff.com\/belogue\/wp-content\/uploads\/2015\/04\/200811261.jpg?resize=525%2C300&ssl=1 1.5x"},"classes":[]}],"_links":{"self":[{"href":"https:\/\/www.wallendorff.com\/belogue\/wp-json\/wp\/v2\/posts\/6860","targetHints":{"allow":["GET"]}}],"collection":[{"href":"https:\/\/www.wallendorff.com\/belogue\/wp-json\/wp\/v2\/posts"}],"about":[{"href":"https:\/\/www.wallendorff.com\/belogue\/wp-json\/wp\/v2\/types\/post"}],"author":[{"embeddable":true,"href":"https:\/\/www.wallendorff.com\/belogue\/wp-json\/wp\/v2\/users\/1"}],"replies":[{"embeddable":true,"href":"https:\/\/www.wallendorff.com\/belogue\/wp-json\/wp\/v2\/comments?post=6860"}],"version-history":[{"count":2,"href":"https:\/\/www.wallendorff.com\/belogue\/wp-json\/wp\/v2\/posts\/6860\/revisions"}],"predecessor-version":[{"id":15746,"href":"https:\/\/www.wallendorff.com\/belogue\/wp-json\/wp\/v2\/posts\/6860\/revisions\/15746"}],"wp:featuredmedia":[{"embeddable":true,"href":"https:\/\/www.wallendorff.com\/belogue\/wp-json\/wp\/v2\/media\/25695"}],"wp:attachment":[{"href":"https:\/\/www.wallendorff.com\/belogue\/wp-json\/wp\/v2\/media?parent=6860"}],"wp:term":[{"taxonomy":"category","embeddable":true,"href":"https:\/\/www.wallendorff.com\/belogue\/wp-json\/wp\/v2\/categories?post=6860"},{"taxonomy":"post_tag","embeddable":true,"href":"https:\/\/www.wallendorff.com\/belogue\/wp-json\/wp\/v2\/tags?post=6860"}],"curies":[{"name":"wp","href":"https:\/\/api.w.org\/{rel}","templated":true}]}}