{"id":6854,"date":"2010-02-23T09:42:58","date_gmt":"2010-02-23T08:42:58","guid":{"rendered":"http:\/\/www.po-l.com\/belogue\/?p=6854"},"modified":"2012-02-06T11:55:07","modified_gmt":"2012-02-06T09:55:07","slug":"shooting-people-64","status":"publish","type":"post","link":"https:\/\/www.wallendorff.com\/belogue\/2010\/02\/23\/shooting-people-64\/","title":{"rendered":"Shooting people #64."},"content":{"rendered":"\n<div id=\"photo\">\n<p><img decoding=\"async\" src=\"https:\/\/www.wallendorff.com\/belogue\/photo\/2010\/02\/20100223.jpg\" \/><br \/>\nRue Boyer, Paris, 21 f&eacute;vrier.<\/p>\n<\/p><\/div>\n<p style=\"text-align:right\">C&rsquo;est dingue ce qu&rsquo;on peut trouver dans les ruelles du XX<sup>e<\/sup> arrondissement, des fois.<\/p>\n<div id=\"bandeson\">\n<p><img decoding=\"async\" src=\"https:\/\/www.wallendorff.com\/belogue\/photo\/pochettes\/l\/locksley-dont_make_me_wait.jpg\" align=\"left\" \/>&nbsp;<a href=\"http:\/\/www.myspace.com\/locksley\">Locksley<\/a> &ndash; <em>She Does<\/em><\/p>\n<\/p><\/div>\n","protected":false},"excerpt":{"rendered":"<p>Rue Boyer, Paris, 21 f&eacute;vrier. C&rsquo;est dingue ce qu&rsquo;on peut trouver dans les ruelles du XXe arrondissement, des fois. &nbsp;Locksley &ndash; She Does<\/p>\n","protected":false},"author":1,"featured_media":25694,"comment_status":"open","ping_status":"open","sticky":false,"template":"","format":"standard","meta":{"_acf_changed":false,"ngg_post_thumbnail":0,"jetpack_post_was_ever_published":false,"_jetpack_newsletter_access":"","_jetpack_dont_email_post_to_subs":false,"_jetpack_newsletter_tier_id":0,"_jetpack_memberships_contains_paywalled_content":false,"_jetpack_memberships_contains_paid_content":false,"footnotes":"","jetpack_publicize_message":"","jetpack_publicize_feature_enabled":true,"jetpack_social_post_already_shared":false,"jetpack_social_options":{"image_generator_settings":{"template":"highway","default_image_id":0,"font":"","enabled":false},"version":2}},"categories":[8],"tags":[10216,2571,2615,10120,10121,3490,10607,10098,10272,10376,10661,10158,3491],"class_list":["post-6854","post","type-post","status-publish","format-standard","has-post-thumbnail","hentry","category-portraits","tag-10216","tag-ef-16-35-mm-f28l-ii-usm","tag-eos-5d-mark-ii","tag-france","tag-ile-de-france","tag-locksley","tag-mumford-sons","tag-paris","tag-portrait","tag-promo","tag-rue-boyer","tag-ruelle","tag-she-does"],"acf":[],"geo":{"latitude":48.8680611,"longitude":2.3925426,"description":"18-26 Rue Boyer, 75020 Paris, France"},"jetpack_publicize_connections":[],"jetpack_featured_media_url":"https:\/\/www.wallendorff.com\/belogue\/wp-content\/uploads\/2015\/04\/201002231.jpg","jetpack_shortlink":"https:\/\/wp.me\/p3b35P-1My","jetpack_sharing_enabled":true,"jetpack-related-posts":[{"id":131858,"url":"https:\/\/www.wallendorff.com\/belogue\/2025\/03\/09\/hinds-la-bellevilloise-paris-7-mars-2025\/","url_meta":{"origin":6854,"position":0},"title":"Hinds @ la Bellevilloise, Paris, 7 mars 2025.","author":"dpc","date":"9 mars 2025","format":false,"excerpt":"Hinds @ la Bellevilloise, Paris, 7 mars 2025 Hinds @ la Bellevilloise, Paris, 7 mars 2025 Hinds @ la Bellevilloise, Paris, 7 mars 2025 Hinds @ la Bellevilloise, Paris, 7 mars 2025 Hinds @ la Bellevilloise, Paris, 7 mars 2025 Hinds @ la Bellevilloise, Paris, 7 mars 2025 Hinds @\u2026","rel":"","context":"Dans &quot;Alive&quot;","block_context":{"text":"Alive","link":"https:\/\/www.wallendorff.com\/belogue\/category\/alive\/"},"img":{"alt_text":"","src":"https:\/\/i0.wp.com\/www.wallendorff.com\/belogue\/wp-content\/uploads\/2025\/03\/20250309-03.jpg?resize=350%2C200&ssl=1","width":350,"height":200,"srcset":"https:\/\/i0.wp.com\/www.wallendorff.com\/belogue\/wp-content\/uploads\/2025\/03\/20250309-03.jpg?resize=350%2C200&ssl=1 1x, https:\/\/i0.wp.com\/www.wallendorff.com\/belogue\/wp-content\/uploads\/2025\/03\/20250309-03.jpg?resize=525%2C300&ssl=1 1.5x, https:\/\/i0.wp.com\/www.wallendorff.com\/belogue\/wp-content\/uploads\/2025\/03\/20250309-03.jpg?resize=700%2C400&ssl=1 2x, https:\/\/i0.wp.com\/www.wallendorff.com\/belogue\/wp-content\/uploads\/2025\/03\/20250309-03.jpg?resize=1050%2C600&ssl=1 3x"},"classes":[]},{"id":135244,"url":"https:\/\/www.wallendorff.com\/belogue\/2026\/02\/10\/die-spitz-la-maroquinerie-paris-9-decembre-2026\/","url_meta":{"origin":6854,"position":1},"title":"Die Spitz @ la Maroquinerie, Paris, 9 f\u00e9vrier 2026.","author":"dpc","date":"10 f\u00e9vrier 2026","format":false,"excerpt":"Die Spitz @ la Maroquinerie, Paris, 08\/02\/2026 Die Spitz @ la Maroquinerie, Paris, 08\/02\/2026 Die Spitz @ la Maroquinerie, Paris, 08\/02\/2026 Die Spitz @ la Maroquinerie, Paris, 08\/02\/2026 Die Spitz @ la Maroquinerie, Paris, 08\/02\/2026 Die Spitz @ la Maroquinerie, Paris, 08\/02\/2026 Die Spitz @ la Maroquinerie, Paris, 08\/02\/2026 Die\u2026","rel":"","context":"Dans &quot;Alive&quot;","block_context":{"text":"Alive","link":"https:\/\/www.wallendorff.com\/belogue\/category\/alive\/"},"img":{"alt_text":"","src":"https:\/\/i0.wp.com\/www.wallendorff.com\/belogue\/wp-content\/uploads\/2026\/02\/20260210-16.jpg?resize=350%2C200&ssl=1","width":350,"height":200,"srcset":"https:\/\/i0.wp.com\/www.wallendorff.com\/belogue\/wp-content\/uploads\/2026\/02\/20260210-16.jpg?resize=350%2C200&ssl=1 1x, https:\/\/i0.wp.com\/www.wallendorff.com\/belogue\/wp-content\/uploads\/2026\/02\/20260210-16.jpg?resize=525%2C300&ssl=1 1.5x, https:\/\/i0.wp.com\/www.wallendorff.com\/belogue\/wp-content\/uploads\/2026\/02\/20260210-16.jpg?resize=700%2C400&ssl=1 2x, https:\/\/i0.wp.com\/www.wallendorff.com\/belogue\/wp-content\/uploads\/2026\/02\/20260210-16.jpg?resize=1050%2C600&ssl=1 3x"},"classes":[]},{"id":20829,"url":"https:\/\/www.wallendorff.com\/belogue\/2013\/05\/03\/rough-trade-on-tour-temples-charlie-boyer-and-the-voyeurs-la-maroquinerie-paris-20-avril\/","url_meta":{"origin":6854,"position":2},"title":"Rough Trade on Tour : Temples + Charlie Boyer and the Voyeurs @ la Maroquinerie, Paris, 20 avril.","author":"dpc","date":"3 mai 2013","format":false,"excerpt":"Shelter SongTemples Charlie Boyer and the Voyeurs \u00a0 Temples \u00a0","rel":"","context":"Dans &quot;Alive&quot;","block_context":{"text":"Alive","link":"https:\/\/www.wallendorff.com\/belogue\/category\/alive\/"},"img":{"alt_text":"","src":"https:\/\/i0.wp.com\/www.wallendorff.com\/belogue\/wp-content\/uploads\/2015\/04\/20130503.jpg?resize=350%2C200&ssl=1","width":350,"height":200,"srcset":"https:\/\/i0.wp.com\/www.wallendorff.com\/belogue\/wp-content\/uploads\/2015\/04\/20130503.jpg?resize=350%2C200&ssl=1 1x, https:\/\/i0.wp.com\/www.wallendorff.com\/belogue\/wp-content\/uploads\/2015\/04\/20130503.jpg?resize=525%2C300&ssl=1 1.5x, https:\/\/i0.wp.com\/www.wallendorff.com\/belogue\/wp-content\/uploads\/2015\/04\/20130503.jpg?resize=700%2C400&ssl=1 2x"},"classes":[]},{"id":7494,"url":"https:\/\/www.wallendorff.com\/belogue\/2010\/05\/04\/des-velos-peu-mandent-du-rable\/","url_meta":{"origin":6854,"position":3},"title":"Des v\u00e9los peu mandent [du r\u00e2ble].","author":"dpc","date":"4 mai 2010","format":false,"excerpt":"Marlusse et Lapin, Paris, 29 mars. \u00a0Interpol \u2013 Lights","rel":"","context":"Dans &quot;DPC&quot;","block_context":{"text":"DPC","link":"https:\/\/www.wallendorff.com\/belogue\/category\/dpc\/"},"img":{"alt_text":"","src":"https:\/\/i0.wp.com\/www.wallendorff.com\/belogue\/wp-content\/uploads\/2015\/04\/201005041.jpg?resize=350%2C200&ssl=1","width":350,"height":200},"classes":[]},{"id":7490,"url":"https:\/\/www.wallendorff.com\/belogue\/2010\/05\/03\/w19602010\/","url_meta":{"origin":6854,"position":4},"title":"1960-2010","author":"dpc","date":"3 mai 2010","format":false,"excerpt":"1er mai. \u00a0PJ Harvey \u2013 The End","rel":"","context":"Dans &quot;DPC&quot;","block_context":{"text":"DPC","link":"https:\/\/www.wallendorff.com\/belogue\/category\/dpc\/"},"img":{"alt_text":"","src":"https:\/\/i0.wp.com\/www.wallendorff.com\/belogue\/wp-content\/uploads\/2015\/04\/201005031.jpg?resize=350%2C200&ssl=1","width":350,"height":200,"srcset":"https:\/\/i0.wp.com\/www.wallendorff.com\/belogue\/wp-content\/uploads\/2015\/04\/201005031.jpg?resize=350%2C200&ssl=1 1x, https:\/\/i0.wp.com\/www.wallendorff.com\/belogue\/wp-content\/uploads\/2015\/04\/201005031.jpg?resize=525%2C300&ssl=1 1.5x"},"classes":[]},{"id":7575,"url":"https:\/\/www.wallendorff.com\/belogue\/2010\/05\/25\/morne-mort-ne-mord-nem-orne\/","url_meta":{"origin":6854,"position":5},"title":"Morne mort-n\u00e9 mord nem orn\u00e9.","author":"dpc","date":"25 mai 2010","format":false,"excerpt":"Rue de la Folie-M\u00e9ricourt, Paris, 17 avril. \u00a0Blood Red Shoes \u2013 When We Wake","rel":"","context":"Dans &quot;DPC&quot;","block_context":{"text":"DPC","link":"https:\/\/www.wallendorff.com\/belogue\/category\/dpc\/"},"img":{"alt_text":"","src":"https:\/\/i0.wp.com\/www.wallendorff.com\/belogue\/wp-content\/uploads\/2015\/04\/201005251.jpg?resize=350%2C200&ssl=1","width":350,"height":200},"classes":[]}],"_links":{"self":[{"href":"https:\/\/www.wallendorff.com\/belogue\/wp-json\/wp\/v2\/posts\/6854","targetHints":{"allow":["GET"]}}],"collection":[{"href":"https:\/\/www.wallendorff.com\/belogue\/wp-json\/wp\/v2\/posts"}],"about":[{"href":"https:\/\/www.wallendorff.com\/belogue\/wp-json\/wp\/v2\/types\/post"}],"author":[{"embeddable":true,"href":"https:\/\/www.wallendorff.com\/belogue\/wp-json\/wp\/v2\/users\/1"}],"replies":[{"embeddable":true,"href":"https:\/\/www.wallendorff.com\/belogue\/wp-json\/wp\/v2\/comments?post=6854"}],"version-history":[{"count":1,"href":"https:\/\/www.wallendorff.com\/belogue\/wp-json\/wp\/v2\/posts\/6854\/revisions"}],"predecessor-version":[{"id":15745,"href":"https:\/\/www.wallendorff.com\/belogue\/wp-json\/wp\/v2\/posts\/6854\/revisions\/15745"}],"wp:featuredmedia":[{"embeddable":true,"href":"https:\/\/www.wallendorff.com\/belogue\/wp-json\/wp\/v2\/media\/25694"}],"wp:attachment":[{"href":"https:\/\/www.wallendorff.com\/belogue\/wp-json\/wp\/v2\/media?parent=6854"}],"wp:term":[{"taxonomy":"category","embeddable":true,"href":"https:\/\/www.wallendorff.com\/belogue\/wp-json\/wp\/v2\/categories?post=6854"},{"taxonomy":"post_tag","embeddable":true,"href":"https:\/\/www.wallendorff.com\/belogue\/wp-json\/wp\/v2\/tags?post=6854"}],"curies":[{"name":"wp","href":"https:\/\/api.w.org\/{rel}","templated":true}]}}