{"id":68,"date":"2005-09-11T00:51:48","date_gmt":"2005-09-11T00:51:48","guid":{"rendered":"http:\/\/www.po-l.com\/wordpress\/?p=68"},"modified":"2012-07-12T16:29:40","modified_gmt":"2012-07-12T14:29:40","slug":"corps-y-door","status":"publish","type":"post","link":"https:\/\/www.wallendorff.com\/belogue\/2005\/09\/11\/corps-y-door\/","title":{"rendered":"Corps y door&sup1;."},"content":{"rendered":"\n<div id=\"photo\">\n<p><img decoding=\"async\" src=\"http:\/\/www.po-L.com\/belogue\/photo\/2005\/09\/20050911.jpg\" \/><br \/>\n          Rue de la Convention, Paris, 9 septembre.<\/p>\n<\/p><\/div>\n<p style=\"text-align:right\">&quot;<em>In many ways they&rsquo;ll miss the good old days<br \/>\n        Someday, someday&quot;<\/em><\/p>\n<div id=\"bandeson\">\n<p><img decoding=\"async\" src=\"https:\/\/www.wallendorff.com\/belogue\/photo\/pochettes\/s\/strokes_the-is_this_it.jpg\" align=\"left\" \/>&nbsp;<a href=\"http:\/\/www.thestrokes.com\/\">The Strokes<\/a> &ndash; <em>Someday<\/em><\/p>\n<\/div>\n<p>_____<\/p>\n<div id=\"bas_note\">\n<p><sup>1<\/sup> Ceci, messieurs-dames, est le premier jeu de mots en esperanto de l&rsquo;histoire, d&eacute;velopp&eacute; en tenant compte du fait qu&rsquo;il devait &ecirc;tre compr&eacute;hensible dans les trois langues dont sont tir&eacute;s les mots qui le composent. Partant du constat qu&rsquo;une porte au bout d&rsquo;un couloir ornait la photographie du jour, les Professeurs Steve Harnett (<a href=\"http:\/\/www.umich.edu\/\">University of Michigan<\/a>, Ann Arbor), J&ograve;rge Velasquez (<a href=\"http:\/\/www.uncu.edu.ar\">Universidad Nacional de Cuyo<\/a>, Mendoza) et Patrick Pr&eacute;ganeaud (<a href=\"http:\/\/www.ulg.ac.be\/\">Universit&eacute; de Li&egrave;ge<\/a>), plac&eacute;s sous l&rsquo;&eacute;gide d&rsquo;un <a href=\"http:\/\/www.20six.fr\/dpc\">grand sp&eacute;cialiste mondial du jeu de mot qui fait rire &agrave; gorge d&eacute;ploy&eacute;<\/a><sup>a<\/sup>, sont tomb&eacute;s d&rsquo;accord sur le mot corridor, qui se dit corridor en anglais, mais aussi en espagnol et en fran&ccedil;ais (ainsi qu&rsquo;en wallon, qu&rsquo;en allemand et qu&rsquo;en italien, mais on n&rsquo;avait pas assez de place dans la phrase pour tout mettre, alors on s&rsquo;est arr&ecirc;t&eacute; l&agrave;, ce qui est d&eacute;j&agrave; pas mal)<sup>b<\/sup>. Le r&eacute;sultat en est ce titre certifi&eacute; compr&eacute;hensible &agrave; 100% par le commun des mortels<sup>c<\/sup>, qui, je l&rsquo;esp&egrave;re, vous fera rire &agrave; gorge d&eacute;ploy&eacute;e devant votre ordinateur personnel le soir dans votre maison.<\/p>\n<p><sup>a<\/sup> On n&rsquo;est jamais si bien servi que par soi-m&ecirc;me, dans la vie. aut aussi pour les compliments.<\/p>\n<p><sup>b<\/sup> C&rsquo;est long, comme phrase, hein&nbsp;? <sup>c<\/sup> Selon une &eacute;tude men&eacute;e du 3 au 12 ao&ucirc;t 2005 sur un &eacute;chantillon de gens qui parlent les langues suscit&eacute;es &agrave; qui ont a soumis le jeu de mots et qui ont rit &agrave; gorge d&eacute;ploy&eacute;e tout en trouvant fort pertinent le choix d&rsquo;une photo qui repr&eacute;sente une porte au bout d&rsquo;un couloir pour l&rsquo;illustrer.<sup>c<\/sup><\/p>\n<p><sup>d<\/sup> &Ccedil;a aussi c&rsquo;est long aussi, comme phrase, aussi, non&nbsp;?<\/p>\n<\/p><\/div>\n","protected":false},"excerpt":{"rendered":"<p>Rue de la Convention, Paris, 9 septembre. &quot;In many ways they&rsquo;ll miss the good old days Someday, someday&quot; &nbsp;The Strokes &ndash; Someday _____ 1 Ceci, messieurs-dames, est le premier jeu de mots en esperanto de l&rsquo;histoire, d&eacute;velopp&eacute; en tenant compte du fait qu&rsquo;il devait &ecirc;tre compr&eacute;hensible dans les trois langues dont sont tir&eacute;s les mots&hellip;<\/p>\n","protected":false},"author":1,"featured_media":24002,"comment_status":"open","ping_status":"open","sticky":false,"template":"","format":"standard","meta":{"_acf_changed":false,"ngg_post_thumbnail":0,"jetpack_post_was_ever_published":false,"_jetpack_newsletter_access":"","_jetpack_dont_email_post_to_subs":false,"_jetpack_newsletter_tier_id":0,"_jetpack_memberships_contains_paywalled_content":false,"_jetpack_memberships_contains_paid_content":false,"footnotes":"","jetpack_publicize_message":"","jetpack_publicize_feature_enabled":true,"jetpack_social_post_already_shared":false,"jetpack_social_options":{"image_generator_settings":{"template":"highway","default_image_id":0,"font":"","enabled":false},"version":2}},"categories":[3],"tags":[10243,132,10630,10322,10120,10121,793,10098,10305,1237,173,270,350],"class_list":["post-68","post","type-post","status-publish","format-standard","has-post-thumbnail","hentry","category-dpc","tag-10243","tag-eos-20d","tag-carrelage","tag-couloir","tag-france","tag-ile-de-france","tag-orange","tag-paris","tag-porte","tag-rue-de-la-convention","tag-sigma-28-70-mm-f28-dg-ex","tag-someday","tag-the-strokes"],"acf":[],"geo":{"latitude":48.845192,"longitude":2.2793601,"description":"13-25 Rue de la Convention, 75015 Paris, France"},"jetpack_publicize_connections":[],"jetpack_featured_media_url":"https:\/\/www.wallendorff.com\/belogue\/wp-content\/uploads\/2015\/04\/200509111.jpg","jetpack_shortlink":"https:\/\/wp.me\/p3b35P-16","jetpack_sharing_enabled":true,"jetpack-related-posts":[{"id":124500,"url":"https:\/\/www.wallendorff.com\/belogue\/2023\/04\/30\/avril-2023\/","url_meta":{"origin":68,"position":0},"title":"Avril 2023.","author":"dpc","date":"30 avril 2023","format":false,"excerpt":"Un chat pr\u00e9nomm\u00e9 Paupiette, un coucher de soleil, un \u00e2ne pr\u00e9nomm\u00e9 Ramette, un ap\u00e9ro, une lampe, des ombres, un immeuble, une clope, un m\u00e9tro, un mur, un chat pr\u00e9nomm\u00e9 \u00c7a-va-l\u2019Chalet, un quai de gare, un escalier de gare, un quai de gare, un resto, un chat pr\u00e9nomm\u00e9 Paupiette, un bar,\u2026","rel":"","context":"Dans &quot;Blog-note&quot;","block_context":{"text":"Blog-note","link":"https:\/\/www.wallendorff.com\/belogue\/category\/blog-note\/"},"img":{"alt_text":"","src":"https:\/\/i0.wp.com\/www.wallendorff.com\/belogue\/wp-content\/uploads\/2023\/05\/20230522-49.jpg?resize=350%2C200&ssl=1","width":350,"height":200,"srcset":"https:\/\/i0.wp.com\/www.wallendorff.com\/belogue\/wp-content\/uploads\/2023\/05\/20230522-49.jpg?resize=350%2C200&ssl=1 1x, https:\/\/i0.wp.com\/www.wallendorff.com\/belogue\/wp-content\/uploads\/2023\/05\/20230522-49.jpg?resize=525%2C300&ssl=1 1.5x, https:\/\/i0.wp.com\/www.wallendorff.com\/belogue\/wp-content\/uploads\/2023\/05\/20230522-49.jpg?resize=700%2C400&ssl=1 2x, https:\/\/i0.wp.com\/www.wallendorff.com\/belogue\/wp-content\/uploads\/2023\/05\/20230522-49.jpg?resize=1050%2C600&ssl=1 3x"},"classes":[]},{"id":133791,"url":"https:\/\/www.wallendorff.com\/belogue\/2025\/08\/31\/aout-2025\/","url_meta":{"origin":68,"position":1},"title":"Ao\u00fbt 2025.","author":"dpc","date":"31 ao\u00fbt 2025","format":false,"excerpt":"Un long pont, une plage, un coucher de soleil, un chat pr\u00e9nomm\u00e9 Cassoulet-Couscou-K\u00e9bab, un RER, une pizza, un rayon de soleil, un v\u00e9lociraptor, un chat pr\u00e9nomm\u00e9 Paupiette, un reflet, un balai, un miroir, un chat pr\u00e9nomm\u00e9 Bob, un feu rouge, un TER, un festival, une bi\u00e8re, un festival, un TGV,\u2026","rel":"","context":"Dans &quot;Blog-note&quot;","block_context":{"text":"Blog-note","link":"https:\/\/www.wallendorff.com\/belogue\/category\/blog-note\/"},"img":{"alt_text":"","src":"https:\/\/i0.wp.com\/www.wallendorff.com\/belogue\/wp-content\/uploads\/2025\/09\/20250915-53.jpg?resize=350%2C200&ssl=1","width":350,"height":200,"srcset":"https:\/\/i0.wp.com\/www.wallendorff.com\/belogue\/wp-content\/uploads\/2025\/09\/20250915-53.jpg?resize=350%2C200&ssl=1 1x, https:\/\/i0.wp.com\/www.wallendorff.com\/belogue\/wp-content\/uploads\/2025\/09\/20250915-53.jpg?resize=525%2C300&ssl=1 1.5x, https:\/\/i0.wp.com\/www.wallendorff.com\/belogue\/wp-content\/uploads\/2025\/09\/20250915-53.jpg?resize=700%2C400&ssl=1 2x, https:\/\/i0.wp.com\/www.wallendorff.com\/belogue\/wp-content\/uploads\/2025\/09\/20250915-53.jpg?resize=1050%2C600&ssl=1 3x"},"classes":[]},{"id":132051,"url":"https:\/\/www.wallendorff.com\/belogue\/2025\/03\/31\/mars-2025\/","url_meta":{"origin":68,"position":2},"title":"Mars 2025.","author":"dpc","date":"31 mars 2025","format":false,"excerpt":"Un appartement \u00e0 ranger, un anniversaire, un concert, un chat pr\u00e9nomm\u00e9 Chalumeau (et un lapin pr\u00e9nomm\u00e9 Lapinou), un drapeau p\u00e9ruvien, un arr\u00eat de bus, une sieste masqu\u00e9e, un coucher de soleil, des travaux, un one-man show, un appartement \u00e0 ranger, un fauteuil haut perch\u00e9, un train \u00e0 grande vitesse, un\u2026","rel":"","context":"Dans &quot;Blog-note&quot;","block_context":{"text":"Blog-note","link":"https:\/\/www.wallendorff.com\/belogue\/category\/blog-note\/"},"img":{"alt_text":"","src":"https:\/\/i0.wp.com\/www.wallendorff.com\/belogue\/wp-content\/uploads\/2025\/04\/20250409-32.jpg?resize=350%2C200&ssl=1","width":350,"height":200,"srcset":"https:\/\/i0.wp.com\/www.wallendorff.com\/belogue\/wp-content\/uploads\/2025\/04\/20250409-32.jpg?resize=350%2C200&ssl=1 1x, https:\/\/i0.wp.com\/www.wallendorff.com\/belogue\/wp-content\/uploads\/2025\/04\/20250409-32.jpg?resize=525%2C300&ssl=1 1.5x, https:\/\/i0.wp.com\/www.wallendorff.com\/belogue\/wp-content\/uploads\/2025\/04\/20250409-32.jpg?resize=700%2C400&ssl=1 2x, https:\/\/i0.wp.com\/www.wallendorff.com\/belogue\/wp-content\/uploads\/2025\/04\/20250409-32.jpg?resize=1050%2C600&ssl=1 3x"},"classes":[]},{"id":125251,"url":"https:\/\/www.wallendorff.com\/belogue\/2023\/06\/30\/juin-2023\/","url_meta":{"origin":68,"position":3},"title":"Juin 2023.","author":"dpc","date":"30 juin 2023","format":false,"excerpt":"Un rayon de soleil, un balcon, une ombre, un bisou, un m\u00e9tro flou, un mus\u00e9e, une ruelle, un reflet, un arr\u00eat de bus, un couloir, un m\u00e9tro flou, un escalier, un papillon, une autoroute, un Intermarch\u00e9, un saxophone, une grotte, une belle famille, un arbre \u00e0 gamins, une station-service, un\u2026","rel":"","context":"Dans &quot;Blog-note&quot;","block_context":{"text":"Blog-note","link":"https:\/\/www.wallendorff.com\/belogue\/category\/blog-note\/"},"img":{"alt_text":"","src":"https:\/\/i0.wp.com\/www.wallendorff.com\/belogue\/wp-content\/uploads\/2023\/07\/20230717-45.jpg?resize=350%2C200&ssl=1","width":350,"height":200,"srcset":"https:\/\/i0.wp.com\/www.wallendorff.com\/belogue\/wp-content\/uploads\/2023\/07\/20230717-45.jpg?resize=350%2C200&ssl=1 1x, https:\/\/i0.wp.com\/www.wallendorff.com\/belogue\/wp-content\/uploads\/2023\/07\/20230717-45.jpg?resize=525%2C300&ssl=1 1.5x, https:\/\/i0.wp.com\/www.wallendorff.com\/belogue\/wp-content\/uploads\/2023\/07\/20230717-45.jpg?resize=700%2C400&ssl=1 2x, https:\/\/i0.wp.com\/www.wallendorff.com\/belogue\/wp-content\/uploads\/2023\/07\/20230717-45.jpg?resize=1050%2C600&ssl=1 3x"},"classes":[]},{"id":127050,"url":"https:\/\/www.wallendorff.com\/belogue\/2023\/12\/31\/decembre-2023\/","url_meta":{"origin":68,"position":4},"title":"D\u00e9cembre 2023.","author":"dpc","date":"31 d\u00e9cembre 2023","format":false,"excerpt":"Un vernissage, un m\u00e9tro, un miroir d\u2019eau, une esplanade, un avion, une tour, un v\u00e9lo, un avion, une pause, un m\u00e9tro, une pyramide floue, une passerelle, un banc, un mus\u00e9e, une arcade, une acrobatie, un r\u00e9veillon, une conf\u00e9rence, un escalier bien achaland\u00e9, un choual, une \u00e9curie, un man\u00e8ge, un saut,\u2026","rel":"","context":"Dans &quot;Blog-note&quot;","block_context":{"text":"Blog-note","link":"https:\/\/www.wallendorff.com\/belogue\/category\/blog-note\/"},"img":{"alt_text":"","src":"https:\/\/i0.wp.com\/www.wallendorff.com\/belogue\/wp-content\/uploads\/2024\/01\/20240110-62.jpg?resize=350%2C200&ssl=1","width":350,"height":200,"srcset":"https:\/\/i0.wp.com\/www.wallendorff.com\/belogue\/wp-content\/uploads\/2024\/01\/20240110-62.jpg?resize=350%2C200&ssl=1 1x, https:\/\/i0.wp.com\/www.wallendorff.com\/belogue\/wp-content\/uploads\/2024\/01\/20240110-62.jpg?resize=525%2C300&ssl=1 1.5x, https:\/\/i0.wp.com\/www.wallendorff.com\/belogue\/wp-content\/uploads\/2024\/01\/20240110-62.jpg?resize=700%2C400&ssl=1 2x, https:\/\/i0.wp.com\/www.wallendorff.com\/belogue\/wp-content\/uploads\/2024\/01\/20240110-62.jpg?resize=1050%2C600&ssl=1 3x"},"classes":[]},{"id":805,"url":"https:\/\/www.wallendorff.com\/belogue\/2006\/10\/14\/couloir-avec-une-porte-au-fond\/","url_meta":{"origin":68,"position":5},"title":"Couloir avec une porte au fond\u00b9.","author":"dpc","date":"14 octobre 2006","format":false,"excerpt":"Boulevard Saint-Germain, Paris, 7 octobre. Simon & Garfunkel \u2013 America _____ 1 La fatigue aidant, le niveau descend.","rel":"","context":"Dans &quot;DPC&quot;","block_context":{"text":"DPC","link":"https:\/\/www.wallendorff.com\/belogue\/category\/dpc\/"},"img":{"alt_text":"","src":"https:\/\/i0.wp.com\/www.wallendorff.com\/belogue\/wp-content\/uploads\/2015\/04\/200610141.jpg?resize=350%2C200&ssl=1","width":350,"height":200},"classes":[]}],"_links":{"self":[{"href":"https:\/\/www.wallendorff.com\/belogue\/wp-json\/wp\/v2\/posts\/68","targetHints":{"allow":["GET"]}}],"collection":[{"href":"https:\/\/www.wallendorff.com\/belogue\/wp-json\/wp\/v2\/posts"}],"about":[{"href":"https:\/\/www.wallendorff.com\/belogue\/wp-json\/wp\/v2\/types\/post"}],"author":[{"embeddable":true,"href":"https:\/\/www.wallendorff.com\/belogue\/wp-json\/wp\/v2\/users\/1"}],"replies":[{"embeddable":true,"href":"https:\/\/www.wallendorff.com\/belogue\/wp-json\/wp\/v2\/comments?post=68"}],"version-history":[{"count":1,"href":"https:\/\/www.wallendorff.com\/belogue\/wp-json\/wp\/v2\/posts\/68\/revisions"}],"predecessor-version":[{"id":18191,"href":"https:\/\/www.wallendorff.com\/belogue\/wp-json\/wp\/v2\/posts\/68\/revisions\/18191"}],"wp:featuredmedia":[{"embeddable":true,"href":"https:\/\/www.wallendorff.com\/belogue\/wp-json\/wp\/v2\/media\/24002"}],"wp:attachment":[{"href":"https:\/\/www.wallendorff.com\/belogue\/wp-json\/wp\/v2\/media?parent=68"}],"wp:term":[{"taxonomy":"category","embeddable":true,"href":"https:\/\/www.wallendorff.com\/belogue\/wp-json\/wp\/v2\/categories?post=68"},{"taxonomy":"post_tag","embeddable":true,"href":"https:\/\/www.wallendorff.com\/belogue\/wp-json\/wp\/v2\/tags?post=68"}],"curies":[{"name":"wp","href":"https:\/\/api.w.org\/{rel}","templated":true}]}}