{"id":6790,"date":"2010-02-15T10:10:32","date_gmt":"2010-02-15T09:10:32","guid":{"rendered":"http:\/\/www.po-l.com\/belogue\/?p=6790"},"modified":"2012-01-30T11:45:11","modified_gmt":"2012-01-30T09:45:11","slug":"defense-daffliger","status":"publish","type":"post","link":"https:\/\/www.wallendorff.com\/belogue\/2010\/02\/15\/defense-daffliger\/","title":{"rendered":"[D\u00e9fense d&rsquo;affliger.]"},"content":{"rendered":"<div id=\"photo\">\n<p><img decoding=\"async\" src=\"https:\/\/www.wallendorff.com\/belogue\/photo\/2010\/02\/20100215.jpg\" \/><br \/>\nBoulevard Auguste Blanqui, Paris, 7 janvier.<\/p>\n<\/div>\n<p style=\"text-align:right\">&laquo;&nbsp;Boulevard&nbsp;&raquo; vient du n&eacute;erlandais &laquo;&nbsp;<em>bolwerk&nbsp;&raquo;<\/em>.<br \/>\nSi si.<\/p>\n<div id=\"bandeson\">\n<p><img decoding=\"async\" src=\"https:\/\/www.wallendorff.com\/belogue\/photo\/pochettes\/r\/ritter_josh-hello_starling.jpg\" align=\"left\" \/>&nbsp;<a href=\"http:\/\/www.joshritter.com\/\">Josh Ritter<\/a> &ndash; <em>Snow Is Gone<\/em><\/p>\n<\/div>\n","protected":false},"excerpt":{"rendered":"<p>Boulevard Auguste Blanqui, Paris, 7 janvier. &laquo;&nbsp;Boulevard&nbsp;&raquo; vient du n&eacute;erlandais &laquo;&nbsp;bolwerk&nbsp;&raquo;. Si si. &nbsp;Josh Ritter &ndash; Snow Is Gone<\/p>\n","protected":false},"author":1,"featured_media":25687,"comment_status":"open","ping_status":"open","sticky":false,"template":"","format":"standard","meta":{"_acf_changed":false,"ngg_post_thumbnail":0,"jetpack_post_was_ever_published":false,"_jetpack_newsletter_access":"","_jetpack_dont_email_post_to_subs":false,"_jetpack_newsletter_tier_id":0,"_jetpack_memberships_contains_paywalled_content":false,"_jetpack_memberships_contains_paid_content":false,"footnotes":"","jetpack_publicize_message":"","jetpack_publicize_feature_enabled":true,"jetpack_social_post_already_shared":false,"jetpack_social_options":{"image_generator_settings":{"template":"highway","default_image_id":0,"font":"","enabled":false},"version":2}},"categories":[3],"tags":[10122,737,3467,1438,2615,10120,10663,10121,2773,10211,10104,10098,10351,3468,164],"class_list":["post-6790","post","type-post","status-publish","format-standard","has-post-thumbnail","hentry","category-dpc","tag-10122","tag-bleu","tag-boulevard-auguste-blanqui","tag-ef-50-mm-f14-usm","tag-eos-5d-mark-ii","tag-france","tag-hiver","tag-ile-de-france","tag-josh-ritter","tag-neige","tag-panneau","tag-paris","tag-rue","tag-snow-is-gone","tag-urbain"],"acf":[],"geo":{"latitude":48.8308411,"longitude":2.3436391,"description":null},"jetpack_publicize_connections":[],"jetpack_featured_media_url":"https:\/\/www.wallendorff.com\/belogue\/wp-content\/uploads\/2015\/04\/201002151.jpg","jetpack_shortlink":"https:\/\/wp.me\/p3b35P-1Lw","jetpack_sharing_enabled":true,"jetpack-related-posts":[{"id":11145,"url":"https:\/\/www.wallendorff.com\/belogue\/2010\/12\/25\/shalala\/","url_meta":{"origin":6790,"position":0},"title":"[Shalala.]","author":"dpc","date":"25 d\u00e9cembre 2010","format":false,"excerpt":"Glaci\u00e8re, 20 d\u00e9cembre. Yeah Yeah Yeahs \u2013 All I Want for Christmas","rel":"","context":"Dans &quot;DPC&quot;","block_context":{"text":"DPC","link":"https:\/\/www.wallendorff.com\/belogue\/category\/dpc\/"},"img":{"alt_text":"","src":"https:\/\/i0.wp.com\/www.wallendorff.com\/belogue\/wp-content\/uploads\/2015\/04\/201012251.jpg?resize=350%2C200&ssl=1","width":350,"height":200},"classes":[]},{"id":4127,"url":"https:\/\/www.wallendorff.com\/belogue\/2009\/04\/08\/shooting-people-50\/","url_meta":{"origin":6790,"position":1},"title":"Shooting people #50&frac12;.","author":"dpc","date":"8 avril 2009","format":false,"excerpt":"Place Dalida, Paris, 2 mars. Josh Ritter \u2013 Chelsea Hotel #2 (Leonard Cohen cover) (live) Encul\u00e9\u00e9\u00e9\u00e9\u00e9\u00e9\u00e9\u00e9\u00e9\u00e9s.","rel":"","context":"Dans &quot;Portraits&quot;","block_context":{"text":"Portraits","link":"https:\/\/www.wallendorff.com\/belogue\/category\/portraits\/"},"img":{"alt_text":"","src":"https:\/\/i0.wp.com\/www.wallendorff.com\/belogue\/wp-content\/uploads\/2015\/04\/200904081.jpg?resize=350%2C200&ssl=1","width":350,"height":200},"classes":[]},{"id":12498,"url":"https:\/\/www.wallendorff.com\/belogue\/2011\/03\/28\/nos-voeux-non-sans-paye\/","url_meta":{"origin":6790,"position":2},"title":"Nos v\u0153ux, non sans paye.","author":"dpc","date":"28 mars 2011","format":false,"excerpt":"Maison de la Radio, Paris, 10 mars. Mouais. Josh Ritter \u2013 Rattling Locks (Hesta Prynn remix)","rel":"","context":"Dans &quot;DPC&quot;","block_context":{"text":"DPC","link":"https:\/\/www.wallendorff.com\/belogue\/category\/dpc\/"},"img":{"alt_text":"","src":"https:\/\/i0.wp.com\/www.wallendorff.com\/belogue\/wp-content\/uploads\/2015\/04\/201103281.jpg?resize=350%2C200&ssl=1","width":350,"height":200},"classes":[]},{"id":131679,"url":"https:\/\/www.wallendorff.com\/belogue\/2025\/02\/04\/snow-patrol-lolympia-paris-30-janvier-2025\/","url_meta":{"origin":6790,"position":3},"title":"Snow Patrol @ l&rsquo;Olympia, Paris, 30 janvier 2025.","author":"dpc","date":"4 f\u00e9vrier 2025","format":false,"excerpt":"Snow Patrol @ l\u2019Olympia, Paris, 30\/01\/2025 Snow Patrol @ l\u2019Olympia, Paris, 30\/01\/2025 Snow Patrol @ l\u2019Olympia, Paris, 30\/01\/2025 Snow Patrol @ l\u2019Olympia, Paris, 30\/01\/2025 Snow Patrol @ l\u2019Olympia, Paris, 30\/01\/2025 Snow Patrol @ l\u2019Olympia, Paris, 30\/01\/2025 Snow Patrol @ l\u2019Olympia, Paris, 30\/01\/2025 Snow Patrol @ l\u2019Olympia, Paris, 30\/01\/2025 Snow Patrol\u2026","rel":"","context":"Dans &quot;Alive&quot;","block_context":{"text":"Alive","link":"https:\/\/www.wallendorff.com\/belogue\/category\/alive\/"},"img":{"alt_text":"","src":"https:\/\/i0.wp.com\/www.wallendorff.com\/belogue\/wp-content\/uploads\/2025\/02\/20250204-13.jpg?resize=350%2C200&ssl=1","width":350,"height":200,"srcset":"https:\/\/i0.wp.com\/www.wallendorff.com\/belogue\/wp-content\/uploads\/2025\/02\/20250204-13.jpg?resize=350%2C200&ssl=1 1x, https:\/\/i0.wp.com\/www.wallendorff.com\/belogue\/wp-content\/uploads\/2025\/02\/20250204-13.jpg?resize=525%2C300&ssl=1 1.5x, https:\/\/i0.wp.com\/www.wallendorff.com\/belogue\/wp-content\/uploads\/2025\/02\/20250204-13.jpg?resize=700%2C400&ssl=1 2x, https:\/\/i0.wp.com\/www.wallendorff.com\/belogue\/wp-content\/uploads\/2025\/02\/20250204-13.jpg?resize=1050%2C600&ssl=1 3x"},"classes":[]},{"id":43880,"url":"https:\/\/www.wallendorff.com\/belogue\/2019\/09\/30\/septembre-2019\/","url_meta":{"origin":6790,"position":4},"title":"Septembre 2019.","author":"dpc","date":"30 septembre 2019","format":false,"excerpt":"Un trottoir, une cath\u00e9drale, un restaurant, un ap\u00e9ro, un b\u00e2timent colossal, un quai de m\u00e9tropolitain, un coucher de soleil, une colline, des pyramides, une autoroute, un cr\u00e9puscule, une grotte, un lever de soleil, une jet\u00e9e, un pont, une plage, une route, une vieille ville, un ap\u00e9ro, un trottoir, un quai\u2026","rel":"","context":"Dans &quot;Blog-note&quot;","block_context":{"text":"Blog-note","link":"https:\/\/www.wallendorff.com\/belogue\/category\/blog-note\/"},"img":{"alt_text":"","src":"https:\/\/i0.wp.com\/www.wallendorff.com\/belogue\/wp-content\/uploads\/2019\/10\/20191015-15.jpg?resize=350%2C200&ssl=1","width":350,"height":200,"srcset":"https:\/\/i0.wp.com\/www.wallendorff.com\/belogue\/wp-content\/uploads\/2019\/10\/20191015-15.jpg?resize=350%2C200&ssl=1 1x, https:\/\/i0.wp.com\/www.wallendorff.com\/belogue\/wp-content\/uploads\/2019\/10\/20191015-15.jpg?resize=525%2C300&ssl=1 1.5x, https:\/\/i0.wp.com\/www.wallendorff.com\/belogue\/wp-content\/uploads\/2019\/10\/20191015-15.jpg?resize=700%2C400&ssl=1 2x, https:\/\/i0.wp.com\/www.wallendorff.com\/belogue\/wp-content\/uploads\/2019\/10\/20191015-15.jpg?resize=1050%2C600&ssl=1 3x"},"classes":[]},{"id":23206,"url":"https:\/\/www.wallendorff.com\/belogue\/2014\/06\/30\/juin-2014\/","url_meta":{"origin":6790,"position":5},"title":"Juin 2014.","author":"dpc","date":"30 juin 2014","format":false,"excerpt":"Une ruine, un di\u0161que, un concert qui commence mal [et qui finit bien], un anniversaire, un train, une expo-anniversaire, un vieux moulin, des minions [par millions], un avion, une nouvelle ville, une gr\u00e8ve, des retrouvailles, un festival, un blind-test et 4\u00a0185\u00a0km de plus au compteur. Juin 2014. 5 titres Harold\u2026","rel":"","context":"Dans &quot;Blog-note&quot;","block_context":{"text":"Blog-note","link":"https:\/\/www.wallendorff.com\/belogue\/category\/blog-note\/"},"img":{"alt_text":"","src":"https:\/\/i0.wp.com\/www.wallendorff.com\/belogue\/wp-content\/uploads\/2015\/04\/20140718-151.jpg?resize=350%2C200&ssl=1","width":350,"height":200,"srcset":"https:\/\/i0.wp.com\/www.wallendorff.com\/belogue\/wp-content\/uploads\/2015\/04\/20140718-151.jpg?resize=350%2C200&ssl=1 1x, https:\/\/i0.wp.com\/www.wallendorff.com\/belogue\/wp-content\/uploads\/2015\/04\/20140718-151.jpg?resize=525%2C300&ssl=1 1.5x"},"classes":[]}],"_links":{"self":[{"href":"https:\/\/www.wallendorff.com\/belogue\/wp-json\/wp\/v2\/posts\/6790","targetHints":{"allow":["GET"]}}],"collection":[{"href":"https:\/\/www.wallendorff.com\/belogue\/wp-json\/wp\/v2\/posts"}],"about":[{"href":"https:\/\/www.wallendorff.com\/belogue\/wp-json\/wp\/v2\/types\/post"}],"author":[{"embeddable":true,"href":"https:\/\/www.wallendorff.com\/belogue\/wp-json\/wp\/v2\/users\/1"}],"replies":[{"embeddable":true,"href":"https:\/\/www.wallendorff.com\/belogue\/wp-json\/wp\/v2\/comments?post=6790"}],"version-history":[{"count":1,"href":"https:\/\/www.wallendorff.com\/belogue\/wp-json\/wp\/v2\/posts\/6790\/revisions"}],"predecessor-version":[{"id":15604,"href":"https:\/\/www.wallendorff.com\/belogue\/wp-json\/wp\/v2\/posts\/6790\/revisions\/15604"}],"wp:featuredmedia":[{"embeddable":true,"href":"https:\/\/www.wallendorff.com\/belogue\/wp-json\/wp\/v2\/media\/25687"}],"wp:attachment":[{"href":"https:\/\/www.wallendorff.com\/belogue\/wp-json\/wp\/v2\/media?parent=6790"}],"wp:term":[{"taxonomy":"category","embeddable":true,"href":"https:\/\/www.wallendorff.com\/belogue\/wp-json\/wp\/v2\/categories?post=6790"},{"taxonomy":"post_tag","embeddable":true,"href":"https:\/\/www.wallendorff.com\/belogue\/wp-json\/wp\/v2\/tags?post=6790"}],"curies":[{"name":"wp","href":"https:\/\/api.w.org\/{rel}","templated":true}]}}