{"id":6787,"date":"2010-02-12T10:06:38","date_gmt":"2010-02-12T09:06:38","guid":{"rendered":"http:\/\/www.po-l.com\/belogue\/?p=6787"},"modified":"2012-01-30T11:44:05","modified_gmt":"2012-01-30T09:44:05","slug":"les-palindromes-finissent-souvent-en-turque-car-raceu-qrut-net-nevuo-stnes-sinifs-em-ordnilapsel","status":"publish","type":"post","link":"https:\/\/www.wallendorff.com\/belogue\/2010\/02\/12\/les-palindromes-finissent-souvent-en-turque-car-raceu-qrut-net-nevuo-stnes-sinifs-em-ordnilapsel\/","title":{"rendered":"[Les palindromes finissent souvent en turque car raceu qrut net nevuo stnes sinifs em ordnilapsel.]"},"content":{"rendered":"<div id=\"photo\">\n<p><img decoding=\"async\" src=\"https:\/\/www.wallendorff.com\/belogue\/photo\/2010\/02\/20100212.jpg\" \/><br \/>\nRue F&eacute;rou, Paris, 3 janvier.<\/p>\n<\/div>\n<p style=\"text-align:right\">Note pour la prochaine fois&nbsp;: ne plus h&eacute;siter &agrave; entrer chez les gens et &eacute;teindre leur plafonnier au nom de la Sainte Sym&eacute;trie.<\/p>\n<div id=\"bandeson\">\n<p><img decoding=\"async\" src=\"https:\/\/www.wallendorff.com\/belogue\/photo\/pochettes\/c\/carolina_liar-coming_to_terms.jpg\" align=\"left\" \/>&nbsp;<a href=\"http:\/\/www.carolinaliar.com\/\">Carolina Liar<\/a> &ndash; <em>Show Me What I&rsquo;m Looking for<\/em><\/p>\n<\/div>\n","protected":false},"excerpt":{"rendered":"<p>Rue F&eacute;rou, Paris, 3 janvier. Note pour la prochaine fois&nbsp;: ne plus h&eacute;siter &agrave; entrer chez les gens et &eacute;teindre leur plafonnier au nom de la Sainte Sym&eacute;trie. &nbsp;Carolina Liar &ndash; Show Me What I&rsquo;m Looking for<\/p>\n","protected":false},"author":1,"featured_media":25686,"comment_status":"open","ping_status":"open","sticky":false,"template":"","format":"standard","meta":{"_acf_changed":false,"ngg_post_thumbnail":0,"jetpack_post_was_ever_published":false,"_jetpack_newsletter_access":"","_jetpack_dont_email_post_to_subs":false,"_jetpack_newsletter_tier_id":0,"_jetpack_memberships_contains_paywalled_content":false,"_jetpack_memberships_contains_paid_content":false,"footnotes":"","jetpack_publicize_message":"","jetpack_publicize_feature_enabled":true,"jetpack_social_post_already_shared":false,"jetpack_social_options":{"image_generator_settings":{"template":"highway","default_image_id":0,"font":"","enabled":false},"version":2}},"categories":[3],"tags":[10250,2571,2615,3465,10210,10307,10120,10121,10147,10098,10305,3464,3466],"class_list":["post-6787","post","type-post","status-publish","format-standard","has-post-thumbnail","hentry","category-dpc","tag-10250","tag-ef-16-35-mm-f28l-ii-usm","tag-eos-5d-mark-ii","tag-carolina-liar","tag-escalier","tag-fenetre","tag-france","tag-ile-de-france","tag-nuit","tag-paris","tag-porte","tag-rue-ferou","tag-show-me-what-im-looking-for"],"acf":[],"geo":{"latitude":48.8493309,"longitude":2.3338785,"description":null},"jetpack_publicize_connections":[],"jetpack_featured_media_url":"https:\/\/www.wallendorff.com\/belogue\/wp-content\/uploads\/2015\/04\/201002121.jpg","jetpack_shortlink":"https:\/\/wp.me\/p3b35P-1Lt","jetpack_sharing_enabled":true,"jetpack-related-posts":[{"id":127210,"url":"https:\/\/www.wallendorff.com\/belogue\/2024\/02\/01\/the-luka-state-les-etoiles-paris-31-janvier-2024\/","url_meta":{"origin":6787,"position":0},"title":"The Luka State @ les \u00c9toiles, Paris, 31 janvier 2024.","author":"dpc","date":"1 f\u00e9vrier 2024","format":false,"excerpt":"The Luka State @ les \u00c9toiles, Paris, 31\/01\/2024 The Luka State @ les \u00c9toiles, Paris, 31\/01\/2024 The Luka State @ les \u00c9toiles, Paris, 31\/01\/2024 The Luka State @ les \u00c9toiles, Paris, 31\/01\/2024 The Luka State @ les \u00c9toiles, Paris, 31\/01\/2024 The Luka State @ les \u00c9toiles, Paris, 31\/01\/2024 The Luka\u2026","rel":"","context":"Dans &quot;Alive&quot;","block_context":{"text":"Alive","link":"https:\/\/www.wallendorff.com\/belogue\/category\/alive\/"},"img":{"alt_text":"","src":"https:\/\/i0.wp.com\/www.wallendorff.com\/belogue\/wp-content\/uploads\/2024\/02\/20240201-11.jpg?resize=350%2C200&ssl=1","width":350,"height":200,"srcset":"https:\/\/i0.wp.com\/www.wallendorff.com\/belogue\/wp-content\/uploads\/2024\/02\/20240201-11.jpg?resize=350%2C200&ssl=1 1x, https:\/\/i0.wp.com\/www.wallendorff.com\/belogue\/wp-content\/uploads\/2024\/02\/20240201-11.jpg?resize=525%2C300&ssl=1 1.5x, https:\/\/i0.wp.com\/www.wallendorff.com\/belogue\/wp-content\/uploads\/2024\/02\/20240201-11.jpg?resize=700%2C400&ssl=1 2x, https:\/\/i0.wp.com\/www.wallendorff.com\/belogue\/wp-content\/uploads\/2024\/02\/20240201-11.jpg?resize=1050%2C600&ssl=1 3x"},"classes":[]},{"id":129839,"url":"https:\/\/www.wallendorff.com\/belogue\/2024\/08\/05\/a-paris-a-velo-on-passe-devant-le-mcdo\/","url_meta":{"origin":6787,"position":1},"title":"\u00c0 Paris, \u00e0 v\u00e9lo [on passe devant le McDo].","author":"dpc","date":"5 ao\u00fbt 2024","format":false,"excerpt":"Bien :Je n'avais jamais chout\u00e9 de course v\u00e9locip\u00e9dique. C'\u00e9tait int\u00e9ressant \u00e0 faire.Maintenant je pourrai raconter \u00e0 tout le monde que oui oui j'ai d\u00e9j\u00e0 fait des photos aux jeux olympiques.Pas bien :J'aurais d\u00fb prendre un t\u00e9l\u00e9objectif car il y a bien des choses vues que je n'ai pu attraper.","rel":"","context":"Dans &quot;DPC&quot;","block_context":{"text":"DPC","link":"https:\/\/www.wallendorff.com\/belogue\/category\/dpc\/"},"img":{"alt_text":"","src":"https:\/\/i0.wp.com\/www.wallendorff.com\/belogue\/wp-content\/uploads\/2024\/08\/20240805-05.jpg?resize=350%2C200&ssl=1","width":350,"height":200,"srcset":"https:\/\/i0.wp.com\/www.wallendorff.com\/belogue\/wp-content\/uploads\/2024\/08\/20240805-05.jpg?resize=350%2C200&ssl=1 1x, https:\/\/i0.wp.com\/www.wallendorff.com\/belogue\/wp-content\/uploads\/2024\/08\/20240805-05.jpg?resize=525%2C300&ssl=1 1.5x, https:\/\/i0.wp.com\/www.wallendorff.com\/belogue\/wp-content\/uploads\/2024\/08\/20240805-05.jpg?resize=700%2C400&ssl=1 2x, https:\/\/i0.wp.com\/www.wallendorff.com\/belogue\/wp-content\/uploads\/2024\/08\/20240805-05.jpg?resize=1050%2C600&ssl=1 3x"},"classes":[]},{"id":132374,"url":"https:\/\/www.wallendorff.com\/belogue\/2025\/06\/01\/lenjouement\/","url_meta":{"origin":6787,"position":2},"title":"L&rsquo;enjouement.","author":"dpc","date":"1 juin 2025","format":false,"excerpt":"Paris, 31 mai 2025.","rel":"","context":"Dans &quot;DPC&quot;","block_context":{"text":"DPC","link":"https:\/\/www.wallendorff.com\/belogue\/category\/dpc\/"},"img":{"alt_text":"","src":"https:\/\/i0.wp.com\/www.wallendorff.com\/belogue\/wp-content\/uploads\/2025\/06\/20250601-26.jpg?resize=350%2C200&ssl=1","width":350,"height":200,"srcset":"https:\/\/i0.wp.com\/www.wallendorff.com\/belogue\/wp-content\/uploads\/2025\/06\/20250601-26.jpg?resize=350%2C200&ssl=1 1x, https:\/\/i0.wp.com\/www.wallendorff.com\/belogue\/wp-content\/uploads\/2025\/06\/20250601-26.jpg?resize=525%2C300&ssl=1 1.5x, https:\/\/i0.wp.com\/www.wallendorff.com\/belogue\/wp-content\/uploads\/2025\/06\/20250601-26.jpg?resize=700%2C400&ssl=1 2x, https:\/\/i0.wp.com\/www.wallendorff.com\/belogue\/wp-content\/uploads\/2025\/06\/20250601-26.jpg?resize=1050%2C600&ssl=1 3x"},"classes":[]},{"id":9575,"url":"https:\/\/www.wallendorff.com\/belogue\/2010\/09\/28\/lete-les-thes-laits-tels-etaient\/","url_meta":{"origin":6787,"position":3},"title":"L&rsquo;\u00e9t\u00e9, les th\u00e9s, lait tels \u00e9taient.","author":"dpc","date":"28 septembre 2010","format":false,"excerpt":"La Fourmi Ail\u00e9e, Paris, Paris, 30 juillet. \u00a0Rogue Wave \u2013 Sleepwalker (acoustic)","rel":"","context":"Dans &quot;DPC&quot;","block_context":{"text":"DPC","link":"https:\/\/www.wallendorff.com\/belogue\/category\/dpc\/"},"img":{"alt_text":"","src":"https:\/\/i0.wp.com\/www.wallendorff.com\/belogue\/wp-content\/uploads\/2015\/04\/201009281.jpg?resize=350%2C200&ssl=1","width":350,"height":200},"classes":[]},{"id":131858,"url":"https:\/\/www.wallendorff.com\/belogue\/2025\/03\/09\/hinds-la-bellevilloise-paris-7-mars-2025\/","url_meta":{"origin":6787,"position":4},"title":"Hinds @ la Bellevilloise, Paris, 7 mars 2025.","author":"dpc","date":"9 mars 2025","format":false,"excerpt":"Hinds @ la Bellevilloise, Paris, 7 mars 2025 Hinds @ la Bellevilloise, Paris, 7 mars 2025 Hinds @ la Bellevilloise, Paris, 7 mars 2025 Hinds @ la Bellevilloise, Paris, 7 mars 2025 Hinds @ la Bellevilloise, Paris, 7 mars 2025 Hinds @ la Bellevilloise, Paris, 7 mars 2025 Hinds @\u2026","rel":"","context":"Dans &quot;Alive&quot;","block_context":{"text":"Alive","link":"https:\/\/www.wallendorff.com\/belogue\/category\/alive\/"},"img":{"alt_text":"","src":"https:\/\/i0.wp.com\/www.wallendorff.com\/belogue\/wp-content\/uploads\/2025\/03\/20250309-03.jpg?resize=350%2C200&ssl=1","width":350,"height":200,"srcset":"https:\/\/i0.wp.com\/www.wallendorff.com\/belogue\/wp-content\/uploads\/2025\/03\/20250309-03.jpg?resize=350%2C200&ssl=1 1x, https:\/\/i0.wp.com\/www.wallendorff.com\/belogue\/wp-content\/uploads\/2025\/03\/20250309-03.jpg?resize=525%2C300&ssl=1 1.5x, https:\/\/i0.wp.com\/www.wallendorff.com\/belogue\/wp-content\/uploads\/2025\/03\/20250309-03.jpg?resize=700%2C400&ssl=1 2x, https:\/\/i0.wp.com\/www.wallendorff.com\/belogue\/wp-content\/uploads\/2025\/03\/20250309-03.jpg?resize=1050%2C600&ssl=1 3x"},"classes":[]},{"id":135723,"url":"https:\/\/www.wallendorff.com\/belogue\/2026\/04\/08\/perissent-ils\/","url_meta":{"origin":6787,"position":5},"title":"P\u00e9rissent-ils.","author":"dpc","date":"8 avril 2026","format":false,"excerpt":"Place de la Madeleine, Paris, 26 janvier 2026.","rel":"","context":"Dans &quot;DPC&quot;","block_context":{"text":"DPC","link":"https:\/\/www.wallendorff.com\/belogue\/category\/dpc\/"},"img":{"alt_text":"","src":"https:\/\/i0.wp.com\/www.wallendorff.com\/belogue\/wp-content\/uploads\/2026\/04\/20260408.jpg?resize=350%2C200&ssl=1","width":350,"height":200,"srcset":"https:\/\/i0.wp.com\/www.wallendorff.com\/belogue\/wp-content\/uploads\/2026\/04\/20260408.jpg?resize=350%2C200&ssl=1 1x, https:\/\/i0.wp.com\/www.wallendorff.com\/belogue\/wp-content\/uploads\/2026\/04\/20260408.jpg?resize=525%2C300&ssl=1 1.5x, https:\/\/i0.wp.com\/www.wallendorff.com\/belogue\/wp-content\/uploads\/2026\/04\/20260408.jpg?resize=700%2C400&ssl=1 2x, https:\/\/i0.wp.com\/www.wallendorff.com\/belogue\/wp-content\/uploads\/2026\/04\/20260408.jpg?resize=1050%2C600&ssl=1 3x"},"classes":[]}],"_links":{"self":[{"href":"https:\/\/www.wallendorff.com\/belogue\/wp-json\/wp\/v2\/posts\/6787","targetHints":{"allow":["GET"]}}],"collection":[{"href":"https:\/\/www.wallendorff.com\/belogue\/wp-json\/wp\/v2\/posts"}],"about":[{"href":"https:\/\/www.wallendorff.com\/belogue\/wp-json\/wp\/v2\/types\/post"}],"author":[{"embeddable":true,"href":"https:\/\/www.wallendorff.com\/belogue\/wp-json\/wp\/v2\/users\/1"}],"replies":[{"embeddable":true,"href":"https:\/\/www.wallendorff.com\/belogue\/wp-json\/wp\/v2\/comments?post=6787"}],"version-history":[{"count":1,"href":"https:\/\/www.wallendorff.com\/belogue\/wp-json\/wp\/v2\/posts\/6787\/revisions"}],"predecessor-version":[{"id":15603,"href":"https:\/\/www.wallendorff.com\/belogue\/wp-json\/wp\/v2\/posts\/6787\/revisions\/15603"}],"wp:featuredmedia":[{"embeddable":true,"href":"https:\/\/www.wallendorff.com\/belogue\/wp-json\/wp\/v2\/media\/25686"}],"wp:attachment":[{"href":"https:\/\/www.wallendorff.com\/belogue\/wp-json\/wp\/v2\/media?parent=6787"}],"wp:term":[{"taxonomy":"category","embeddable":true,"href":"https:\/\/www.wallendorff.com\/belogue\/wp-json\/wp\/v2\/categories?post=6787"},{"taxonomy":"post_tag","embeddable":true,"href":"https:\/\/www.wallendorff.com\/belogue\/wp-json\/wp\/v2\/tags?post=6787"}],"curies":[{"name":"wp","href":"https:\/\/api.w.org\/{rel}","templated":true}]}}