{"id":677,"date":"2004-09-02T16:46:28","date_gmt":"2004-09-02T16:46:28","guid":{"rendered":"http:\/\/www.po-l.com\/wordpress\/?p=677"},"modified":"2012-08-12T12:10:34","modified_gmt":"2012-08-12T10:10:34","slug":"pleine-lune","status":"publish","type":"post","link":"https:\/\/www.wallendorff.com\/belogue\/2004\/09\/02\/pleine-lune\/","title":{"rendered":"Pleine Lune."},"content":{"rendered":"\n<div id=\"photo\">\n<p><img decoding=\"async\" src=\"https:\/\/www.wallendorff.com\/belogue\/photo\/2004\/09\/02.jpg\" \/><\/p>\n<\/p><\/div>\n<div id=\"bandeson\">\n<p><strong>Bande-son<\/strong>&nbsp;: La rue.<\/p>\n<\/p><\/div>\n","protected":false},"excerpt":{"rendered":"<p>Bande-son&nbsp;: La rue.<\/p>\n","protected":false},"author":1,"featured_media":24623,"comment_status":"open","ping_status":"open","sticky":false,"template":"","format":"standard","meta":{"_acf_changed":false,"ngg_post_thumbnail":0,"jetpack_post_was_ever_published":false,"_jetpack_newsletter_access":"","_jetpack_dont_email_post_to_subs":false,"_jetpack_newsletter_tier_id":0,"_jetpack_memberships_contains_paywalled_content":false,"_jetpack_memberships_contains_paid_content":false,"footnotes":"","jetpack_publicize_message":"","jetpack_publicize_feature_enabled":true,"jetpack_social_post_already_shared":false,"jetpack_social_options":{"image_generator_settings":{"template":"highway","default_image_id":0,"font":"","enabled":false},"version":2}},"categories":[3],"tags":[148,417,10120,10175,10151,10173,10174,10147,3415],"class_list":["post-677","post","type-post","status-publish","format-standard","has-post-thumbnail","hentry","category-dpc","tag-a80","tag-cathedrale-saint-etienne","tag-france","tag-lorraine","tag-lune","tag-metz","tag-moselle","tag-nuit","tag-quai-paul-vautrin"],"acf":[],"geo":{"latitude":49.1216431,"longitude":6.1747718,"description":"Pont de la Pr\u00e9fecture, 57000 Metz, France"},"jetpack_publicize_connections":[],"jetpack_featured_media_url":"https:\/\/www.wallendorff.com\/belogue\/wp-content\/uploads\/2015\/04\/025.jpg","jetpack_shortlink":"https:\/\/wp.me\/p3b35P-aV","jetpack_sharing_enabled":true,"jetpack-related-posts":[{"id":135693,"url":"https:\/\/www.wallendorff.com\/belogue\/2026\/03\/27\/tcho-metz\/","url_meta":{"origin":677,"position":0},"title":"Tch\u00f4 Metz.","author":"dpc","date":"27 mars 2026","format":false,"excerpt":"","rel":"","context":"Dans &quot;DPC&quot;","block_context":{"text":"DPC","link":"https:\/\/www.wallendorff.com\/belogue\/category\/dpc\/"},"img":{"alt_text":"","src":"https:\/\/i0.wp.com\/www.wallendorff.com\/belogue\/wp-content\/uploads\/2026\/03\/20260327-10.jpg?resize=350%2C200&ssl=1","width":350,"height":200,"srcset":"https:\/\/i0.wp.com\/www.wallendorff.com\/belogue\/wp-content\/uploads\/2026\/03\/20260327-10.jpg?resize=350%2C200&ssl=1 1x, https:\/\/i0.wp.com\/www.wallendorff.com\/belogue\/wp-content\/uploads\/2026\/03\/20260327-10.jpg?resize=525%2C300&ssl=1 1.5x, https:\/\/i0.wp.com\/www.wallendorff.com\/belogue\/wp-content\/uploads\/2026\/03\/20260327-10.jpg?resize=700%2C400&ssl=1 2x, https:\/\/i0.wp.com\/www.wallendorff.com\/belogue\/wp-content\/uploads\/2026\/03\/20260327-10.jpg?resize=1050%2C600&ssl=1 3x"},"classes":[]},{"id":126836,"url":"https:\/\/www.wallendorff.com\/belogue\/2023\/12\/08\/metz-du-dimanche\/","url_meta":{"origin":677,"position":1},"title":"Metz du dimanche.","author":"dpc","date":"8 d\u00e9cembre 2023","format":false,"excerpt":"","rel":"","context":"Dans &quot;DPC&quot;","block_context":{"text":"DPC","link":"https:\/\/www.wallendorff.com\/belogue\/category\/dpc\/"},"img":{"alt_text":"","src":"https:\/\/i0.wp.com\/www.wallendorff.com\/belogue\/wp-content\/uploads\/2023\/12\/20231208-02.jpg?resize=350%2C200&ssl=1","width":350,"height":200,"srcset":"https:\/\/i0.wp.com\/www.wallendorff.com\/belogue\/wp-content\/uploads\/2023\/12\/20231208-02.jpg?resize=350%2C200&ssl=1 1x, https:\/\/i0.wp.com\/www.wallendorff.com\/belogue\/wp-content\/uploads\/2023\/12\/20231208-02.jpg?resize=525%2C300&ssl=1 1.5x, https:\/\/i0.wp.com\/www.wallendorff.com\/belogue\/wp-content\/uploads\/2023\/12\/20231208-02.jpg?resize=700%2C400&ssl=1 2x"},"classes":[]},{"id":6561,"url":"https:\/\/www.wallendorff.com\/belogue\/2010\/02\/04\/quanesse-prisse-indes-en-cinq-oursins\/","url_meta":{"origin":677,"position":2},"title":"[Qu&rsquo;]\u00c2nesses prissent Indes en cinq oursins.","author":"dpc","date":"4 f\u00e9vrier 2010","format":false,"excerpt":"Metz, 28 d\u00e9cembre 2009. \u00a0Air \u2013 Highschool Lover [Faudrait peut-\u00eatre penser \u00e0 arr\u00eater avec Metz, un peu.]","rel":"","context":"Dans &quot;DPC&quot;","block_context":{"text":"DPC","link":"https:\/\/www.wallendorff.com\/belogue\/category\/dpc\/"},"img":{"alt_text":"","src":"https:\/\/i0.wp.com\/www.wallendorff.com\/belogue\/wp-content\/uploads\/2015\/04\/201002041.jpg?resize=350%2C200&ssl=1","width":350,"height":200},"classes":[]},{"id":676,"url":"https:\/\/www.wallendorff.com\/belogue\/2004\/09\/04\/paves-pas-pre\/","url_meta":{"origin":677,"position":3},"title":"Pav\u00e9s, pas pr\u00e9.","author":"dpc","date":"4 septembre 2004","format":false,"excerpt":"Cath\u00e9drale Saint-\u00c9tienne, Metz, 1er septembre 2004. \u00a0Hooverphonic \u2014 Eden","rel":"","context":"Dans &quot;DPC&quot;","block_context":{"text":"DPC","link":"https:\/\/www.wallendorff.com\/belogue\/category\/dpc\/"},"img":{"alt_text":"","src":"https:\/\/i0.wp.com\/www.wallendorff.com\/belogue\/wp-content\/uploads\/2015\/04\/037.jpg?resize=350%2C200&ssl=1","width":350,"height":200},"classes":[]},{"id":44626,"url":"https:\/\/www.wallendorff.com\/belogue\/2019\/12\/31\/decembre-2019\/","url_meta":{"origin":677,"position":4},"title":"D\u00e9cembre 2019.","author":"dpc","date":"31 d\u00e9cembre 2019","format":false,"excerpt":"Un ap\u00e9ro, une fen\u00eatre, un caf\u00e9, un chat pr\u00e9nomm\u00e9 Cr\u00e8che, une soir\u00e9e de soutien, une session photo, un sapin, un m\u00e9tro, une terrasse, une vitrine, un parvis, un arc-en-ciel, une grosse boule, un anniversaire, une gare, une cath\u00e9drale, une grande roue, un temple, une rue, un caf\u00e9, un lever de\u2026","rel":"","context":"Dans &quot;Blog-note&quot;","block_context":{"text":"Blog-note","link":"https:\/\/www.wallendorff.com\/belogue\/category\/blog-note\/"},"img":{"alt_text":"","src":"https:\/\/i0.wp.com\/www.wallendorff.com\/belogue\/wp-content\/uploads\/2020\/01\/20200116-45.jpg?resize=350%2C200&ssl=1","width":350,"height":200,"srcset":"https:\/\/i0.wp.com\/www.wallendorff.com\/belogue\/wp-content\/uploads\/2020\/01\/20200116-45.jpg?resize=350%2C200&ssl=1 1x, https:\/\/i0.wp.com\/www.wallendorff.com\/belogue\/wp-content\/uploads\/2020\/01\/20200116-45.jpg?resize=525%2C300&ssl=1 1.5x, https:\/\/i0.wp.com\/www.wallendorff.com\/belogue\/wp-content\/uploads\/2020\/01\/20200116-45.jpg?resize=700%2C400&ssl=1 2x, https:\/\/i0.wp.com\/www.wallendorff.com\/belogue\/wp-content\/uploads\/2020\/01\/20200116-45.jpg?resize=1050%2C600&ssl=1 3x"},"classes":[]},{"id":784,"url":"https:\/\/www.wallendorff.com\/belogue\/2006\/09\/11\/lundi\/","url_meta":{"origin":677,"position":5},"title":"Lundi.","author":"dpc","date":"11 septembre 2006","format":false,"excerpt":"Cath\u00e9drale Saint-\u00c9tienne1, Metz, 9 septembre. Les retours aux sources, c'est chouette, m\u00eame si le lendemain \u00e7a fait mal \u00e0 la t\u00eate. \u00a0Interpol \u2013 Hands Aways (live KCRW July 29th, 2002) _____ 1Allez, allez, allez.","rel":"","context":"Dans &quot;DPC&quot;","block_context":{"text":"DPC","link":"https:\/\/www.wallendorff.com\/belogue\/category\/dpc\/"},"img":{"alt_text":"","src":"https:\/\/i0.wp.com\/www.wallendorff.com\/belogue\/wp-content\/uploads\/2015\/04\/200609111.jpg?resize=350%2C200&ssl=1","width":350,"height":200},"classes":[]}],"_links":{"self":[{"href":"https:\/\/www.wallendorff.com\/belogue\/wp-json\/wp\/v2\/posts\/677","targetHints":{"allow":["GET"]}}],"collection":[{"href":"https:\/\/www.wallendorff.com\/belogue\/wp-json\/wp\/v2\/posts"}],"about":[{"href":"https:\/\/www.wallendorff.com\/belogue\/wp-json\/wp\/v2\/types\/post"}],"author":[{"embeddable":true,"href":"https:\/\/www.wallendorff.com\/belogue\/wp-json\/wp\/v2\/users\/1"}],"replies":[{"embeddable":true,"href":"https:\/\/www.wallendorff.com\/belogue\/wp-json\/wp\/v2\/comments?post=677"}],"version-history":[{"count":2,"href":"https:\/\/www.wallendorff.com\/belogue\/wp-json\/wp\/v2\/posts\/677\/revisions"}],"predecessor-version":[{"id":18611,"href":"https:\/\/www.wallendorff.com\/belogue\/wp-json\/wp\/v2\/posts\/677\/revisions\/18611"}],"wp:featuredmedia":[{"embeddable":true,"href":"https:\/\/www.wallendorff.com\/belogue\/wp-json\/wp\/v2\/media\/24623"}],"wp:attachment":[{"href":"https:\/\/www.wallendorff.com\/belogue\/wp-json\/wp\/v2\/media?parent=677"}],"wp:term":[{"taxonomy":"category","embeddable":true,"href":"https:\/\/www.wallendorff.com\/belogue\/wp-json\/wp\/v2\/categories?post=677"},{"taxonomy":"post_tag","embeddable":true,"href":"https:\/\/www.wallendorff.com\/belogue\/wp-json\/wp\/v2\/tags?post=677"}],"curies":[{"name":"wp","href":"https:\/\/api.w.org\/{rel}","templated":true}]}}