{"id":6764,"date":"2010-02-10T10:23:38","date_gmt":"2010-02-10T09:23:38","guid":{"rendered":"http:\/\/www.po-l.com\/belogue\/?p=6764"},"modified":"2012-01-27T11:34:41","modified_gmt":"2012-01-27T09:34:41","slug":"doutes-orties-et-defis-nient-yves","status":"publish","type":"post","link":"https:\/\/www.wallendorff.com\/belogue\/2010\/02\/10\/doutes-orties-et-defis-nient-yves\/","title":{"rendered":"Doutes orties et d\u00e9fis nient Yves."},"content":{"rendered":"<div id=\"photo\">\n<p><img decoding=\"async\" src=\"https:\/\/www.wallendorff.com\/belogue\/photo\/2010\/02\/20100210.jpg\" \/><br \/>\nTh&eacute;&acirc;tre de l&rsquo;Od&eacute;on, Paris, 3 janvier.<\/p>\n<\/div>\n<p style=\"text-align:right\">C&rsquo;est fou comme des fois dans la vie on peut mettre plein du temps pour revenir <a href=\"https:\/\/www.wallendorff.com\/belogue\/2006\/05\/08\/acre-odeon\/\">au m&ecirc;me endroit<\/a>, quand m&ecirc;me.<\/p>\n<div id=\"bandeson\">\n<p><img decoding=\"async\" src=\"https:\/\/www.wallendorff.com\/belogue\/photo\/pochettes\/m\/my_vitriol-a_pyrrhic_victory.jpg\" align=\"left\" \/>&nbsp;<a href=\"http:\/\/www.myvitriol.com\">My Vitriol<\/a> &ndash; <em>War of the Worlds<\/em><\/p>\n<\/div>\n","protected":false},"excerpt":{"rendered":"<p>Th&eacute;&acirc;tre de l&rsquo;Od&eacute;on, Paris, 3 janvier. C&rsquo;est fou comme des fois dans la vie on peut mettre plein du temps pour revenir au m&ecirc;me endroit, quand m&ecirc;me. &nbsp;My Vitriol &ndash; War of the Worlds<\/p>\n","protected":false},"author":1,"featured_media":25684,"comment_status":"open","ping_status":"open","sticky":false,"template":"","format":"standard","meta":{"_acf_changed":false,"ngg_post_thumbnail":0,"jetpack_post_was_ever_published":false,"_jetpack_newsletter_access":"","_jetpack_dont_email_post_to_subs":false,"_jetpack_newsletter_tier_id":0,"_jetpack_memberships_contains_paywalled_content":false,"_jetpack_memberships_contains_paid_content":false,"footnotes":"","jetpack_publicize_message":"","jetpack_publicize_feature_enabled":true,"jetpack_social_post_already_shared":false,"jetpack_social_options":{"image_generator_settings":{"template":"highway","default_image_id":0,"font":"","enabled":false},"version":2}},"categories":[3],"tags":[10235,2571,2615,10120,10629,10121,10401,568,10147,793,10098,1581,3451],"class_list":["post-6764","post","type-post","status-publish","format-standard","has-post-thumbnail","hentry","category-dpc","tag-10235","tag-ef-16-35-mm-f28l-ii-usm","tag-eos-5d-mark-ii","tag-france","tag-galerie","tag-ile-de-france","tag-lampe","tag-my-vitriol","tag-nuit","tag-orange","tag-paris","tag-theatre-de-lodeon","tag-war-of-the-worlds"],"acf":[],"geo":{"latitude":48.8495636,"longitude":2.3389158,"description":null},"jetpack_publicize_connections":[],"jetpack_featured_media_url":"https:\/\/www.wallendorff.com\/belogue\/wp-content\/uploads\/2015\/04\/201002101.jpg","jetpack_shortlink":"https:\/\/wp.me\/p3b35P-1L6","jetpack_sharing_enabled":true,"jetpack-related-posts":[{"id":145,"url":"https:\/\/www.wallendorff.com\/belogue\/2006\/05\/08\/acre-odeon\/","url_meta":{"origin":6764,"position":0},"title":"&Acirc;cre Od&eacute;on.","author":"dpc","date":"8 mai 2006","format":false,"excerpt":"Th\u00e9\u00e2tre de l'Od\u00e9on, Paris, 1er mai. Il pleut, c'est moche. [On est chez nous.] \u00a0The Delgados \u2013 Everybody Comes Down","rel":"","context":"Dans &quot;DPC&quot;","block_context":{"text":"DPC","link":"https:\/\/www.wallendorff.com\/belogue\/category\/dpc\/"},"img":{"alt_text":"","src":"https:\/\/i0.wp.com\/www.wallendorff.com\/belogue\/wp-content\/uploads\/2015\/04\/200605081.jpg?resize=350%2C200&ssl=1","width":350,"height":200},"classes":[]},{"id":3951,"url":"https:\/\/www.wallendorff.com\/belogue\/2009\/02\/26\/my-vitriol-le-point-ephemere-paris\/","url_meta":{"origin":6764,"position":1},"title":"My Vitriol @ le Point \u00c9ph\u00e9m\u00e8re, Paris.","author":"dpc","date":"26 f\u00e9vrier 2009","format":false,"excerpt":"Flashback1. L'\u00e9t\u00e9 2001 commence de la plus d\u00e9licieuse des fa\u00e7ons \u00e0 la suite d'un printemps de pr\u00e9ludes comme j'en ai rarement connus. Trois mois de bi\u00e8re, de road-trips \u00e0 travers la France, de soir\u00e9es lors desquelles j'ai pu commencer ma longue carri\u00e8re de DJ le plus r\u00e9put\u00e9 de tout l'ouest\u2026","rel":"","context":"Dans &quot;Alive&quot;","block_context":{"text":"Alive","link":"https:\/\/www.wallendorff.com\/belogue\/category\/alive\/"},"img":{"alt_text":"","src":"https:\/\/i0.wp.com\/www.wallendorff.com\/belogue\/wp-content\/uploads\/2015\/04\/200902261.jpg?resize=350%2C200&ssl=1","width":350,"height":200,"srcset":"https:\/\/i0.wp.com\/www.wallendorff.com\/belogue\/wp-content\/uploads\/2015\/04\/200902261.jpg?resize=350%2C200&ssl=1 1x, https:\/\/i0.wp.com\/www.wallendorff.com\/belogue\/wp-content\/uploads\/2015\/04\/200902261.jpg?resize=525%2C300&ssl=1 1.5x, https:\/\/i0.wp.com\/www.wallendorff.com\/belogue\/wp-content\/uploads\/2015\/04\/200902261.jpg?resize=700%2C400&ssl=1 2x"},"classes":[]},{"id":3640,"url":"https:\/\/www.wallendorff.com\/belogue\/2008\/12\/02\/you-call-it-a-sealed-oyster-and-all-i-see-is-a-stone\/","url_meta":{"origin":6764,"position":2},"title":"You call it a sealed oyster and all I see is a stone.","author":"dpc","date":"2 d\u00e9cembre 2008","format":false,"excerpt":"Tollbugata, Oslo, 16 novembre. My Vitriol \u2013 Losing Touch (live Islington Academy 2005)","rel":"","context":"Dans &quot;DPC&quot;","block_context":{"text":"DPC","link":"https:\/\/www.wallendorff.com\/belogue\/category\/dpc\/"},"img":{"alt_text":"","src":"https:\/\/i0.wp.com\/www.wallendorff.com\/belogue\/wp-content\/uploads\/2015\/04\/200812021.jpg?resize=350%2C200&ssl=1","width":350,"height":200},"classes":[]},{"id":423,"url":"https:\/\/www.wallendorff.com\/belogue\/2005\/03\/30\/jaunes-les-nonnes\/","url_meta":{"origin":6764,"position":3},"title":"Jaunes, les nonnes.","author":"dpc","date":"30 mars 2005","format":false,"excerpt":"Caf\u00e9 Mathis, Metz, 20 mars. \"It's your finest day, and I'm gonna do everything to hurt you, hurt you, my love.\" \u00a0My Vitriol \u2013 Losing Touch (acoustic Radio 1)","rel":"","context":"Dans &quot;DPC&quot;","block_context":{"text":"DPC","link":"https:\/\/www.wallendorff.com\/belogue\/category\/dpc\/"},"img":{"alt_text":"","src":"https:\/\/i0.wp.com\/www.wallendorff.com\/belogue\/wp-content\/uploads\/2015\/04\/200503301.jpg?resize=350%2C200&ssl=1","width":350,"height":200},"classes":[]},{"id":196,"url":"https:\/\/www.wallendorff.com\/belogue\/2006\/01\/05\/vitre-ton-sac\/","url_meta":{"origin":6764,"position":4},"title":"Vitre ton sac.","author":"dpc","date":"5 janvier 2006","format":false,"excerpt":"Boulevard Jules Ferry, Paris, 31 d\u00e9cembre 2005, 13h50. [Ne surtout pas chercher \u00e0 comprendre.] \u201cAnd oh, what can you say... The colour photographs are fading away Oh, what can you do... They've got the lenses on And staring through you\u201d \u00a0My Vitriol \u2013 Windows & Walls \/Edit\u00a0: Minuit une\u00a0!! DAMN\u2026","rel":"","context":"Dans &quot;DPC&quot;","block_context":{"text":"DPC","link":"https:\/\/www.wallendorff.com\/belogue\/category\/dpc\/"},"img":{"alt_text":"","src":"https:\/\/i0.wp.com\/www.wallendorff.com\/belogue\/wp-content\/uploads\/2015\/04\/200601051.jpg?resize=350%2C200&ssl=1","width":350,"height":200},"classes":[]},{"id":5470,"url":"https:\/\/www.wallendorff.com\/belogue\/2009\/12\/28\/en-3\/","url_meta":{"origin":6764,"position":5},"title":"2009 en&#8230; #3.","author":"dpc","date":"28 d\u00e9cembre 2009","format":false,"excerpt":"Rock en Seine, Saint-Cloud, 28 ao\u00fbt. et pr\u00e9sentent 2009 en 10 concerts qui arrach\u00e8rent tout Hors concours\u00a0: Oasis, Rock en Seine, Saint-Cloud, 28 ao\u00fbt. Parce que forc\u00e9ment, quand je serai vieux, grabataire et que je sentirai le renferm\u00e9, la seule soir\u00e9e de 2009 dont je me souviendrai vraiment et gr\u00e2ce\u2026","rel":"","context":"Dans &quot;DPC&quot;","block_context":{"text":"DPC","link":"https:\/\/www.wallendorff.com\/belogue\/category\/dpc\/"},"img":{"alt_text":"","src":"https:\/\/i0.wp.com\/www.wallendorff.com\/belogue\/wp-content\/uploads\/2015\/04\/20090829-1991.jpg?resize=350%2C200&ssl=1","width":350,"height":200},"classes":[]}],"_links":{"self":[{"href":"https:\/\/www.wallendorff.com\/belogue\/wp-json\/wp\/v2\/posts\/6764","targetHints":{"allow":["GET"]}}],"collection":[{"href":"https:\/\/www.wallendorff.com\/belogue\/wp-json\/wp\/v2\/posts"}],"about":[{"href":"https:\/\/www.wallendorff.com\/belogue\/wp-json\/wp\/v2\/types\/post"}],"author":[{"embeddable":true,"href":"https:\/\/www.wallendorff.com\/belogue\/wp-json\/wp\/v2\/users\/1"}],"replies":[{"embeddable":true,"href":"https:\/\/www.wallendorff.com\/belogue\/wp-json\/wp\/v2\/comments?post=6764"}],"version-history":[{"count":2,"href":"https:\/\/www.wallendorff.com\/belogue\/wp-json\/wp\/v2\/posts\/6764\/revisions"}],"predecessor-version":[{"id":15561,"href":"https:\/\/www.wallendorff.com\/belogue\/wp-json\/wp\/v2\/posts\/6764\/revisions\/15561"}],"wp:featuredmedia":[{"embeddable":true,"href":"https:\/\/www.wallendorff.com\/belogue\/wp-json\/wp\/v2\/media\/25684"}],"wp:attachment":[{"href":"https:\/\/www.wallendorff.com\/belogue\/wp-json\/wp\/v2\/media?parent=6764"}],"wp:term":[{"taxonomy":"category","embeddable":true,"href":"https:\/\/www.wallendorff.com\/belogue\/wp-json\/wp\/v2\/categories?post=6764"},{"taxonomy":"post_tag","embeddable":true,"href":"https:\/\/www.wallendorff.com\/belogue\/wp-json\/wp\/v2\/tags?post=6764"}],"curies":[{"name":"wp","href":"https:\/\/api.w.org\/{rel}","templated":true}]}}