{"id":676,"date":"2004-09-04T23:42:45","date_gmt":"2004-09-04T23:42:45","guid":{"rendered":"http:\/\/www.po-l.com\/wordpress\/?p=676"},"modified":"2012-01-01T23:25:48","modified_gmt":"2012-01-01T21:25:48","slug":"paves-pas-pre","status":"publish","type":"post","link":"https:\/\/www.wallendorff.com\/belogue\/2004\/09\/04\/paves-pas-pre\/","title":{"rendered":"Pav\u00e9s, pas pr\u00e9."},"content":{"rendered":"\n<div id=\"photo\">\n<p><img decoding=\"async\" src=\"https:\/\/www.wallendorff.com\/belogue\/photo\/2004\/09\/03.jpg\" \/><br \/>\n          Cath\u00e9drale Saint-&Eacute;tienne, Metz, 1<sup>er<\/sup> septembre 2004.<\/p>\n<\/p><\/div>\n<div id=\"bandeson\">\n<p><img decoding=\"async\" src=\"https:\/\/www.wallendorff.com\/belogue\/photo\/pochettes\/h\/hooverphonic-blue_wonder_power_milk.jpg\" align=\"left\" \/>&nbsp;<a href=\"http:\/\/www.hooverphonic.com\/\">Hooverphonic<\/a> &mdash; <em>Eden<\/em><\/p>\n<\/p><\/div>\n","protected":false},"excerpt":{"rendered":"<p>Cath\u00e9drale Saint-&Eacute;tienne, Metz, 1er septembre 2004. &nbsp;Hooverphonic &mdash; Eden<\/p>\n","protected":false},"author":1,"featured_media":24622,"comment_status":"open","ping_status":"open","sticky":false,"template":"","format":"standard","meta":{"_acf_changed":false,"ngg_post_thumbnail":0,"jetpack_post_was_ever_published":false,"_jetpack_newsletter_access":"","_jetpack_dont_email_post_to_subs":false,"_jetpack_newsletter_tier_id":0,"_jetpack_memberships_contains_paywalled_content":false,"_jetpack_memberships_contains_paid_content":false,"footnotes":"","jetpack_publicize_message":"","jetpack_publicize_feature_enabled":true,"jetpack_social_post_already_shared":false,"jetpack_social_options":{"image_generator_settings":{"template":"highway","default_image_id":0,"font":"","enabled":false},"version":2}},"categories":[3],"tags":[148,417,420,10120,419,10175,10173,10174,10147],"class_list":["post-676","post","type-post","status-publish","format-standard","has-post-thumbnail","hentry","category-dpc","tag-a80","tag-cathedrale-saint-etienne","tag-eden","tag-france","tag-hooverphonic","tag-lorraine","tag-metz","tag-moselle","tag-nuit"],"acf":[],"geo":{"latitude":49.1207161,"longitude":6.1760759,"description":null},"jetpack_publicize_connections":[],"jetpack_featured_media_url":"https:\/\/www.wallendorff.com\/belogue\/wp-content\/uploads\/2015\/04\/037.jpg","jetpack_shortlink":"https:\/\/wp.me\/p3b35P-aU","jetpack_sharing_enabled":true,"jetpack-related-posts":[{"id":22926,"url":"https:\/\/www.wallendorff.com\/belogue\/2014\/06\/08\/top-10-des-plus-belles-cathedrales-de-la-decennie\/","url_meta":{"origin":676,"position":0},"title":"Top 10 des plus belles cath\u00e9drales de la d\u00e9cennie.","author":"dpc","date":"8 juin 2014","format":false,"excerpt":"Dix ans \u00e0 faire le tour de toutes les cath\u00e9drales du monde entier et bien les regarder sous toutes les coutures pour \u00e9tablir le classement d\u00e9finitif et impartial des plus jolies cath\u00e9drales de l'univers. No 10 ex-\u00e6quo\u00a0: La cath\u00e9drale Notre-Dame de Chartres du 7 avril 2012... Chartres Attack. \u00a0 ...\u2026","rel":"","context":"Dans &quot;DPC&quot;","block_context":{"text":"DPC","link":"https:\/\/www.wallendorff.com\/belogue\/category\/dpc\/"},"img":{"alt_text":"","src":"https:\/\/i0.wp.com\/www.wallendorff.com\/belogue\/wp-content\/uploads\/2015\/04\/201310243.jpg?resize=350%2C200&ssl=1","width":350,"height":200,"srcset":"https:\/\/i0.wp.com\/www.wallendorff.com\/belogue\/wp-content\/uploads\/2015\/04\/201310243.jpg?resize=350%2C200&ssl=1 1x, https:\/\/i0.wp.com\/www.wallendorff.com\/belogue\/wp-content\/uploads\/2015\/04\/201310243.jpg?resize=525%2C300&ssl=1 1.5x, https:\/\/i0.wp.com\/www.wallendorff.com\/belogue\/wp-content\/uploads\/2015\/04\/201310243.jpg?resize=700%2C400&ssl=1 2x"},"classes":[]},{"id":48238,"url":"https:\/\/www.wallendorff.com\/belogue\/2021\/04\/12\/into-the-wide-221\/","url_meta":{"origin":676,"position":1},"title":"Into the wide #221.","author":"dpc","date":"12 avril 2021","format":false,"excerpt":"Cath\u00e9drale Saint-\u00c9tienne, Metz, 28 d\u00e9cembre 2020. Ringside Julien Baker","rel":"","context":"Dans &quot;Into the wide&quot;","block_context":{"text":"Into the wide","link":"https:\/\/www.wallendorff.com\/belogue\/category\/into-the-wide\/"},"img":{"alt_text":"","src":"https:\/\/i0.wp.com\/www.wallendorff.com\/belogue\/wp-content\/uploads\/2021\/04\/20210412.jpg?resize=350%2C200&ssl=1","width":350,"height":200,"srcset":"https:\/\/i0.wp.com\/www.wallendorff.com\/belogue\/wp-content\/uploads\/2021\/04\/20210412.jpg?resize=350%2C200&ssl=1 1x, https:\/\/i0.wp.com\/www.wallendorff.com\/belogue\/wp-content\/uploads\/2021\/04\/20210412.jpg?resize=525%2C300&ssl=1 1.5x, https:\/\/i0.wp.com\/www.wallendorff.com\/belogue\/wp-content\/uploads\/2021\/04\/20210412.jpg?resize=700%2C400&ssl=1 2x, https:\/\/i0.wp.com\/www.wallendorff.com\/belogue\/wp-content\/uploads\/2021\/04\/20210412.jpg?resize=1050%2C600&ssl=1 3x"},"classes":[]},{"id":41268,"url":"https:\/\/www.wallendorff.com\/belogue\/2019\/02\/25\/contre-plongee-no-2-743\/","url_meta":{"origin":676,"position":2},"title":"Contre-plong\u00e9e no 2&nbsp;743.","author":"dpc","date":"25 f\u00e9vrier 2019","format":false,"excerpt":"Cath\u00e9drale Saint-\u00c9tienne, Metz, 27 d\u00e9cembre. The End J.C. Sat\u00e0n","rel":"","context":"Dans &quot;DPC&quot;","block_context":{"text":"DPC","link":"https:\/\/www.wallendorff.com\/belogue\/category\/dpc\/"},"img":{"alt_text":"","src":"https:\/\/i0.wp.com\/www.wallendorff.com\/belogue\/wp-content\/uploads\/2019\/02\/20190225.jpg?resize=350%2C200&ssl=1","width":350,"height":200,"srcset":"https:\/\/i0.wp.com\/www.wallendorff.com\/belogue\/wp-content\/uploads\/2019\/02\/20190225.jpg?resize=350%2C200&ssl=1 1x, https:\/\/i0.wp.com\/www.wallendorff.com\/belogue\/wp-content\/uploads\/2019\/02\/20190225.jpg?resize=525%2C300&ssl=1 1.5x, https:\/\/i0.wp.com\/www.wallendorff.com\/belogue\/wp-content\/uploads\/2019\/02\/20190225.jpg?resize=700%2C400&ssl=1 2x, https:\/\/i0.wp.com\/www.wallendorff.com\/belogue\/wp-content\/uploads\/2019\/02\/20190225.jpg?resize=1050%2C600&ssl=1 3x"},"classes":[]},{"id":41272,"url":"https:\/\/www.wallendorff.com\/belogue\/2019\/02\/27\/contre-plongee-no-2-744\/","url_meta":{"origin":676,"position":3},"title":"Contre-plong\u00e9e no 2&nbsp;744.","author":"dpc","date":"27 f\u00e9vrier 2019","format":false,"excerpt":"Cath\u00e9drale Saint-\u00c9tienne, Metz, 28 d\u00e9cembre 2018. Chip on My Shoulder RAT BOY","rel":"","context":"Dans &quot;DPC&quot;","block_context":{"text":"DPC","link":"https:\/\/www.wallendorff.com\/belogue\/category\/dpc\/"},"img":{"alt_text":"","src":"https:\/\/i0.wp.com\/www.wallendorff.com\/belogue\/wp-content\/uploads\/2019\/02\/20190227.jpg?resize=350%2C200&ssl=1","width":350,"height":200,"srcset":"https:\/\/i0.wp.com\/www.wallendorff.com\/belogue\/wp-content\/uploads\/2019\/02\/20190227.jpg?resize=350%2C200&ssl=1 1x, https:\/\/i0.wp.com\/www.wallendorff.com\/belogue\/wp-content\/uploads\/2019\/02\/20190227.jpg?resize=525%2C300&ssl=1 1.5x, https:\/\/i0.wp.com\/www.wallendorff.com\/belogue\/wp-content\/uploads\/2019\/02\/20190227.jpg?resize=700%2C400&ssl=1 2x"},"classes":[]},{"id":21917,"url":"https:\/\/www.wallendorff.com\/belogue\/2013\/10\/24\/tout-poutres-en-lair\/","url_meta":{"origin":676,"position":4},"title":"Tout poutres en l&rsquo;air.","author":"dpc","date":"24 octobre 2013","format":false,"excerpt":"Cath\u00e9drale Saint-\u00c9tienne, Metz, 14 septembre. Keep Your Head Up Cults","rel":"","context":"Dans &quot;DPC&quot;","block_context":{"text":"DPC","link":"https:\/\/www.wallendorff.com\/belogue\/category\/dpc\/"},"img":{"alt_text":"","src":"https:\/\/i0.wp.com\/www.wallendorff.com\/belogue\/wp-content\/uploads\/2015\/04\/201310242.jpg?resize=350%2C200&ssl=1","width":350,"height":200,"srcset":"https:\/\/i0.wp.com\/www.wallendorff.com\/belogue\/wp-content\/uploads\/2015\/04\/201310242.jpg?resize=350%2C200&ssl=1 1x, https:\/\/i0.wp.com\/www.wallendorff.com\/belogue\/wp-content\/uploads\/2015\/04\/201310242.jpg?resize=525%2C300&ssl=1 1.5x, https:\/\/i0.wp.com\/www.wallendorff.com\/belogue\/wp-content\/uploads\/2015\/04\/201310242.jpg?resize=700%2C400&ssl=1 2x"},"classes":[]},{"id":4170,"url":"https:\/\/www.wallendorff.com\/belogue\/2009\/04\/23\/pas-vu-papy\/","url_meta":{"origin":676,"position":5},"title":"Pas vu, papy.","author":"dpc","date":"23 avril 2009","format":false,"excerpt":"Cath\u00e9drale Saint-\u00c9tienne, Metz, 20 mars. \u00a0Noir D\u00e9sir \u2013 \u00c0 la longue","rel":"","context":"Dans &quot;DPC&quot;","block_context":{"text":"DPC","link":"https:\/\/www.wallendorff.com\/belogue\/category\/dpc\/"},"img":{"alt_text":"","src":"https:\/\/i0.wp.com\/www.wallendorff.com\/belogue\/wp-content\/uploads\/2015\/04\/200904231.jpg?resize=350%2C200&ssl=1","width":350,"height":200},"classes":[]}],"_links":{"self":[{"href":"https:\/\/www.wallendorff.com\/belogue\/wp-json\/wp\/v2\/posts\/676","targetHints":{"allow":["GET"]}}],"collection":[{"href":"https:\/\/www.wallendorff.com\/belogue\/wp-json\/wp\/v2\/posts"}],"about":[{"href":"https:\/\/www.wallendorff.com\/belogue\/wp-json\/wp\/v2\/types\/post"}],"author":[{"embeddable":true,"href":"https:\/\/www.wallendorff.com\/belogue\/wp-json\/wp\/v2\/users\/1"}],"replies":[{"embeddable":true,"href":"https:\/\/www.wallendorff.com\/belogue\/wp-json\/wp\/v2\/comments?post=676"}],"version-history":[{"count":1,"href":"https:\/\/www.wallendorff.com\/belogue\/wp-json\/wp\/v2\/posts\/676\/revisions"}],"predecessor-version":[{"id":15115,"href":"https:\/\/www.wallendorff.com\/belogue\/wp-json\/wp\/v2\/posts\/676\/revisions\/15115"}],"wp:featuredmedia":[{"embeddable":true,"href":"https:\/\/www.wallendorff.com\/belogue\/wp-json\/wp\/v2\/media\/24622"}],"wp:attachment":[{"href":"https:\/\/www.wallendorff.com\/belogue\/wp-json\/wp\/v2\/media?parent=676"}],"wp:term":[{"taxonomy":"category","embeddable":true,"href":"https:\/\/www.wallendorff.com\/belogue\/wp-json\/wp\/v2\/categories?post=676"},{"taxonomy":"post_tag","embeddable":true,"href":"https:\/\/www.wallendorff.com\/belogue\/wp-json\/wp\/v2\/tags?post=676"}],"curies":[{"name":"wp","href":"https:\/\/api.w.org\/{rel}","templated":true}]}}