{"id":675,"date":"2004-09-05T16:22:40","date_gmt":"2004-09-05T16:22:40","guid":{"rendered":"http:\/\/www.po-l.com\/wordpress\/?p=675"},"modified":"2012-08-12T12:12:04","modified_gmt":"2012-08-12T10:12:04","slug":"d-ors-et-des-jets","status":"publish","type":"post","link":"https:\/\/www.wallendorff.com\/belogue\/2004\/09\/05\/d-ors-et-des-jets\/","title":{"rendered":"D&rsquo;ors et des jets."},"content":{"rendered":"<div id=\"photo\">\n<p><img decoding=\"async\" src=\"https:\/\/www.wallendorff.com\/belogue\/photo\/2004\/09\/04.jpg\" \/><br \/>\n    Place de la Com\u00e9die, Metz, 2 septembre 2004.<\/p>\n<\/div>\n<div id=\"bandeson\">\n<p><img decoding=\"async\" src=\"https:\/\/www.wallendorff.com\/belogue\/photo\/pochettes\/d\/dandy_warhols_the-thirteen_tales_from_urban_bohemia.jpg\" align=\"left\" \/>&nbsp;<a href=\"http:\/\/www.dandywarhols.com\/\">The Dandy Warhols<\/a> &ndash; <em>Sleep<\/em><\/p>\n<\/p><\/div>\n","protected":false},"excerpt":{"rendered":"<p>Place de la Com\u00e9die, Metz, 2 septembre 2004. &nbsp;The Dandy Warhols &ndash; Sleep<\/p>\n","protected":false},"author":1,"featured_media":24621,"comment_status":"open","ping_status":"open","sticky":false,"template":"","format":"standard","meta":{"_acf_changed":false,"ngg_post_thumbnail":0,"jetpack_post_was_ever_published":false,"_jetpack_newsletter_access":"","_jetpack_dont_email_post_to_subs":false,"_jetpack_newsletter_tier_id":0,"_jetpack_memberships_contains_paywalled_content":false,"_jetpack_memberships_contains_paid_content":false,"footnotes":"","jetpack_publicize_message":"","jetpack_publicize_feature_enabled":true,"jetpack_social_post_already_shared":false,"jetpack_social_options":{"image_generator_settings":{"template":"highway","default_image_id":0,"font":"","enabled":false},"version":2}},"categories":[3],"tags":[148,10515,10120,10175,10173,10174,10147,422,421,424,10179],"class_list":["post-675","post","type-post","status-publish","format-standard","has-post-thumbnail","hentry","category-dpc","tag-a80","tag-fontaine","tag-france","tag-lorraine","tag-metz","tag-moselle","tag-nuit","tag-place-de-la-comedie","tag-prefecture","tag-sleep","tag-the-dandy-warhols"],"acf":[],"geo":{"latitude":49.1213684,"longitude":6.1730719,"description":null},"jetpack_publicize_connections":[],"jetpack_featured_media_url":"https:\/\/www.wallendorff.com\/belogue\/wp-content\/uploads\/2015\/04\/046.jpg","jetpack_shortlink":"https:\/\/wp.me\/p3b35P-aT","jetpack_sharing_enabled":true,"jetpack-related-posts":[{"id":19926,"url":"https:\/\/www.wallendorff.com\/belogue\/2012\/12\/28\/2012-en-3\/","url_meta":{"origin":675,"position":0},"title":"2012 en&#8230; #3.","author":"dpc","date":"28 d\u00e9cembre 2012","format":false,"excerpt":"pr\u00e9sente 2012 en 10 concerts pas oubliables. Oui c'est la m\u00eame qu'en 2010 mais faut me comprendre, aussi\u00a0: Avec ce concert, j'aurai tout v\u00e9cu\u00a0: l'accr\u00e9ditation-surprise, l'affaire de l'Italien et le m\u00e9diator de Mike McCready, l'aller-retour \u00e9clair sur la sc\u00e8ne d'\u00e0 c\u00f4t\u00e9 pour faire 3 photos de The Rapture, le retour\u2026","rel":"","context":"Dans &quot;Alive&quot;","block_context":{"text":"Alive","link":"https:\/\/www.wallendorff.com\/belogue\/category\/alive\/"},"img":{"alt_text":"","src":"https:\/\/i0.wp.com\/www.wallendorff.com\/belogue\/wp-content\/uploads\/2015\/04\/201212281.jpg?resize=350%2C200&ssl=1","width":350,"height":200,"srcset":"https:\/\/i0.wp.com\/www.wallendorff.com\/belogue\/wp-content\/uploads\/2015\/04\/201212281.jpg?resize=350%2C200&ssl=1 1x, https:\/\/i0.wp.com\/www.wallendorff.com\/belogue\/wp-content\/uploads\/2015\/04\/201212281.jpg?resize=525%2C300&ssl=1 1.5x, https:\/\/i0.wp.com\/www.wallendorff.com\/belogue\/wp-content\/uploads\/2015\/04\/201212281.jpg?resize=700%2C400&ssl=1 2x"},"classes":[]},{"id":30853,"url":"https:\/\/www.wallendorff.com\/belogue\/2016\/05\/11\/the-dandy-warhols-le-trianon-paris-2\/","url_meta":{"origin":675,"position":1},"title":"The Dandy Warhols @ le Trianon, Paris.","author":"dpc","date":"11 mai 2016","format":false,"excerpt":"","rel":"","context":"Dans &quot;Alive&quot;","block_context":{"text":"Alive","link":"https:\/\/www.wallendorff.com\/belogue\/category\/alive\/"},"img":{"alt_text":"","src":"https:\/\/i0.wp.com\/www.wallendorff.com\/belogue\/wp-content\/uploads\/2016\/05\/20160511-13-1.jpg?resize=350%2C200&ssl=1","width":350,"height":200,"srcset":"https:\/\/i0.wp.com\/www.wallendorff.com\/belogue\/wp-content\/uploads\/2016\/05\/20160511-13-1.jpg?resize=350%2C200&ssl=1 1x, https:\/\/i0.wp.com\/www.wallendorff.com\/belogue\/wp-content\/uploads\/2016\/05\/20160511-13-1.jpg?resize=525%2C300&ssl=1 1.5x, https:\/\/i0.wp.com\/www.wallendorff.com\/belogue\/wp-content\/uploads\/2016\/05\/20160511-13-1.jpg?resize=700%2C400&ssl=1 2x"},"classes":[]},{"id":19671,"url":"https:\/\/www.wallendorff.com\/belogue\/2012\/11\/30\/the-dandy-warhols-le-trianon-paris\/","url_meta":{"origin":675,"position":2},"title":"The Dandy Warhols @ le Trianon, Paris.","author":"dpc","date":"30 novembre 2012","format":false,"excerpt":"Be In | We Used to Be Friends | Shakin' | Enjoy Yourself | Not If You Were the Last Junkie on Earth | I Love You | The Last High | Autumn Carnival | Godless | Holding Me Up | Well They're Gone | Everyday Should Be a Holiday\u2026","rel":"","context":"Dans &quot;Alive&quot;","block_context":{"text":"Alive","link":"https:\/\/www.wallendorff.com\/belogue\/category\/alive\/"},"img":{"alt_text":"","src":"https:\/\/i0.wp.com\/www.wallendorff.com\/belogue\/wp-content\/uploads\/2015\/04\/201211301.jpg?resize=350%2C200&ssl=1","width":350,"height":200,"srcset":"https:\/\/i0.wp.com\/www.wallendorff.com\/belogue\/wp-content\/uploads\/2015\/04\/201211301.jpg?resize=350%2C200&ssl=1 1x, https:\/\/i0.wp.com\/www.wallendorff.com\/belogue\/wp-content\/uploads\/2015\/04\/201211301.jpg?resize=525%2C300&ssl=1 1.5x, https:\/\/i0.wp.com\/www.wallendorff.com\/belogue\/wp-content\/uploads\/2015\/04\/201211301.jpg?resize=700%2C400&ssl=1 2x"},"classes":[]},{"id":17085,"url":"https:\/\/www.wallendorff.com\/belogue\/2012\/04\/30\/the-dandy-warhols-lolympia-paris\/","url_meta":{"origin":675,"position":3},"title":"The Dandy Warhols @ l&rsquo;Olympia, Paris.","author":"dpc","date":"30 avril 2012","format":false,"excerpt":"Mohammed | We Used to Be Friends | Not If You Were the Last Junky on Earth | I Love You | Rest Your Head | Good Morning | The Last High | I Am Free | Enjoy Yourself | Sad Vacation | Well They're Gone | Everyday Should Be\u2026","rel":"","context":"Dans &quot;Alive&quot;","block_context":{"text":"Alive","link":"https:\/\/www.wallendorff.com\/belogue\/category\/alive\/"},"img":{"alt_text":"","src":"https:\/\/i0.wp.com\/www.wallendorff.com\/belogue\/wp-content\/uploads\/2015\/04\/201204301.jpg?resize=350%2C200&ssl=1","width":350,"height":200,"srcset":"https:\/\/i0.wp.com\/www.wallendorff.com\/belogue\/wp-content\/uploads\/2015\/04\/201204301.jpg?resize=350%2C200&ssl=1 1x, https:\/\/i0.wp.com\/www.wallendorff.com\/belogue\/wp-content\/uploads\/2015\/04\/201204301.jpg?resize=525%2C300&ssl=1 1.5x, https:\/\/i0.wp.com\/www.wallendorff.com\/belogue\/wp-content\/uploads\/2015\/04\/201204301.jpg?resize=700%2C400&ssl=1 2x"},"classes":[]},{"id":17517,"url":"https:\/\/www.wallendorff.com\/belogue\/2012\/05\/31\/shooting-people-92\/","url_meta":{"origin":675,"position":4},"title":"Shooting people #92.","author":"dpc","date":"31 mai 2012","format":false,"excerpt":"Chartreuse de Pomier, Pr\u00e9silly, 26 mai. The Dandy Warhols \u2013 Love Song [youtube]http:\/\/www.youtube.com\/watch?v=OQL2209kPlo[\/youtube]","rel":"","context":"Dans &quot;Portraits&quot;","block_context":{"text":"Portraits","link":"https:\/\/www.wallendorff.com\/belogue\/category\/portraits\/"},"img":{"alt_text":"","src":"https:\/\/i0.wp.com\/www.wallendorff.com\/belogue\/wp-content\/uploads\/2015\/04\/201205311.jpg?resize=350%2C200&ssl=1","width":350,"height":200,"srcset":"https:\/\/i0.wp.com\/www.wallendorff.com\/belogue\/wp-content\/uploads\/2015\/04\/201205311.jpg?resize=350%2C200&ssl=1 1x, https:\/\/i0.wp.com\/www.wallendorff.com\/belogue\/wp-content\/uploads\/2015\/04\/201205311.jpg?resize=525%2C300&ssl=1 1.5x, https:\/\/i0.wp.com\/www.wallendorff.com\/belogue\/wp-content\/uploads\/2015\/04\/201205311.jpg?resize=700%2C400&ssl=1 2x"},"classes":[]},{"id":123940,"url":"https:\/\/www.wallendorff.com\/belogue\/2023\/02\/27\/dans-laire-du-temple\/","url_meta":{"origin":675,"position":5},"title":"Dans l&rsquo;aire du temple.","author":"dpc","date":"27 f\u00e9vrier 2023","format":false,"excerpt":"Place de la Com\u00e9die, Metz, 28 d\u00e9cembre 2022.","rel":"","context":"Dans &quot;DPC&quot;","block_context":{"text":"DPC","link":"https:\/\/www.wallendorff.com\/belogue\/category\/dpc-en\/"},"img":{"alt_text":"","src":"https:\/\/i0.wp.com\/www.wallendorff.com\/belogue\/wp-content\/uploads\/2023\/02\/20230227.jpg?resize=350%2C200&ssl=1","width":350,"height":200,"srcset":"https:\/\/i0.wp.com\/www.wallendorff.com\/belogue\/wp-content\/uploads\/2023\/02\/20230227.jpg?resize=350%2C200&ssl=1 1x, https:\/\/i0.wp.com\/www.wallendorff.com\/belogue\/wp-content\/uploads\/2023\/02\/20230227.jpg?resize=525%2C300&ssl=1 1.5x, https:\/\/i0.wp.com\/www.wallendorff.com\/belogue\/wp-content\/uploads\/2023\/02\/20230227.jpg?resize=700%2C400&ssl=1 2x, https:\/\/i0.wp.com\/www.wallendorff.com\/belogue\/wp-content\/uploads\/2023\/02\/20230227.jpg?resize=1050%2C600&ssl=1 3x"},"classes":[]}],"_links":{"self":[{"href":"https:\/\/www.wallendorff.com\/belogue\/wp-json\/wp\/v2\/posts\/675","targetHints":{"allow":["GET"]}}],"collection":[{"href":"https:\/\/www.wallendorff.com\/belogue\/wp-json\/wp\/v2\/posts"}],"about":[{"href":"https:\/\/www.wallendorff.com\/belogue\/wp-json\/wp\/v2\/types\/post"}],"author":[{"embeddable":true,"href":"https:\/\/www.wallendorff.com\/belogue\/wp-json\/wp\/v2\/users\/1"}],"replies":[{"embeddable":true,"href":"https:\/\/www.wallendorff.com\/belogue\/wp-json\/wp\/v2\/comments?post=675"}],"version-history":[{"count":1,"href":"https:\/\/www.wallendorff.com\/belogue\/wp-json\/wp\/v2\/posts\/675\/revisions"}],"predecessor-version":[{"id":18612,"href":"https:\/\/www.wallendorff.com\/belogue\/wp-json\/wp\/v2\/posts\/675\/revisions\/18612"}],"wp:featuredmedia":[{"embeddable":true,"href":"https:\/\/www.wallendorff.com\/belogue\/wp-json\/wp\/v2\/media\/24621"}],"wp:attachment":[{"href":"https:\/\/www.wallendorff.com\/belogue\/wp-json\/wp\/v2\/media?parent=675"}],"wp:term":[{"taxonomy":"category","embeddable":true,"href":"https:\/\/www.wallendorff.com\/belogue\/wp-json\/wp\/v2\/categories?post=675"},{"taxonomy":"post_tag","embeddable":true,"href":"https:\/\/www.wallendorff.com\/belogue\/wp-json\/wp\/v2\/tags?post=675"}],"curies":[{"name":"wp","href":"https:\/\/api.w.org\/{rel}","templated":true}]}}