{"id":672,"date":"2004-09-07T00:37:50","date_gmt":"2004-09-07T00:37:50","guid":{"rendered":"http:\/\/www.po-l.com\/wordpress\/?p=672"},"modified":"2012-08-14T10:18:06","modified_gmt":"2012-08-14T08:18:06","slug":"marches-a-suivre","status":"publish","type":"post","link":"https:\/\/www.wallendorff.com\/belogue\/2004\/09\/07\/marches-a-suivre\/","title":{"rendered":"Marches \u00e0 suivre."},"content":{"rendered":"<div id=\"photo\">\n<p><img decoding=\"async\" src=\"https:\/\/www.wallendorff.com\/belogue\/photo\/2004\/09\/07.jpg\" \/><br \/>\n      Rue Mazelle, Metz.<\/p>\n<\/p><\/div>\n<div id=\"bandeson\">\n<p><img decoding=\"async\" src=\"https:\/\/www.wallendorff.com\/belogue\/photo\/pochettes\/r\/radiohead-kid_a.jpg\" align=\"left\" \/>&nbsp;<a href=\"http:\/\/www.radiohead.com\/\">Radiohead<\/a> &ndash; <em>Everything in Its Right Place<\/em><\/p>\n<\/p><\/div>\n","protected":false},"excerpt":{"rendered":"<p>Rue Mazelle, Metz. &nbsp;Radiohead &ndash; Everything in Its Right Place<\/p>\n","protected":false},"author":1,"featured_media":24619,"comment_status":"open","ping_status":"open","sticky":false,"template":"","format":"standard","meta":{"_acf_changed":false,"ngg_post_thumbnail":0,"jetpack_post_was_ever_published":false,"_jetpack_newsletter_access":"","_jetpack_dont_email_post_to_subs":false,"_jetpack_newsletter_tier_id":0,"_jetpack_memberships_contains_paywalled_content":false,"_jetpack_memberships_contains_paid_content":false,"footnotes":"","jetpack_publicize_message":"","jetpack_publicize_feature_enabled":true,"jetpack_social_post_already_shared":false,"jetpack_social_options":{"image_generator_settings":{"template":"highway","default_image_id":0,"font":"","enabled":false},"version":2}},"categories":[3],"tags":[148,10500,10210,429,10120,10175,10173,128,10638,426,10674],"class_list":["post-672","post","type-post","status-publish","format-standard","has-post-thumbnail","hentry","category-dpc","tag-a80","tag-contre-plongee","tag-escalier","tag-everything-in-its-right-place","tag-france","tag-lorraine","tag-metz","tag-radiohead","tag-rampe","tag-rue-mazelle","tag-spirale"],"acf":[],"geo":{"latitude":49.1174774,"longitude":6.1805229,"description":null},"jetpack_publicize_connections":[],"jetpack_featured_media_url":"https:\/\/www.wallendorff.com\/belogue\/wp-content\/uploads\/2015\/04\/072.jpg","jetpack_shortlink":"https:\/\/wp.me\/p3b35P-aQ","jetpack_sharing_enabled":true,"jetpack-related-posts":[{"id":131991,"url":"https:\/\/www.wallendorff.com\/belogue\/2025\/03\/26\/metz-de-noel\/","url_meta":{"origin":672,"position":0},"title":"Metz de No\u00ebl.","author":"dpc","date":"26 mars 2025","format":false,"excerpt":"","rel":"","context":"Dans &quot;DPC&quot;","block_context":{"text":"DPC","link":"https:\/\/www.wallendorff.com\/belogue\/category\/dpc\/"},"img":{"alt_text":"","src":"https:\/\/i0.wp.com\/www.wallendorff.com\/belogue\/wp-content\/uploads\/2025\/03\/20250326-04.jpg?resize=350%2C200&ssl=1","width":350,"height":200,"srcset":"https:\/\/i0.wp.com\/www.wallendorff.com\/belogue\/wp-content\/uploads\/2025\/03\/20250326-04.jpg?resize=350%2C200&ssl=1 1x, https:\/\/i0.wp.com\/www.wallendorff.com\/belogue\/wp-content\/uploads\/2025\/03\/20250326-04.jpg?resize=525%2C300&ssl=1 1.5x, https:\/\/i0.wp.com\/www.wallendorff.com\/belogue\/wp-content\/uploads\/2025\/03\/20250326-04.jpg?resize=700%2C400&ssl=1 2x"},"classes":[]},{"id":126836,"url":"https:\/\/www.wallendorff.com\/belogue\/2023\/12\/08\/metz-du-dimanche\/","url_meta":{"origin":672,"position":1},"title":"Metz du dimanche.","author":"dpc","date":"8 d\u00e9cembre 2023","format":false,"excerpt":"","rel":"","context":"Dans &quot;DPC&quot;","block_context":{"text":"DPC","link":"https:\/\/www.wallendorff.com\/belogue\/category\/dpc\/"},"img":{"alt_text":"","src":"https:\/\/i0.wp.com\/www.wallendorff.com\/belogue\/wp-content\/uploads\/2023\/12\/20231208-02.jpg?resize=350%2C200&ssl=1","width":350,"height":200,"srcset":"https:\/\/i0.wp.com\/www.wallendorff.com\/belogue\/wp-content\/uploads\/2023\/12\/20231208-02.jpg?resize=350%2C200&ssl=1 1x, https:\/\/i0.wp.com\/www.wallendorff.com\/belogue\/wp-content\/uploads\/2023\/12\/20231208-02.jpg?resize=525%2C300&ssl=1 1.5x, https:\/\/i0.wp.com\/www.wallendorff.com\/belogue\/wp-content\/uploads\/2023\/12\/20231208-02.jpg?resize=700%2C400&ssl=1 2x"},"classes":[]},{"id":135693,"url":"https:\/\/www.wallendorff.com\/belogue\/2026\/03\/27\/tcho-metz\/","url_meta":{"origin":672,"position":2},"title":"Tch\u00f4 Metz.","author":"dpc","date":"27 mars 2026","format":false,"excerpt":"","rel":"","context":"Dans &quot;DPC&quot;","block_context":{"text":"DPC","link":"https:\/\/www.wallendorff.com\/belogue\/category\/dpc\/"},"img":{"alt_text":"","src":"https:\/\/i0.wp.com\/www.wallendorff.com\/belogue\/wp-content\/uploads\/2026\/03\/20260327-10.jpg?resize=350%2C200&ssl=1","width":350,"height":200,"srcset":"https:\/\/i0.wp.com\/www.wallendorff.com\/belogue\/wp-content\/uploads\/2026\/03\/20260327-10.jpg?resize=350%2C200&ssl=1 1x, https:\/\/i0.wp.com\/www.wallendorff.com\/belogue\/wp-content\/uploads\/2026\/03\/20260327-10.jpg?resize=525%2C300&ssl=1 1.5x, https:\/\/i0.wp.com\/www.wallendorff.com\/belogue\/wp-content\/uploads\/2026\/03\/20260327-10.jpg?resize=700%2C400&ssl=1 2x, https:\/\/i0.wp.com\/www.wallendorff.com\/belogue\/wp-content\/uploads\/2026\/03\/20260327-10.jpg?resize=1050%2C600&ssl=1 3x"},"classes":[]},{"id":123960,"url":"https:\/\/www.wallendorff.com\/belogue\/2023\/03\/03\/aux-murs-tu-jures\/","url_meta":{"origin":672,"position":3},"title":"Aux murs [tu jures].","author":"dpc","date":"3 mars 2023","format":false,"excerpt":"Rue des Murs, Metz, 28 d\u00e9cembre 2022.","rel":"","context":"Dans &quot;DPC&quot;","block_context":{"text":"DPC","link":"https:\/\/www.wallendorff.com\/belogue\/category\/dpc-en\/"},"img":{"alt_text":"","src":"https:\/\/i0.wp.com\/www.wallendorff.com\/belogue\/wp-content\/uploads\/2023\/03\/20230303.jpg?resize=350%2C200&ssl=1","width":350,"height":200,"srcset":"https:\/\/i0.wp.com\/www.wallendorff.com\/belogue\/wp-content\/uploads\/2023\/03\/20230303.jpg?resize=350%2C200&ssl=1 1x, https:\/\/i0.wp.com\/www.wallendorff.com\/belogue\/wp-content\/uploads\/2023\/03\/20230303.jpg?resize=525%2C300&ssl=1 1.5x, https:\/\/i0.wp.com\/www.wallendorff.com\/belogue\/wp-content\/uploads\/2023\/03\/20230303.jpg?resize=700%2C400&ssl=1 2x, https:\/\/i0.wp.com\/www.wallendorff.com\/belogue\/wp-content\/uploads\/2023\/03\/20230303.jpg?resize=1050%2C600&ssl=1 3x"},"classes":[]},{"id":119227,"url":"https:\/\/www.wallendorff.com\/belogue\/2023\/02\/17\/metz-noire\/","url_meta":{"origin":672,"position":4},"title":"Metz noire.","author":"dpc","date":"17 f\u00e9vrier 2023","format":false,"excerpt":"Place du Pont-des-Roches, 27 d\u00e9cembre 2022. Toute ressemblance avec la photo du 13 janvier 2014 tout \u00e7a tout \u00e7a.","rel":"","context":"Dans &quot;DPC&quot;","block_context":{"text":"DPC","link":"https:\/\/www.wallendorff.com\/belogue\/category\/dpc-en\/"},"img":{"alt_text":"","src":"https:\/\/i0.wp.com\/www.wallendorff.com\/belogue\/wp-content\/uploads\/2023\/02\/20230217.jpg?resize=350%2C200&ssl=1","width":350,"height":200,"srcset":"https:\/\/i0.wp.com\/www.wallendorff.com\/belogue\/wp-content\/uploads\/2023\/02\/20230217.jpg?resize=350%2C200&ssl=1 1x, https:\/\/i0.wp.com\/www.wallendorff.com\/belogue\/wp-content\/uploads\/2023\/02\/20230217.jpg?resize=525%2C300&ssl=1 1.5x, https:\/\/i0.wp.com\/www.wallendorff.com\/belogue\/wp-content\/uploads\/2023\/02\/20230217.jpg?resize=700%2C400&ssl=1 2x, https:\/\/i0.wp.com\/www.wallendorff.com\/belogue\/wp-content\/uploads\/2023\/02\/20230217.jpg?resize=1050%2C600&ssl=1 3x"},"classes":[]},{"id":123926,"url":"https:\/\/www.wallendorff.com\/belogue\/2023\/02\/23\/des-rondes-en-leau\/","url_meta":{"origin":672,"position":5},"title":"Des rondes en l&rsquo;eau.","author":"dpc","date":"23 f\u00e9vrier 2023","format":false,"excerpt":"Moyen Pont, Metz, 28 d\u00e9cembre 2022.","rel":"","context":"Dans &quot;DPC&quot;","block_context":{"text":"DPC","link":"https:\/\/www.wallendorff.com\/belogue\/category\/dpc-en\/"},"img":{"alt_text":"","src":"https:\/\/i0.wp.com\/www.wallendorff.com\/belogue\/wp-content\/uploads\/2023\/02\/20230223.jpg?resize=350%2C200&ssl=1","width":350,"height":200,"srcset":"https:\/\/i0.wp.com\/www.wallendorff.com\/belogue\/wp-content\/uploads\/2023\/02\/20230223.jpg?resize=350%2C200&ssl=1 1x, https:\/\/i0.wp.com\/www.wallendorff.com\/belogue\/wp-content\/uploads\/2023\/02\/20230223.jpg?resize=525%2C300&ssl=1 1.5x, https:\/\/i0.wp.com\/www.wallendorff.com\/belogue\/wp-content\/uploads\/2023\/02\/20230223.jpg?resize=700%2C400&ssl=1 2x, https:\/\/i0.wp.com\/www.wallendorff.com\/belogue\/wp-content\/uploads\/2023\/02\/20230223.jpg?resize=1050%2C600&ssl=1 3x"},"classes":[]}],"_links":{"self":[{"href":"https:\/\/www.wallendorff.com\/belogue\/wp-json\/wp\/v2\/posts\/672","targetHints":{"allow":["GET"]}}],"collection":[{"href":"https:\/\/www.wallendorff.com\/belogue\/wp-json\/wp\/v2\/posts"}],"about":[{"href":"https:\/\/www.wallendorff.com\/belogue\/wp-json\/wp\/v2\/types\/post"}],"author":[{"embeddable":true,"href":"https:\/\/www.wallendorff.com\/belogue\/wp-json\/wp\/v2\/users\/1"}],"replies":[{"embeddable":true,"href":"https:\/\/www.wallendorff.com\/belogue\/wp-json\/wp\/v2\/comments?post=672"}],"version-history":[{"count":1,"href":"https:\/\/www.wallendorff.com\/belogue\/wp-json\/wp\/v2\/posts\/672\/revisions"}],"predecessor-version":[{"id":18633,"href":"https:\/\/www.wallendorff.com\/belogue\/wp-json\/wp\/v2\/posts\/672\/revisions\/18633"}],"wp:featuredmedia":[{"embeddable":true,"href":"https:\/\/www.wallendorff.com\/belogue\/wp-json\/wp\/v2\/media\/24619"}],"wp:attachment":[{"href":"https:\/\/www.wallendorff.com\/belogue\/wp-json\/wp\/v2\/media?parent=672"}],"wp:term":[{"taxonomy":"category","embeddable":true,"href":"https:\/\/www.wallendorff.com\/belogue\/wp-json\/wp\/v2\/categories?post=672"},{"taxonomy":"post_tag","embeddable":true,"href":"https:\/\/www.wallendorff.com\/belogue\/wp-json\/wp\/v2\/tags?post=672"}],"curies":[{"name":"wp","href":"https:\/\/api.w.org\/{rel}","templated":true}]}}