{"id":670,"date":"2004-09-08T08:35:20","date_gmt":"2004-09-08T08:35:20","guid":{"rendered":"http:\/\/www.po-l.com\/wordpress\/?p=670"},"modified":"2014-01-10T11:32:21","modified_gmt":"2014-01-10T09:32:21","slug":"hoy-me-voy","status":"publish","type":"post","link":"https:\/\/www.wallendorff.com\/belogue\/2004\/09\/08\/hoy-me-voy\/","title":{"rendered":"Hoy me voy."},"content":{"rendered":"\n<div id=\"photo\">\n<p><img decoding=\"async\" src=\"https:\/\/www.wallendorff.com\/belogue\/photo\/2004\/09\/09.jpg\" \/><br \/>\n          Ruelle des Bordeaux, Metz.<\/p>\n<\/p><\/div>\n<div id=\"bandeson\">\n<p><img decoding=\"async\" src=\"https:\/\/www.wallendorff.com\/belogue\/photo\/pochettes\/p\/pop_iggy-lust_for_life.jpg\" align=\"left\" \/>&nbsp;<a href=\"http:\/\/www.iggypop.com\">Iggy Pop<\/a> &mdash; <em>The Passenger<\/em><\/p>\n<\/p><\/div>\n","protected":false},"excerpt":{"rendered":"<p>Ruelle des Bordeaux, Metz. &nbsp;Iggy Pop &mdash; The Passenger<\/p>\n","protected":false},"author":1,"featured_media":24618,"comment_status":"open","ping_status":"open","sticky":false,"template":"","format":"standard","meta":{"_acf_changed":false,"ngg_post_thumbnail":0,"jetpack_post_was_ever_published":false,"_jetpack_newsletter_access":"","_jetpack_dont_email_post_to_subs":false,"_jetpack_newsletter_tier_id":0,"_jetpack_memberships_contains_paywalled_content":false,"_jetpack_memberships_contains_paid_content":false,"footnotes":"","jetpack_publicize_message":"","jetpack_publicize_feature_enabled":true,"jetpack_social_post_already_shared":false,"jetpack_social_options":{"image_generator_settings":{"template":"highway","default_image_id":0,"font":"","enabled":false},"version":2}},"categories":[3],"tags":[148,10120,10668,10181,10278,10175,10173,10174,10147,10158,433,435,164],"class_list":["post-670","post","type-post","status-publish","format-standard","has-post-thumbnail","hentry","category-dpc","tag-a80","tag-france","tag-graffiti","tag-iggy-pop","tag-lampadaire","tag-lorraine","tag-metz","tag-moselle","tag-nuit","tag-ruelle","tag-ruelle-des-bordeaux","tag-the-passenger","tag-urbain"],"acf":[],"geo":{"latitude":49.1215477,"longitude":6.1777592,"description":"Metz, Lorraine, 57010 CEDEX 01, FR"},"jetpack_publicize_connections":[],"jetpack_featured_media_url":"https:\/\/www.wallendorff.com\/belogue\/wp-content\/uploads\/2015\/04\/098.jpg","jetpack_shortlink":"https:\/\/wp.me\/p3b35P-aO","jetpack_sharing_enabled":true,"jetpack-related-posts":[{"id":22375,"url":"https:\/\/www.wallendorff.com\/belogue\/2014\/01\/10\/hole-down-were-going-home\/","url_meta":{"origin":670,"position":0},"title":"Hole down [we&rsquo;re going home].","author":"dpc","date":"10 janvier 2014","format":false,"excerpt":"Ruelle des Bordeaux, Metz, 21 d\u00e9cembre 2013. Je tiens \u00e0 f\u00e9liciter pour leur assidiuit\u00e9, leur bonne m\u00e9moire et leur vivacit\u00e9 d'esprit tous les lecteurs qui, en d\u00e9couvrant cette photo, se sont exclam\u00e9s\u00a0: \u00ab\u00a0Ah \u00e7\u00e0\u00a0! Mais c'est la ruelle du 8 septembre 2004\u00a0!\u00a0\u00bb Team Lorde","rel":"","context":"Dans &quot;DPC&quot;","block_context":{"text":"DPC","link":"https:\/\/www.wallendorff.com\/belogue\/category\/dpc\/"},"img":{"alt_text":"","src":"https:\/\/i0.wp.com\/www.wallendorff.com\/belogue\/wp-content\/uploads\/2015\/04\/201401101.jpg?resize=350%2C200&ssl=1","width":350,"height":200,"srcset":"https:\/\/i0.wp.com\/www.wallendorff.com\/belogue\/wp-content\/uploads\/2015\/04\/201401101.jpg?resize=350%2C200&ssl=1 1x, https:\/\/i0.wp.com\/www.wallendorff.com\/belogue\/wp-content\/uploads\/2015\/04\/201401101.jpg?resize=525%2C300&ssl=1 1.5x"},"classes":[]},{"id":119227,"url":"https:\/\/www.wallendorff.com\/belogue\/2023\/02\/17\/metz-noire\/","url_meta":{"origin":670,"position":1},"title":"Metz noire.","author":"dpc","date":"17 f\u00e9vrier 2023","format":false,"excerpt":"Place du Pont-des-Roches, 27 d\u00e9cembre 2022. Toute ressemblance avec la photo du 13 janvier 2014 tout \u00e7a tout \u00e7a.","rel":"","context":"Dans &quot;DPC&quot;","block_context":{"text":"DPC","link":"https:\/\/www.wallendorff.com\/belogue\/category\/dpc-en\/"},"img":{"alt_text":"","src":"https:\/\/i0.wp.com\/www.wallendorff.com\/belogue\/wp-content\/uploads\/2023\/02\/20230217.jpg?resize=350%2C200&ssl=1","width":350,"height":200,"srcset":"https:\/\/i0.wp.com\/www.wallendorff.com\/belogue\/wp-content\/uploads\/2023\/02\/20230217.jpg?resize=350%2C200&ssl=1 1x, https:\/\/i0.wp.com\/www.wallendorff.com\/belogue\/wp-content\/uploads\/2023\/02\/20230217.jpg?resize=525%2C300&ssl=1 1.5x, https:\/\/i0.wp.com\/www.wallendorff.com\/belogue\/wp-content\/uploads\/2023\/02\/20230217.jpg?resize=700%2C400&ssl=1 2x, https:\/\/i0.wp.com\/www.wallendorff.com\/belogue\/wp-content\/uploads\/2023\/02\/20230217.jpg?resize=1050%2C600&ssl=1 3x"},"classes":[]},{"id":123926,"url":"https:\/\/www.wallendorff.com\/belogue\/2023\/02\/23\/des-rondes-en-leau\/","url_meta":{"origin":670,"position":2},"title":"Des rondes en l&rsquo;eau.","author":"dpc","date":"23 f\u00e9vrier 2023","format":false,"excerpt":"Moyen Pont, Metz, 28 d\u00e9cembre 2022.","rel":"","context":"Dans &quot;DPC&quot;","block_context":{"text":"DPC","link":"https:\/\/www.wallendorff.com\/belogue\/category\/dpc-en\/"},"img":{"alt_text":"","src":"https:\/\/i0.wp.com\/www.wallendorff.com\/belogue\/wp-content\/uploads\/2023\/02\/20230223.jpg?resize=350%2C200&ssl=1","width":350,"height":200,"srcset":"https:\/\/i0.wp.com\/www.wallendorff.com\/belogue\/wp-content\/uploads\/2023\/02\/20230223.jpg?resize=350%2C200&ssl=1 1x, https:\/\/i0.wp.com\/www.wallendorff.com\/belogue\/wp-content\/uploads\/2023\/02\/20230223.jpg?resize=525%2C300&ssl=1 1.5x, https:\/\/i0.wp.com\/www.wallendorff.com\/belogue\/wp-content\/uploads\/2023\/02\/20230223.jpg?resize=700%2C400&ssl=1 2x, https:\/\/i0.wp.com\/www.wallendorff.com\/belogue\/wp-content\/uploads\/2023\/02\/20230223.jpg?resize=1050%2C600&ssl=1 3x"},"classes":[]},{"id":123960,"url":"https:\/\/www.wallendorff.com\/belogue\/2023\/03\/03\/aux-murs-tu-jures\/","url_meta":{"origin":670,"position":3},"title":"Aux murs [tu jures].","author":"dpc","date":"3 mars 2023","format":false,"excerpt":"Rue des Murs, Metz, 28 d\u00e9cembre 2022.","rel":"","context":"Dans &quot;DPC&quot;","block_context":{"text":"DPC","link":"https:\/\/www.wallendorff.com\/belogue\/category\/dpc-en\/"},"img":{"alt_text":"","src":"https:\/\/i0.wp.com\/www.wallendorff.com\/belogue\/wp-content\/uploads\/2023\/03\/20230303.jpg?resize=350%2C200&ssl=1","width":350,"height":200,"srcset":"https:\/\/i0.wp.com\/www.wallendorff.com\/belogue\/wp-content\/uploads\/2023\/03\/20230303.jpg?resize=350%2C200&ssl=1 1x, https:\/\/i0.wp.com\/www.wallendorff.com\/belogue\/wp-content\/uploads\/2023\/03\/20230303.jpg?resize=525%2C300&ssl=1 1.5x, https:\/\/i0.wp.com\/www.wallendorff.com\/belogue\/wp-content\/uploads\/2023\/03\/20230303.jpg?resize=700%2C400&ssl=1 2x, https:\/\/i0.wp.com\/www.wallendorff.com\/belogue\/wp-content\/uploads\/2023\/03\/20230303.jpg?resize=1050%2C600&ssl=1 3x"},"classes":[]},{"id":126836,"url":"https:\/\/www.wallendorff.com\/belogue\/2023\/12\/08\/metz-du-dimanche\/","url_meta":{"origin":670,"position":4},"title":"Metz du dimanche.","author":"dpc","date":"8 d\u00e9cembre 2023","format":false,"excerpt":"","rel":"","context":"Dans &quot;DPC&quot;","block_context":{"text":"DPC","link":"https:\/\/www.wallendorff.com\/belogue\/category\/dpc\/"},"img":{"alt_text":"","src":"https:\/\/i0.wp.com\/www.wallendorff.com\/belogue\/wp-content\/uploads\/2023\/12\/20231208-02.jpg?resize=350%2C200&ssl=1","width":350,"height":200,"srcset":"https:\/\/i0.wp.com\/www.wallendorff.com\/belogue\/wp-content\/uploads\/2023\/12\/20231208-02.jpg?resize=350%2C200&ssl=1 1x, https:\/\/i0.wp.com\/www.wallendorff.com\/belogue\/wp-content\/uploads\/2023\/12\/20231208-02.jpg?resize=525%2C300&ssl=1 1.5x, https:\/\/i0.wp.com\/www.wallendorff.com\/belogue\/wp-content\/uploads\/2023\/12\/20231208-02.jpg?resize=700%2C400&ssl=1 2x"},"classes":[]},{"id":30559,"url":"https:\/\/www.wallendorff.com\/belogue\/2016\/03\/16\/ruelle-no-1514\/","url_meta":{"origin":670,"position":5},"title":"Ruelle no 1&nbsp;514.","author":"dpc","date":"16 mars 2016","format":false,"excerpt":"En Nexirue, Metz, 27 d\u00e9cembre 2015. Celebration #1 Night Beats","rel":"","context":"Dans &quot;DPC&quot;","block_context":{"text":"DPC","link":"https:\/\/www.wallendorff.com\/belogue\/category\/dpc\/"},"img":{"alt_text":"","src":"https:\/\/i0.wp.com\/www.wallendorff.com\/belogue\/wp-content\/uploads\/2016\/03\/20160316.jpg?resize=350%2C200&ssl=1","width":350,"height":200,"srcset":"https:\/\/i0.wp.com\/www.wallendorff.com\/belogue\/wp-content\/uploads\/2016\/03\/20160316.jpg?resize=350%2C200&ssl=1 1x, https:\/\/i0.wp.com\/www.wallendorff.com\/belogue\/wp-content\/uploads\/2016\/03\/20160316.jpg?resize=525%2C300&ssl=1 1.5x"},"classes":[]}],"_links":{"self":[{"href":"https:\/\/www.wallendorff.com\/belogue\/wp-json\/wp\/v2\/posts\/670","targetHints":{"allow":["GET"]}}],"collection":[{"href":"https:\/\/www.wallendorff.com\/belogue\/wp-json\/wp\/v2\/posts"}],"about":[{"href":"https:\/\/www.wallendorff.com\/belogue\/wp-json\/wp\/v2\/types\/post"}],"author":[{"embeddable":true,"href":"https:\/\/www.wallendorff.com\/belogue\/wp-json\/wp\/v2\/users\/1"}],"replies":[{"embeddable":true,"href":"https:\/\/www.wallendorff.com\/belogue\/wp-json\/wp\/v2\/comments?post=670"}],"version-history":[{"count":2,"href":"https:\/\/www.wallendorff.com\/belogue\/wp-json\/wp\/v2\/posts\/670\/revisions"}],"predecessor-version":[{"id":22377,"href":"https:\/\/www.wallendorff.com\/belogue\/wp-json\/wp\/v2\/posts\/670\/revisions\/22377"}],"wp:featuredmedia":[{"embeddable":true,"href":"https:\/\/www.wallendorff.com\/belogue\/wp-json\/wp\/v2\/media\/24618"}],"wp:attachment":[{"href":"https:\/\/www.wallendorff.com\/belogue\/wp-json\/wp\/v2\/media?parent=670"}],"wp:term":[{"taxonomy":"category","embeddable":true,"href":"https:\/\/www.wallendorff.com\/belogue\/wp-json\/wp\/v2\/categories?post=670"},{"taxonomy":"post_tag","embeddable":true,"href":"https:\/\/www.wallendorff.com\/belogue\/wp-json\/wp\/v2\/tags?post=670"}],"curies":[{"name":"wp","href":"https:\/\/api.w.org\/{rel}","templated":true}]}}