{"id":659,"date":"2004-09-15T23:06:12","date_gmt":"2004-09-15T23:06:12","guid":{"rendered":"http:\/\/www.po-l.com\/wordpress\/?p=659"},"modified":"2012-08-21T10:21:33","modified_gmt":"2012-08-21T08:21:33","slug":"et-pendant-ce-temps-a-boston","status":"publish","type":"post","link":"https:\/\/www.wallendorff.com\/belogue\/2004\/09\/15\/et-pendant-ce-temps-a-boston\/","title":{"rendered":"Et pendant ce temps, \u00e0 Boston."},"content":{"rendered":"\n<div id=\"photo\">\n<p><img decoding=\"async\" src=\"https:\/\/www.wallendorff.com\/belogue\/photo\/2004\/09\/22.jpg\" \/><\/p>\n<\/p><\/div>\n<p style=\"text-align:right\">&laquo;&nbsp;On a pens\u00e9 \u00e0 toi quand on a vu \u00e7a, c&rsquo;est pour ta collection personnelle&nbsp;&raquo;<\/p>\n<p style=\"text-align:right\">(c&rsquo;est toujours mieux que de penser \u00e0 moi en voyant un vieux pneu ou une chaussette molle, note. Je vais pas me plaindre.)<\/p>\n<div id=\"bandeson\">\n<p><strong>Bande-son<\/strong>&nbsp;: Marc Lavoine &mdash; <em>Ch\u00e8re amie<\/em> (c&rsquo;est soir\u00e9e culture sur Pure FM)<\/p>\n<\/p><\/div>\n","protected":false},"excerpt":{"rendered":"<p>&laquo;&nbsp;On a pens\u00e9 \u00e0 toi quand on a vu \u00e7a, c&rsquo;est pour ta collection personnelle&nbsp;&raquo; (c&rsquo;est toujours mieux que de penser \u00e0 moi en voyant un vieux pneu ou une chaussette molle, note. Je vais pas me plaindre.) Bande-son&nbsp;: Marc Lavoine &mdash; Ch\u00e8re amie (c&rsquo;est soir\u00e9e culture sur Pure FM)<\/p>\n","protected":false},"author":1,"featured_media":24608,"comment_status":"open","ping_status":"open","sticky":false,"template":"","format":"standard","meta":{"_acf_changed":false,"ngg_post_thumbnail":0,"jetpack_post_was_ever_published":false,"_jetpack_newsletter_access":"","_jetpack_dont_email_post_to_subs":false,"_jetpack_newsletter_tier_id":0,"_jetpack_memberships_contains_paywalled_content":false,"_jetpack_memberships_contains_paid_content":false,"footnotes":"","jetpack_publicize_message":"","jetpack_publicize_feature_enabled":true,"jetpack_social_post_already_shared":false,"jetpack_social_options":{"image_generator_settings":{"template":"highway","default_image_id":0,"font":"","enabled":false},"version":2}},"categories":[3],"tags":[459,462,55,10117,461,460,10104,98],"class_list":["post-659","post","type-post","status-publish","format-standard","has-post-thumbnail","hentry","category-dpc","tag-boston","tag-chere-amie","tag-etats-unis","tag-guinness","tag-marc-lavoine","tag-massachusetts","tag-panneau","tag-pure-fm"],"acf":[],"geo":null,"jetpack_publicize_connections":[],"jetpack_featured_media_url":"https:\/\/www.wallendorff.com\/belogue\/wp-content\/uploads\/2015\/04\/227.jpg","jetpack_shortlink":"https:\/\/wp.me\/p3b35P-aD","jetpack_sharing_enabled":true,"jetpack-related-posts":[{"id":502,"url":"https:\/\/www.wallendorff.com\/belogue\/2005\/01\/12\/message-personnel\/","url_meta":{"origin":659,"position":0},"title":"Message personnel.","author":"dpc","date":"12 janvier 2005","format":false,"excerpt":"Liberty St., Ann Arbor, 9 janvier. Il doit y avoir un vague rapport avec toi, mais je sais pas lequel. [\/Edit: je suis toujours impatient d'\u00eatre \u00e0 mercredi. Quand j'\u00e9tais petit, c'\u00e9tait pour R\u00e9cr\u00e9 A2, et maintenant, c'est pour C'est un \u00e9v\u00e9nement, avec Hugues Dayez et Rudy L\u00e9onet sur Pure\u2026","rel":"","context":"Dans &quot;DPC&quot;","block_context":{"text":"DPC","link":"https:\/\/www.wallendorff.com\/belogue\/category\/dpc\/"},"img":{"alt_text":"","src":"https:\/\/i0.wp.com\/www.wallendorff.com\/belogue\/wp-content\/uploads\/2015\/04\/20050112-exit1.jpg?resize=350%2C200&ssl=1","width":350,"height":200},"classes":[]},{"id":1381,"url":"https:\/\/www.wallendorff.com\/belogue\/2006\/06\/30\/und-jetzt-nach-belfort-2\/","url_meta":{"origin":659,"position":1},"title":"Und Jetzt, Nach Belfort.","author":"dpc","date":"30 juin 2006","format":false,"excerpt":"Bus nonante-six, Paris, 23 juin. Comme Meg White, moi aussi je me teins en blonde pour ne pas qu'on me reconnaisse, je l\u00e8ve les bras bien haut et allez, c'est parti, demain je retourne \u00e0 Memphis sur l'autoroute 61, oui madame, oui madame, oui madame, ou \u00e0 d\u00e9faut \u00e0 Belfort\u2026","rel":"","context":"Dans &quot;DPC&quot;","block_context":{"text":"DPC","link":"https:\/\/www.wallendorff.com\/belogue\/category\/dpc\/"},"img":{"alt_text":"","src":"https:\/\/i0.wp.com\/www.wallendorff.com\/belogue\/wp-content\/uploads\/2015\/04\/200606301.jpg?resize=350%2C200&ssl=1","width":350,"height":200},"classes":[]},{"id":151,"url":"https:\/\/www.wallendorff.com\/belogue\/2006\/05\/14\/the-wampas-the-fete-of-la-fraise-marcoussis\/","url_meta":{"origin":659,"position":2},"title":"The Wampas @ The f&ecirc;te of la Fraise, Marcoussis.","author":"dpc","date":"14 mai 2006","format":false,"excerpt":"\u00catre rock en 2006, c'est aller voir en Essonne si on y est, se perdre 3 fois sur la route, trouver de la Kro comme \u00e0 la maison pas ch\u00e8re pour se r\u00e9conforter et se dire deux heures apr\u00e8s que si Didier Wampas est pas vraiment le roi, il s'en\u2026","rel":"","context":"Dans &quot;Alive&quot;","block_context":{"text":"Alive","link":"https:\/\/www.wallendorff.com\/belogue\/category\/alive\/"},"img":{"alt_text":"","src":"https:\/\/i0.wp.com\/www.wallendorff.com\/belogue\/wp-content\/uploads\/2015\/04\/200605141.jpg?resize=350%2C200&ssl=1","width":350,"height":200},"classes":[]},{"id":5316,"url":"https:\/\/www.wallendorff.com\/belogue\/2009\/12\/12\/blood-red-shoes-delphic-james-yuill-get-well-soon-la-fleche-dor-paris-9-decembre\/","url_meta":{"origin":659,"position":3},"title":"Blood Red Shoes + Delphic + James Yuill + Get Well Soon @ la Fl\u00e8che d&rsquo;Or, Paris, 9 d\u00e9cembre.","author":"dpc","date":"12 d\u00e9cembre 2009","format":false,"excerpt":"Keeping It Close | Doesn't Matter Much | It Is Happening Again | Count Me Out | Say Something, Say Anything | Light It Up | When We Wake | This Is Not for You | Don't Ask | Colours Fade || I Wish I Was Someone Better \u00a0Blood Red\u2026","rel":"","context":"Dans &quot;Alive&quot;","block_context":{"text":"Alive","link":"https:\/\/www.wallendorff.com\/belogue\/category\/alive\/"},"img":{"alt_text":"","src":"https:\/\/i0.wp.com\/www.wallendorff.com\/belogue\/wp-content\/uploads\/2015\/04\/200912121.jpg?resize=350%2C200&ssl=1","width":350,"height":200,"srcset":"https:\/\/i0.wp.com\/www.wallendorff.com\/belogue\/wp-content\/uploads\/2015\/04\/200912121.jpg?resize=350%2C200&ssl=1 1x, https:\/\/i0.wp.com\/www.wallendorff.com\/belogue\/wp-content\/uploads\/2015\/04\/200912121.jpg?resize=525%2C300&ssl=1 1.5x, https:\/\/i0.wp.com\/www.wallendorff.com\/belogue\/wp-content\/uploads\/2015\/04\/200912121.jpg?resize=700%2C400&ssl=1 2x"},"classes":[]},{"id":758,"url":"https:\/\/www.wallendorff.com\/belogue\/2004\/06\/23\/certes-certes\/","url_meta":{"origin":659,"position":4},"title":"Certes, certes.","author":"dpc","date":"23 juin 2004","format":false,"excerpt":"L\u00e0, je suis d\u00e9go\u00fbt\u00e9 d'avoir loup\u00e9 le sermon du dimanche. \u00c9tait-ce un truc du genre \u00ab\u00a0Gloire au Seigneur tout puissant pour avoir aid\u00e9 la famille Wallace et ses copains a p\u00e9t\u00e9ter la g'le du gros Shaquille et ses gros nazes de potes californiens\u00a0\u00bb ou plut\u00f4t \u00ab\u00a0Et le ballon rejoigna la\u2026","rel":"","context":"Dans &quot;DPC&quot;","block_context":{"text":"DPC","link":"https:\/\/www.wallendorff.com\/belogue\/category\/dpc\/"},"img":{"alt_text":"","src":"https:\/\/i0.wp.com\/www.wallendorff.com\/belogue\/wp-content\/uploads\/2015\/04\/199.jpg?resize=350%2C200&ssl=1","width":350,"height":200},"classes":[]},{"id":1181,"url":"https:\/\/www.wallendorff.com\/belogue\/2008\/03\/11\/pars-issis-lasse-ortie\/","url_meta":{"origin":659,"position":5},"title":"Pars, issis\u00b9, lasse ortie.","author":"dpc","date":"11 mars 2008","format":false,"excerpt":"Le Trabendo, Paris, 3 f\u00e9vrier. Les mecs de Jawh\u00f6l FM m'ont r\u00e9veill\u00e9 en disant que \u00ab\u00a0les concerts de Gossip, c'est \u00e9normissime\u00a0\u00bb. J'ai ri. Je crois que c'est mal. \u00a0Gossip \u2013 Standing in the Way of Control _____ 1 Celui-l\u00e0, \u00e7a reste mon verbe mort pr\u00e9f\u00e9r\u00e9.","rel":"","context":"Dans &quot;DPC&quot;","block_context":{"text":"DPC","link":"https:\/\/www.wallendorff.com\/belogue\/category\/dpc\/"},"img":{"alt_text":"","src":"https:\/\/i0.wp.com\/www.wallendorff.com\/belogue\/wp-content\/uploads\/2015\/04\/200803111.jpg?resize=350%2C200&ssl=1","width":350,"height":200},"classes":[]}],"_links":{"self":[{"href":"https:\/\/www.wallendorff.com\/belogue\/wp-json\/wp\/v2\/posts\/659","targetHints":{"allow":["GET"]}}],"collection":[{"href":"https:\/\/www.wallendorff.com\/belogue\/wp-json\/wp\/v2\/posts"}],"about":[{"href":"https:\/\/www.wallendorff.com\/belogue\/wp-json\/wp\/v2\/types\/post"}],"author":[{"embeddable":true,"href":"https:\/\/www.wallendorff.com\/belogue\/wp-json\/wp\/v2\/users\/1"}],"replies":[{"embeddable":true,"href":"https:\/\/www.wallendorff.com\/belogue\/wp-json\/wp\/v2\/comments?post=659"}],"version-history":[{"count":1,"href":"https:\/\/www.wallendorff.com\/belogue\/wp-json\/wp\/v2\/posts\/659\/revisions"}],"predecessor-version":[{"id":18713,"href":"https:\/\/www.wallendorff.com\/belogue\/wp-json\/wp\/v2\/posts\/659\/revisions\/18713"}],"wp:featuredmedia":[{"embeddable":true,"href":"https:\/\/www.wallendorff.com\/belogue\/wp-json\/wp\/v2\/media\/24608"}],"wp:attachment":[{"href":"https:\/\/www.wallendorff.com\/belogue\/wp-json\/wp\/v2\/media?parent=659"}],"wp:term":[{"taxonomy":"category","embeddable":true,"href":"https:\/\/www.wallendorff.com\/belogue\/wp-json\/wp\/v2\/categories?post=659"},{"taxonomy":"post_tag","embeddable":true,"href":"https:\/\/www.wallendorff.com\/belogue\/wp-json\/wp\/v2\/tags?post=659"}],"curies":[{"name":"wp","href":"https:\/\/api.w.org\/{rel}","templated":true}]}}