{"id":649,"date":"2004-09-24T00:00:16","date_gmt":"2004-09-24T00:00:16","guid":{"rendered":"http:\/\/www.po-l.com\/wordpress\/?p=649"},"modified":"2012-08-28T09:28:16","modified_gmt":"2012-08-28T07:28:16","slug":"phone-to-the-floor","status":"publish","type":"post","link":"https:\/\/www.wallendorff.com\/belogue\/2004\/09\/24\/phone-to-the-floor\/","title":{"rendered":"Phone to the floor."},"content":{"rendered":"<div id=\"photo\">\n<p><img decoding=\"async\" src=\"https:\/\/www.wallendorff.com\/belogue\/photo\/2004\/09\/38.jpg\"><br \/>\nVieux drugstore pourri, Sylvan Lake.<\/p>\n<\/div>\n<div id=\"bandeson\">\n<p><img decoding=\"async\" src=\"https:\/\/www.wallendorff.com\/belogue\/photo\/pochettes\/e\/elista-elista.jpg\" align=\"left\" \/>&nbsp;<a href=\"http:\/\/www.elistamusique.com\">Elista<\/a> &mdash; <em>La Vie &agrave; deux<\/em><\/p>\n<\/p><\/div>\n","protected":false},"excerpt":{"rendered":"<p>Vieux drugstore pourri, Sylvan Lake. &nbsp;Elista &mdash; La Vie &agrave; deux<\/p>\n","protected":false},"author":1,"featured_media":24597,"comment_status":"open","ping_status":"open","sticky":false,"template":"","format":"standard","meta":{"_acf_changed":false,"ngg_post_thumbnail":0,"jetpack_post_was_ever_published":false,"_jetpack_newsletter_access":"","_jetpack_dont_email_post_to_subs":false,"_jetpack_newsletter_tier_id":0,"_jetpack_memberships_contains_paywalled_content":false,"_jetpack_memberships_contains_paid_content":false,"footnotes":"","jetpack_publicize_message":"","jetpack_publicize_feature_enabled":true,"jetpack_social_post_already_shared":false,"jetpack_social_options":{"image_generator_settings":{"template":"highway","default_image_id":0,"font":"","enabled":false},"version":2}},"categories":[3],"tags":[148,482,10163,55,1072,54,10229,143,10499,481,10191],"class_list":["post-649","post","type-post","status-publish","format-standard","has-post-thumbnail","hentry","category-dpc","tag-a80","tag-drugstore","tag-elista","tag-etats-unis","tag-la-vie-a-deux","tag-michigan","tag-mur","tag-noir-et-blanc","tag-ombre","tag-sylvan-lake","tag-telephone"],"acf":[],"geo":{"latitude":42.6113243,"longitude":-83.3295822,"description":null},"jetpack_publicize_connections":[],"jetpack_featured_media_url":"https:\/\/www.wallendorff.com\/belogue\/wp-content\/uploads\/2015\/04\/382.jpg","jetpack_shortlink":"https:\/\/wp.me\/p3b35P-at","jetpack_sharing_enabled":true,"jetpack-related-posts":[{"id":855,"url":"https:\/\/www.wallendorff.com\/belogue\/2006\/12\/20\/elista-la-boule-noire-paris\/","url_meta":{"origin":649,"position":0},"title":"Elista @ la Boule Noire, Paris.","author":"dpc","date":"20 d\u00e9cembre 2006","format":false,"excerpt":"Finir dans les journaux r\u00e9veill\u00e9, La folie douce tendu, Mon ivresse (\u00c0 l'autoroute A3) survolt\u00e9... Si le c\u00f4t\u00e9 rock aiguis\u00e9 du deuxi\u00e8me album s\u00e9duisait sur disque, il arrache tout en live. Elista s'\u00e9nerve, enrage et \u00e9lectrise m\u00eame ses anciennes compos (La vie \u00e0 deux, D\u00e9\u00e7us du paradis). On passa par\u2026","rel":"","context":"Dans &quot;Alive&quot;","block_context":{"text":"Alive","link":"https:\/\/www.wallendorff.com\/belogue\/category\/alive\/"},"img":{"alt_text":"","src":"https:\/\/i0.wp.com\/www.wallendorff.com\/belogue\/wp-content\/uploads\/2015\/04\/200612201.jpg?resize=350%2C200&ssl=1","width":350,"height":200},"classes":[]},{"id":343,"url":"https:\/\/www.wallendorff.com\/belogue\/2005\/06\/15\/vous-pouvez-embraser-l-avarie\/","url_meta":{"origin":649,"position":1},"title":"Vous pouvez embraser l&rsquo;avari&eacute;.","author":"dpc","date":"15 juin 2005","format":false,"excerpt":"Rue Montorgueil, Paris, 6 juin. J'ai quand m\u00eame du mal \u00e0 concilier ma vie d'avant (celle qui finit tard) avec ma vie de maintenant (celle qui commence t\u00f4t). \"Du coup j'anticipais sur ma future fatigue, Les muscles ankylos\u00e9s1 qu'aucune envie n'irrigue.\" \u00a0Elista \u2013 La vie \u00e0 deux _____ 1 Et\u2026","rel":"","context":"Dans &quot;DPC&quot;","block_context":{"text":"DPC","link":"https:\/\/www.wallendorff.com\/belogue\/category\/dpc\/"},"img":{"alt_text":"","src":"https:\/\/i0.wp.com\/www.wallendorff.com\/belogue\/wp-content\/uploads\/2015\/04\/200506151.jpg?resize=350%2C200&ssl=1","width":350,"height":200},"classes":[]},{"id":18,"url":"https:\/\/www.wallendorff.com\/belogue\/2006\/11\/08\/souris-a-la-vie\/","url_meta":{"origin":649,"position":2},"title":"Souris [\u00c0 la vie].","author":"dpc","date":"8 novembre 2006","format":false,"excerpt":"Cat Power, le Grand Rex, Paris, 5 novembre. \u00a0Elista \u2013 Mon ivresse (\u00e0 l'autoroute A3)","rel":"","context":"Dans &quot;DPC&quot;","block_context":{"text":"DPC","link":"https:\/\/www.wallendorff.com\/belogue\/category\/dpc\/"},"img":{"alt_text":"","src":"https:\/\/i0.wp.com\/www.wallendorff.com\/belogue\/wp-content\/uploads\/2015\/04\/200611081.jpg?resize=350%2C200&ssl=1","width":350,"height":200},"classes":[]},{"id":899,"url":"https:\/\/www.wallendorff.com\/belogue\/2007\/02\/17\/elista-la-fleche-d-or-paris\/","url_meta":{"origin":649,"position":3},"title":"Elista @ la Fl\u00e8che d&rsquo;Or, Paris.","author":"dpc","date":"17 f\u00e9vrier 2007","format":false,"excerpt":"Le m\u00eame que la derni\u00e8re fois, mais avec un m\u00e9chant final de batterie sur Derri\u00e8re elle, des pogos un peu partout [c'est bien la premi\u00e8re fois que j'en vois pogoter sur Elista, tiens] et un featuring breton m\u00e9morable [et houblonn\u00e9] sur Debout. Le concert \u00e9tait enregistr\u00e9 par Radio N\u00e9o, en\u2026","rel":"","context":"Dans &quot;Alive&quot;","block_context":{"text":"Alive","link":"https:\/\/www.wallendorff.com\/belogue\/category\/alive\/"},"img":{"alt_text":"","src":"https:\/\/i0.wp.com\/www.wallendorff.com\/belogue\/wp-content\/uploads\/2015\/04\/200702171.jpg?resize=350%2C200&ssl=1","width":350,"height":200},"classes":[]},{"id":857,"url":"https:\/\/www.wallendorff.com\/belogue\/2006\/12\/22\/elista-ii\/","url_meta":{"origin":649,"position":4},"title":"Elista II.","author":"dpc","date":"22 d\u00e9cembre 2006","format":false,"excerpt":"\u00a0Cold War Kids \u2013 Red Wine, Success!","rel":"","context":"Dans &quot;Alive&quot;","block_context":{"text":"Alive","link":"https:\/\/www.wallendorff.com\/belogue\/category\/alive\/"},"img":{"alt_text":"","src":"https:\/\/i0.wp.com\/www.wallendorff.com\/belogue\/wp-content\/uploads\/2015\/04\/200612221.jpg?resize=350%2C200&ssl=1","width":350,"height":200,"srcset":"https:\/\/i0.wp.com\/www.wallendorff.com\/belogue\/wp-content\/uploads\/2015\/04\/200612221.jpg?resize=350%2C200&ssl=1 1x, https:\/\/i0.wp.com\/www.wallendorff.com\/belogue\/wp-content\/uploads\/2015\/04\/200612221.jpg?resize=525%2C300&ssl=1 1.5x, https:\/\/i0.wp.com\/www.wallendorff.com\/belogue\/wp-content\/uploads\/2015\/04\/200612221.jpg?resize=700%2C400&ssl=1 2x"},"classes":[]},{"id":814,"url":"https:\/\/www.wallendorff.com\/belogue\/2006\/10\/26\/elista-le-bataclan-paris\/","url_meta":{"origin":649,"position":5},"title":"Elista @ Le Bataclan, Paris.","author":"dpc","date":"26 octobre 2006","format":false,"excerpt":"Ils ont s\u00e9duit en premi\u00e8re partie de The Servant hier soir, ils sont sympas, ils ont fait un chouette album y a trois ans et un encore plus chouette y a trois jours et je vous les conseille parce que pour une fois qu'un groupe fran\u00e7ais est bien, hein, profitons-en.\u2026","rel":"","context":"Dans &quot;Alive&quot;","block_context":{"text":"Alive","link":"https:\/\/www.wallendorff.com\/belogue\/category\/alive\/"},"img":{"alt_text":"","src":"https:\/\/i0.wp.com\/www.wallendorff.com\/belogue\/wp-content\/uploads\/2015\/04\/200610261.jpg?resize=350%2C200&ssl=1","width":350,"height":200},"classes":[]}],"_links":{"self":[{"href":"https:\/\/www.wallendorff.com\/belogue\/wp-json\/wp\/v2\/posts\/649","targetHints":{"allow":["GET"]}}],"collection":[{"href":"https:\/\/www.wallendorff.com\/belogue\/wp-json\/wp\/v2\/posts"}],"about":[{"href":"https:\/\/www.wallendorff.com\/belogue\/wp-json\/wp\/v2\/types\/post"}],"author":[{"embeddable":true,"href":"https:\/\/www.wallendorff.com\/belogue\/wp-json\/wp\/v2\/users\/1"}],"replies":[{"embeddable":true,"href":"https:\/\/www.wallendorff.com\/belogue\/wp-json\/wp\/v2\/comments?post=649"}],"version-history":[{"count":1,"href":"https:\/\/www.wallendorff.com\/belogue\/wp-json\/wp\/v2\/posts\/649\/revisions"}],"predecessor-version":[{"id":18806,"href":"https:\/\/www.wallendorff.com\/belogue\/wp-json\/wp\/v2\/posts\/649\/revisions\/18806"}],"wp:featuredmedia":[{"embeddable":true,"href":"https:\/\/www.wallendorff.com\/belogue\/wp-json\/wp\/v2\/media\/24597"}],"wp:attachment":[{"href":"https:\/\/www.wallendorff.com\/belogue\/wp-json\/wp\/v2\/media?parent=649"}],"wp:term":[{"taxonomy":"category","embeddable":true,"href":"https:\/\/www.wallendorff.com\/belogue\/wp-json\/wp\/v2\/categories?post=649"},{"taxonomy":"post_tag","embeddable":true,"href":"https:\/\/www.wallendorff.com\/belogue\/wp-json\/wp\/v2\/tags?post=649"}],"curies":[{"name":"wp","href":"https:\/\/api.w.org\/{rel}","templated":true}]}}