{"id":646,"date":"2004-09-27T20:55:28","date_gmt":"2004-09-27T20:55:28","guid":{"rendered":"http:\/\/www.po-l.com\/wordpress\/?p=646"},"modified":"2012-09-01T12:42:31","modified_gmt":"2012-09-01T10:42:31","slug":"marches-a-l-ombre","status":"publish","type":"post","link":"https:\/\/www.wallendorff.com\/belogue\/2004\/09\/27\/marches-a-l-ombre\/","title":{"rendered":"Marches \u00e0 l&rsquo;ombre."},"content":{"rendered":"\n<div id=\"photo\">\n<p><img decoding=\"async\" src=\"https:\/\/www.wallendorff.com\/belogue\/photo\/2004\/09\/42.jpg\" \/><br \/>\n          Ruelle tagu\u00e9e, Ann Arbor, 25 septembre.<\/p>\n<\/p><\/div>\n<div id=\"bandeson\">\n<p><img decoding=\"async\" src=\"https:\/\/www.wallendorff.com\/belogue\/photo\/pochettes\/a\/auf_der_maur_melissa-auf_der_maur.jpg\" align=\"left\" \/>&nbsp;<a href=\"http:\/\/xmadmx.com\/\">Melissa Auf Der Maur<\/a> &ndash; <em>Followed the Waves<\/em><\/p>\n<\/div>\n","protected":false},"excerpt":{"rendered":"<p>Ruelle tagu\u00e9e, Ann Arbor, 25 septembre. &nbsp;Melissa Auf Der Maur &ndash; Followed the Waves<\/p>\n","protected":false},"author":1,"featured_media":24594,"comment_status":"open","ping_status":"open","sticky":false,"template":"","format":"standard","meta":{"_acf_changed":false,"ngg_post_thumbnail":0,"jetpack_post_was_ever_published":false,"_jetpack_newsletter_access":"","_jetpack_dont_email_post_to_subs":false,"_jetpack_newsletter_tier_id":0,"_jetpack_memberships_contains_paywalled_content":false,"_jetpack_memberships_contains_paid_content":false,"footnotes":"","jetpack_publicize_message":"","jetpack_publicize_feature_enabled":true,"jetpack_social_post_already_shared":false,"jetpack_social_options":{"image_generator_settings":{"template":"highway","default_image_id":0,"font":"","enabled":false},"version":2}},"categories":[3],"tags":[148,62,10210,55,368,10668,10149,54,10158,164],"class_list":["post-646","post","type-post","status-publish","format-standard","has-post-thumbnail","hentry","category-dpc","tag-a80","tag-ann-arbor","tag-escalier","tag-etats-unis","tag-followed-the-waves","tag-graffiti","tag-melissa-auf-der-maur","tag-michigan","tag-ruelle","tag-urbain"],"acf":[],"geo":{"latitude":42.2796288,"longitude":-83.7422028,"description":null},"jetpack_publicize_connections":[],"jetpack_featured_media_url":"https:\/\/www.wallendorff.com\/belogue\/wp-content\/uploads\/2015\/04\/424.jpg","jetpack_shortlink":"https:\/\/wp.me\/p3b35P-aq","jetpack_sharing_enabled":true,"jetpack-related-posts":[{"id":7370,"url":"https:\/\/www.wallendorff.com\/belogue\/2010\/04\/12\/melissa-auf-der-maur-la-fleche-dor-paris\/","url_meta":{"origin":646,"position":0},"title":"Melissa Auf der Maur @ la Fl\u00e8che d&rsquo;Or, Paris","author":"dpc","date":"12 avril 2010","format":false,"excerpt":"\u00c7a fait toujours bizarre de retrouver ici des artistes qu'on avait pas vus depuis l\u00e0\u00a0; surtout quand le l\u00e0 en question fut la remorque d'un camion partag\u00e9e avec Muse sur le fond d'un parking de Clarkston, Michigan, il y a bien longtemps. Tellement longtemps, en fait, que maintenant que ses\u2026","rel":"","context":"Dans &quot;Alive&quot;","block_context":{"text":"Alive","link":"https:\/\/www.wallendorff.com\/belogue\/category\/alive\/"},"img":{"alt_text":"","src":"https:\/\/i0.wp.com\/www.wallendorff.com\/belogue\/wp-content\/uploads\/2015\/04\/201004121.jpg?resize=350%2C200&ssl=1","width":350,"height":200,"srcset":"https:\/\/i0.wp.com\/www.wallendorff.com\/belogue\/wp-content\/uploads\/2015\/04\/201004121.jpg?resize=350%2C200&ssl=1 1x, https:\/\/i0.wp.com\/www.wallendorff.com\/belogue\/wp-content\/uploads\/2015\/04\/201004121.jpg?resize=525%2C300&ssl=1 1.5x, https:\/\/i0.wp.com\/www.wallendorff.com\/belogue\/wp-content\/uploads\/2015\/04\/201004121.jpg?resize=700%2C400&ssl=1 2x"},"classes":[]},{"id":615,"url":"https:\/\/www.wallendorff.com\/belogue\/2004\/10\/14\/poteau-graphie\/","url_meta":{"origin":646,"position":1},"title":"Poteau-graphie.","author":"dpc","date":"14 octobre 2004","format":false,"excerpt":"Ann Arbor. \u00a0Lamb \u2014 Gabriel","rel":"","context":"Dans &quot;DPC&quot;","block_context":{"text":"DPC","link":"https:\/\/www.wallendorff.com\/belogue\/category\/dpc\/"},"img":{"alt_text":"","src":"https:\/\/i0.wp.com\/www.wallendorff.com\/belogue\/wp-content\/uploads\/2015\/04\/225.jpg?resize=350%2C200&ssl=1","width":350,"height":200},"classes":[]},{"id":574,"url":"https:\/\/www.wallendorff.com\/belogue\/2004\/11\/17\/tant-de-temps-d-attente-d-atteintes-de-buts-zut\/","url_meta":{"origin":646,"position":2},"title":"Tant de temps d&rsquo;attente d&rsquo;atteintes de buts. Zut.","author":"dpc","date":"17 novembre 2004","format":false,"excerpt":"Ann Arbor, 3 novembre 2004. Bande-son\u00a0: Henri Leconte \u2013 Killing an Arab (The Cure cover) (Mais QUI lui a donn\u00e9 ce micro\u00a0?)","rel":"","context":"Dans &quot;DPC&quot;","block_context":{"text":"DPC","link":"https:\/\/www.wallendorff.com\/belogue\/category\/dpc\/"},"img":{"alt_text":"","src":"https:\/\/i0.wp.com\/www.wallendorff.com\/belogue\/wp-content\/uploads\/2015\/04\/486.jpg?resize=350%2C200&ssl=1","width":350,"height":200},"classes":[]},{"id":583,"url":"https:\/\/www.wallendorff.com\/belogue\/2004\/11\/12\/j-oubliais-2\/","url_meta":{"origin":646,"position":3},"title":"J&rsquo;oubliais.","author":"dpc","date":"12 novembre 2004","format":false,"excerpt":"Ann Arbor, 3 novembre 2004. Avec tout \u00e7a, j'ai omis de f\u00e9liciter Monsieur John Kerry pour sa brillante \u00e9lection au poste de Pr\u00e9sident de l'\u00c9tat-Uni du Michigan. Mes respects, Monsieur le Pr\u00e9sident. \u00a0 (On se console comme on peut, hein.) \u00a0Keane \u2014 Somewhere Only We Know","rel":"","context":"Dans &quot;DPC&quot;","block_context":{"text":"DPC","link":"https:\/\/www.wallendorff.com\/belogue\/category\/dpc\/"},"img":{"alt_text":"","src":"https:\/\/i0.wp.com\/www.wallendorff.com\/belogue\/wp-content\/uploads\/2015\/04\/323.jpg?resize=350%2C200&ssl=1","width":350,"height":200},"classes":[]},{"id":4393,"url":"https:\/\/www.wallendorff.com\/belogue\/2009\/07\/23\/jauni-alley-day\/","url_meta":{"origin":646,"position":4},"title":"Jauni Alley Day.","author":"dpc","date":"23 juillet 2009","format":false,"excerpt":"Liberty Street, Ann Arbor, 2 mai. TV on the Radio \u2013 Young Liars H\u00e9h\u00e9h\u00e9.","rel":"","context":"Dans &quot;DPC&quot;","block_context":{"text":"DPC","link":"https:\/\/www.wallendorff.com\/belogue\/category\/dpc\/"},"img":{"alt_text":"","src":"https:\/\/i0.wp.com\/www.wallendorff.com\/belogue\/wp-content\/uploads\/2015\/04\/200907231.jpg?resize=350%2C200&ssl=1","width":350,"height":200},"classes":[]},{"id":590,"url":"https:\/\/www.wallendorff.com\/belogue\/2004\/11\/09\/le-retour-duroie\/","url_meta":{"origin":646,"position":5},"title":"Le retour duroie.","author":"dpc","date":"9 novembre 2004","format":false,"excerpt":"Back in business. Des photos demain. \u00a0Yeah Yeah Yeahs \u2013 Date with the Night","rel":"","context":"Dans &quot;DPC&quot;","block_context":{"text":"DPC","link":"https:\/\/www.wallendorff.com\/belogue\/category\/dpc\/"},"img":{"alt_text":"","src":"https:\/\/i0.wp.com\/www.wallendorff.com\/belogue\/wp-content\/uploads\/2015\/04\/056.jpg?resize=350%2C200&ssl=1","width":350,"height":200},"classes":[]}],"_links":{"self":[{"href":"https:\/\/www.wallendorff.com\/belogue\/wp-json\/wp\/v2\/posts\/646","targetHints":{"allow":["GET"]}}],"collection":[{"href":"https:\/\/www.wallendorff.com\/belogue\/wp-json\/wp\/v2\/posts"}],"about":[{"href":"https:\/\/www.wallendorff.com\/belogue\/wp-json\/wp\/v2\/types\/post"}],"author":[{"embeddable":true,"href":"https:\/\/www.wallendorff.com\/belogue\/wp-json\/wp\/v2\/users\/1"}],"replies":[{"embeddable":true,"href":"https:\/\/www.wallendorff.com\/belogue\/wp-json\/wp\/v2\/comments?post=646"}],"version-history":[{"count":1,"href":"https:\/\/www.wallendorff.com\/belogue\/wp-json\/wp\/v2\/posts\/646\/revisions"}],"predecessor-version":[{"id":18859,"href":"https:\/\/www.wallendorff.com\/belogue\/wp-json\/wp\/v2\/posts\/646\/revisions\/18859"}],"wp:featuredmedia":[{"embeddable":true,"href":"https:\/\/www.wallendorff.com\/belogue\/wp-json\/wp\/v2\/media\/24594"}],"wp:attachment":[{"href":"https:\/\/www.wallendorff.com\/belogue\/wp-json\/wp\/v2\/media?parent=646"}],"wp:term":[{"taxonomy":"category","embeddable":true,"href":"https:\/\/www.wallendorff.com\/belogue\/wp-json\/wp\/v2\/categories?post=646"},{"taxonomy":"post_tag","embeddable":true,"href":"https:\/\/www.wallendorff.com\/belogue\/wp-json\/wp\/v2\/tags?post=646"}],"curies":[{"name":"wp","href":"https:\/\/api.w.org\/{rel}","templated":true}]}}