{"id":644,"date":"2004-09-29T17:10:01","date_gmt":"2004-09-29T17:10:01","guid":{"rendered":"http:\/\/www.po-l.com\/wordpress\/?p=644"},"modified":"2012-09-01T12:43:56","modified_gmt":"2012-09-01T10:43:56","slug":"ne-pas-prendre-de-vinci-pour-une-lanterne","status":"publish","type":"post","link":"https:\/\/www.wallendorff.com\/belogue\/2004\/09\/29\/ne-pas-prendre-de-vinci-pour-une-lanterne\/","title":{"rendered":"Ne pas prendre De Vinci pour une lanterne."},"content":{"rendered":"\n<div id=\"photo\">\n<p><img decoding=\"async\" src=\"https:\/\/www.wallendorff.com\/belogue\/photo\/2004\/09\/45.jpg\" \/><br \/>\n          (Le titre a rien \u00e0 voir, je sais.)<\/p>\n<\/p><\/div>\n<div id=\"bandeson\">\n<p><img decoding=\"async\" src=\"https:\/\/www.wallendorff.com\/belogue\/photo\/pochettes\/m\/massive_attack-blue_lines.jpg\" align=\"left\" \/>&nbsp;<a href=\"http:\/\/www.massiveattack.com\/\">Massive Attack<\/a> &ndash; <em>Unfinished Sympathy<\/em><\/p>\n<\/div>\n","protected":false},"excerpt":{"rendered":"<p>(Le titre a rien \u00e0 voir, je sais.) &nbsp;Massive Attack &ndash; Unfinished Sympathy<\/p>\n","protected":false},"author":1,"featured_media":24593,"comment_status":"open","ping_status":"open","sticky":false,"template":"","format":"standard","meta":{"_acf_changed":false,"ngg_post_thumbnail":0,"jetpack_post_was_ever_published":false,"_jetpack_newsletter_access":"","_jetpack_dont_email_post_to_subs":false,"_jetpack_newsletter_tier_id":0,"_jetpack_memberships_contains_paywalled_content":false,"_jetpack_memberships_contains_paid_content":false,"footnotes":"","jetpack_publicize_message":"","jetpack_publicize_feature_enabled":true,"jetpack_social_post_already_shared":false,"jetpack_social_options":{"image_generator_settings":{"template":"highway","default_image_id":0,"font":"","enabled":false},"version":2}},"categories":[3],"tags":[148,499,55,10278,10168,54,10147,500],"class_list":["post-644","post","type-post","status-publish","format-standard","has-post-thumbnail","hentry","category-dpc","tag-a80","tag-birmingham","tag-etats-unis","tag-lampadaire","tag-massive-attack","tag-michigan","tag-nuit","tag-unfinished-sympathy"],"acf":[],"geo":null,"jetpack_publicize_connections":[],"jetpack_featured_media_url":"https:\/\/www.wallendorff.com\/belogue\/wp-content\/uploads\/2015\/04\/455.jpg","jetpack_shortlink":"https:\/\/wp.me\/p3b35P-ao","jetpack_sharing_enabled":true,"jetpack-related-posts":[{"id":16487,"url":"https:\/\/www.wallendorff.com\/belogue\/2012\/03\/22\/lucarnes-aval1\/","url_meta":{"origin":644,"position":0},"title":"Lucarnes aval1.","author":"dpc","date":"22 mars 2012","format":false,"excerpt":"Parvis des droits de l'homme, Paris, 2 f\u00e9vrier. \u00c7a se voit pas dessus, mais j'avais pas eu aussi froid en prenant une photo depuis les bus de Macomb. Et puisqu'il faut bien le noter quelque part\u00a0: cette nuit j'ai r\u00eav\u00e9 qu'un bracelet mal\u00e9fique \u2013\u00a0du genre de celui qui pi\u00e8ge le\u2026","rel":"","context":"Dans &quot;DPC&quot;","block_context":{"text":"DPC","link":"https:\/\/www.wallendorff.com\/belogue\/category\/dpc\/"},"img":{"alt_text":"","src":"https:\/\/i0.wp.com\/www.wallendorff.com\/belogue\/wp-content\/uploads\/2015\/04\/201203221.jpg?resize=350%2C200&ssl=1","width":350,"height":200,"srcset":"https:\/\/i0.wp.com\/www.wallendorff.com\/belogue\/wp-content\/uploads\/2015\/04\/201203221.jpg?resize=350%2C200&ssl=1 1x, https:\/\/i0.wp.com\/www.wallendorff.com\/belogue\/wp-content\/uploads\/2015\/04\/201203221.jpg?resize=525%2C300&ssl=1 1.5x, https:\/\/i0.wp.com\/www.wallendorff.com\/belogue\/wp-content\/uploads\/2015\/04\/201203221.jpg?resize=700%2C400&ssl=1 2x"},"classes":[]},{"id":40242,"url":"https:\/\/www.wallendorff.com\/belogue\/2018\/10\/19\/ruelle-no-3-203\/","url_meta":{"origin":644,"position":1},"title":"Ruelle no 3&nbsp;203.","author":"dpc","date":"19 octobre 2018","format":false,"excerpt":"M\u00e9dina de F\u00e8s, 9 ao\u00fbt 2018. Gimme Sympathy (live) Metric","rel":"","context":"Dans &quot;DPC&quot;","block_context":{"text":"DPC","link":"https:\/\/www.wallendorff.com\/belogue\/category\/dpc\/"},"img":{"alt_text":"","src":"https:\/\/i0.wp.com\/www.wallendorff.com\/belogue\/wp-content\/uploads\/2018\/10\/20181019.jpg?resize=350%2C200&ssl=1","width":350,"height":200,"srcset":"https:\/\/i0.wp.com\/www.wallendorff.com\/belogue\/wp-content\/uploads\/2018\/10\/20181019.jpg?resize=350%2C200&ssl=1 1x, https:\/\/i0.wp.com\/www.wallendorff.com\/belogue\/wp-content\/uploads\/2018\/10\/20181019.jpg?resize=525%2C300&ssl=1 1.5x, https:\/\/i0.wp.com\/www.wallendorff.com\/belogue\/wp-content\/uploads\/2018\/10\/20181019.jpg?resize=700%2C400&ssl=1 2x, https:\/\/i0.wp.com\/www.wallendorff.com\/belogue\/wp-content\/uploads\/2018\/10\/20181019.jpg?resize=1050%2C600&ssl=1 3x"},"classes":[]},{"id":699,"url":"https:\/\/www.wallendorff.com\/belogue\/2004\/08\/14\/i-m-a-freak\/","url_meta":{"origin":644,"position":2},"title":"I&rsquo;m a freak.","author":"dpc","date":"14 ao\u00fbt 2004","format":false,"excerpt":"(photo Alain Dister) Je passe mon samedi apr\u00e8s-midi dans le noir \u00e0 lire des interviews de Robert Smith. Et le pire, c'est que j'aime \u00e7a. \u00a0Massive Attack \u2013 Teardrop","rel":"","context":"Dans &quot;DPC&quot;","block_context":{"text":"DPC","link":"https:\/\/www.wallendorff.com\/belogue\/category\/dpc\/"},"img":{"alt_text":"","src":"https:\/\/i0.wp.com\/www.wallendorff.com\/belogue\/wp-content\/uploads\/2015\/04\/495.jpg?resize=350%2C200&ssl=1","width":350,"height":200},"classes":[]},{"id":1059,"url":"https:\/\/www.wallendorff.com\/belogue\/2007\/10\/16\/spots-hauts-roses\/","url_meta":{"origin":644,"position":3},"title":"Spots hauts roses.","author":"dpc","date":"16 octobre 2007","format":false,"excerpt":"Maison de la Radio, Paris, 17 septembre. Mais forc\u00e9ment, en noir et blanc \u00e7a donne \u00ab\u00a0Spots hauts blancs\u00a0\u00bb, ce qui est ma foi fort super moins dr\u00f4le. ... Ou alors aurais-je pu m'en tirer en supposant que les luminaires ci-dessus seraient tout de fer faits, permettant un \u00ab\u00a0Spots iron\u00a0\u00bb de\u2026","rel":"","context":"Dans &quot;DPC&quot;","block_context":{"text":"DPC","link":"https:\/\/www.wallendorff.com\/belogue\/category\/dpc\/"},"img":{"alt_text":"","src":"https:\/\/i0.wp.com\/www.wallendorff.com\/belogue\/wp-content\/uploads\/2015\/04\/20071016.jpg?resize=350%2C200&ssl=1","width":350,"height":200},"classes":[]},{"id":1170,"url":"https:\/\/www.wallendorff.com\/belogue\/2008\/02\/25\/jos-gonzlez-la-cigale-paris\/","url_meta":{"origin":644,"position":4},"title":"Jos\u00e9 Gonz\u00e1lez @ la Cigale, Paris.","author":"dpc","date":"25 f\u00e9vrier 2008","format":false,"excerpt":"Derri\u00e8re la premi\u00e8re partie prometteuse \u2013\u00a0mais g\u00e2ch\u00e9e par un son de basse pourri\u00a0\u2013 de Caribou, Jos\u00e9 Gonz\u00e1lez s\u2019approprie la Cigale enti\u00e8re d\u00e8s que le rideau rouge du th\u00e9\u00e2tre s\u2019ouvre sur lui. Assis au milieu de la sc\u00e8ne comme Ben Harper l\u2019aurait fait, le songwriter d\u00e9roule devant une toile de fond\u2026","rel":"","context":"Dans &quot;Alive&quot;","block_context":{"text":"Alive","link":"https:\/\/www.wallendorff.com\/belogue\/category\/alive\/"},"img":{"alt_text":"","src":"https:\/\/i0.wp.com\/www.wallendorff.com\/belogue\/wp-content\/uploads\/2015\/04\/200802251.jpg?resize=350%2C200&ssl=1","width":350,"height":200},"classes":[]},{"id":31830,"url":"https:\/\/www.wallendorff.com\/belogue\/2016\/07\/28\/paleo-festival-2016-jour-3\/","url_meta":{"origin":644,"position":5},"title":"Pal\u00e9o Festival 2016, jour 3.","author":"dpc","date":"28 juillet 2016","format":false,"excerpt":"L'int\u00e9gralit\u00e9 des photos est disponible sur ce lien.","rel":"","context":"Dans &quot;Alive&quot;","block_context":{"text":"Alive","link":"https:\/\/www.wallendorff.com\/belogue\/category\/alive\/"},"img":{"alt_text":"","src":"https:\/\/i0.wp.com\/www.wallendorff.com\/belogue\/wp-content\/uploads\/2016\/07\/20160728-06-1.jpg?resize=350%2C200&ssl=1","width":350,"height":200,"srcset":"https:\/\/i0.wp.com\/www.wallendorff.com\/belogue\/wp-content\/uploads\/2016\/07\/20160728-06-1.jpg?resize=350%2C200&ssl=1 1x, https:\/\/i0.wp.com\/www.wallendorff.com\/belogue\/wp-content\/uploads\/2016\/07\/20160728-06-1.jpg?resize=525%2C300&ssl=1 1.5x, https:\/\/i0.wp.com\/www.wallendorff.com\/belogue\/wp-content\/uploads\/2016\/07\/20160728-06-1.jpg?resize=700%2C400&ssl=1 2x"},"classes":[]}],"_links":{"self":[{"href":"https:\/\/www.wallendorff.com\/belogue\/wp-json\/wp\/v2\/posts\/644","targetHints":{"allow":["GET"]}}],"collection":[{"href":"https:\/\/www.wallendorff.com\/belogue\/wp-json\/wp\/v2\/posts"}],"about":[{"href":"https:\/\/www.wallendorff.com\/belogue\/wp-json\/wp\/v2\/types\/post"}],"author":[{"embeddable":true,"href":"https:\/\/www.wallendorff.com\/belogue\/wp-json\/wp\/v2\/users\/1"}],"replies":[{"embeddable":true,"href":"https:\/\/www.wallendorff.com\/belogue\/wp-json\/wp\/v2\/comments?post=644"}],"version-history":[{"count":1,"href":"https:\/\/www.wallendorff.com\/belogue\/wp-json\/wp\/v2\/posts\/644\/revisions"}],"predecessor-version":[{"id":18860,"href":"https:\/\/www.wallendorff.com\/belogue\/wp-json\/wp\/v2\/posts\/644\/revisions\/18860"}],"wp:featuredmedia":[{"embeddable":true,"href":"https:\/\/www.wallendorff.com\/belogue\/wp-json\/wp\/v2\/media\/24593"}],"wp:attachment":[{"href":"https:\/\/www.wallendorff.com\/belogue\/wp-json\/wp\/v2\/media?parent=644"}],"wp:term":[{"taxonomy":"category","embeddable":true,"href":"https:\/\/www.wallendorff.com\/belogue\/wp-json\/wp\/v2\/categories?post=644"},{"taxonomy":"post_tag","embeddable":true,"href":"https:\/\/www.wallendorff.com\/belogue\/wp-json\/wp\/v2\/tags?post=644"}],"curies":[{"name":"wp","href":"https:\/\/api.w.org\/{rel}","templated":true}]}}