{"id":6419,"date":"2010-02-01T09:45:49","date_gmt":"2010-02-01T08:45:49","guid":{"rendered":"http:\/\/www.po-l.com\/belogue\/?p=6419"},"modified":"2012-01-23T12:50:54","modified_gmt":"2012-01-23T10:50:54","slug":"ces-lieux-longs-de-clefs-ont-patres","status":"publish","type":"post","link":"https:\/\/www.wallendorff.com\/belogue\/2010\/02\/01\/ces-lieux-longs-de-clefs-ont-patres\/","title":{"rendered":"Ces lieux longs de clefs ont p\u00e2tres."},"content":{"rendered":"<div id=\"photo\">\n<p><img decoding=\"async\" src=\"https:\/\/www.wallendorff.com\/belogue\/photo\/2010\/02\/20100201.jpg\" \/><br \/>\n  Mus&eacute;es de la Cour d&rsquo;Or, Metz, 28 d&eacute;cembre 2009.<\/p>\n<\/div>\n<div id=\"bandeson\">\n<p><img decoding=\"async\" src=\"https:\/\/www.wallendorff.com\/belogue\/photo\/pochettes\/i\/im_from_barcelona-silence.jpg\" align=\"left\" \/>&nbsp;<a href=\"http:\/\/www.imfrombarcelona.com\/\">I&rsquo;m from Barcelona<\/a> &ndash; <em>Silence<\/em> (David Ljung)<\/p>\n<\/div>\n<p style=\"text-align:right\">N&rsquo;oubliez pas que <a href=\"http:\/\/www.imfrombarcelona.com\/?page_id=1164\">ce truc-l&agrave;<\/a> continue jusqu&rsquo;au 22 f&eacute;vrier, hein.<\/p>\n","protected":false},"excerpt":{"rendered":"<p>Mus&eacute;es de la Cour d&rsquo;Or, Metz, 28 d&eacute;cembre 2009. &nbsp;I&rsquo;m from Barcelona &ndash; Silence (David Ljung) N&rsquo;oubliez pas que ce truc-l&agrave; continue jusqu&rsquo;au 22 f&eacute;vrier, hein.<\/p>\n","protected":false},"author":1,"featured_media":25675,"comment_status":"open","ping_status":"open","sticky":false,"template":"","format":"standard","meta":{"_acf_changed":false,"ngg_post_thumbnail":0,"jetpack_post_was_ever_published":false,"_jetpack_newsletter_access":"","_jetpack_dont_email_post_to_subs":false,"_jetpack_newsletter_tier_id":0,"_jetpack_memberships_contains_paywalled_content":false,"_jetpack_memberships_contains_paid_content":false,"footnotes":"","jetpack_publicize_message":"","jetpack_publicize_feature_enabled":true,"jetpack_social_post_already_shared":false,"jetpack_social_options":{"image_generator_settings":{"template":"highway","default_image_id":0,"font":"","enabled":false},"version":2}},"categories":[3],"tags":[2571,2615,10210,10120,10431,10175,10173,10174,10232,3418,143,2145],"class_list":["post-6419","post","type-post","status-publish","format-standard","has-post-thumbnail","hentry","category-dpc","tag-ef-16-35-mm-f28l-ii-usm","tag-eos-5d-mark-ii","tag-escalier","tag-france","tag-im-from-barcelona","tag-lorraine","tag-metz","tag-moselle","tag-musee","tag-musees-de-la-cour-dor","tag-noir-et-blanc","tag-silence"],"acf":[],"geo":{"latitude":49.1214333,"longitude":6.178616,"description":"1-5 Rue Ch\u00e8vremont, 57000 Metz, France"},"jetpack_publicize_connections":[],"jetpack_featured_media_url":"https:\/\/www.wallendorff.com\/belogue\/wp-content\/uploads\/2015\/04\/201002011.jpg","jetpack_shortlink":"https:\/\/wp.me\/p3b35P-1Fx","jetpack_sharing_enabled":true,"jetpack-related-posts":[{"id":353,"url":"https:\/\/www.wallendorff.com\/belogue\/2005\/06\/05\/monsieur-l-ascenceur-bonsoir\/","url_meta":{"origin":6419,"position":0},"title":"Monsieur l&rsquo;ascenseur, bonsoir.","author":"dpc","date":"5 juin 2005","format":false,"excerpt":"Impasse St-Jean, Metz, 27 mai. Courtoisie n.f. (de cour et toit) Concept consistant \u00e0 entrer dans une cour, lever le nez b\u00eatement en faisant quelques pas en tournant sur soi-m\u00eame, pour finalement prendre en photo des bouts de toits. [Le Secret Machines parce qu'\u00e0 chaque fois que je l'entends,\u00a0il me\u2026","rel":"","context":"Dans &quot;DPC&quot;","block_context":{"text":"DPC","link":"https:\/\/www.wallendorff.com\/belogue\/category\/dpc\/"},"img":{"alt_text":"","src":"https:\/\/i0.wp.com\/www.wallendorff.com\/belogue\/wp-content\/uploads\/2015\/04\/200506051.jpg?resize=350%2C200&ssl=1","width":350,"height":200,"srcset":"https:\/\/i0.wp.com\/www.wallendorff.com\/belogue\/wp-content\/uploads\/2015\/04\/200506051.jpg?resize=350%2C200&ssl=1 1x, https:\/\/i0.wp.com\/www.wallendorff.com\/belogue\/wp-content\/uploads\/2015\/04\/200506051.jpg?resize=525%2C300&ssl=1 1.5x, https:\/\/i0.wp.com\/www.wallendorff.com\/belogue\/wp-content\/uploads\/2015\/04\/200506051.jpg?resize=700%2C400&ssl=1 2x"},"classes":[]},{"id":3793,"url":"https:\/\/www.wallendorff.com\/belogue\/2009\/01\/13\/tell-me-what-she-looks-like-ill-tell-you-what-road-shes-on\/","url_meta":{"origin":6419,"position":1},"title":"Tell me what she looks like I&rsquo;ll tell you what road she&rsquo;s on.","author":"dpc","date":"13 janvier 2009","format":false,"excerpt":"Temple Neuf, Metz, 29 d\u00e9cembre 2008. The White Stripes \u2013 Lord, Send Me an Angel (Blind Willie McTell cover)","rel":"","context":"Dans &quot;DPC&quot;","block_context":{"text":"DPC","link":"https:\/\/www.wallendorff.com\/belogue\/category\/dpc\/"},"img":{"alt_text":"","src":"https:\/\/i0.wp.com\/www.wallendorff.com\/belogue\/wp-content\/uploads\/2015\/04\/200901131.jpg?resize=350%2C200&ssl=1","width":350,"height":200},"classes":[]},{"id":3799,"url":"https:\/\/www.wallendorff.com\/belogue\/2009\/01\/15\/la-theo-rit-du-con-plot\/","url_meta":{"origin":6419,"position":2},"title":"L\u00e0, Th\u00e9o rit du con plot.","author":"dpc","date":"15 janvier 2009","format":false,"excerpt":"Rue Taison, Metz, 29 d\u00e9cembre 2008. Waw, 255 notes sans poster un titre de Howl, y a des jours o\u00f9 je m'\u00e9tonne. Black Rebel Motorcycle Club \u2013 Open Invitation Ah oui, et \u00e7a quand m\u00eame. Enfin bon, avant de me gausser, il faudrait penser \u00e0 \u00ab\u00a0r\u00e9aliser parmi les meilleurs portraits\u2026","rel":"","context":"Dans &quot;DPC&quot;","block_context":{"text":"DPC","link":"https:\/\/www.wallendorff.com\/belogue\/category\/dpc\/"},"img":{"alt_text":"","src":"https:\/\/i0.wp.com\/www.wallendorff.com\/belogue\/wp-content\/uploads\/2015\/04\/200901151.jpg?resize=350%2C200&ssl=1","width":350,"height":200},"classes":[]},{"id":47097,"url":"https:\/\/www.wallendorff.com\/belogue\/2020\/10\/31\/octobre-2020\/","url_meta":{"origin":6419,"position":3},"title":"Octobre 2020.","author":"dpc","date":"31 octobre 2020","format":false,"excerpt":"Un chat pr\u00e9nomm\u00e9 Boustroph\u00e9don, un cr\u00e9puscule, une autoroute, une fen\u00eatre, un chat pr\u00e9nomm\u00e9 Gretzky, un ciel, une autoroute, un anniversaire, un m\u00e9tro, un ap\u00e9ro, un chat pr\u00e9nomm\u00e9 Casse-toi-de-mon-jardin, du silence, un m\u00e9tro, un chat intitul\u00e9 Boustroph\u00e9don, un porteur de matelas, un bar ferm\u00e9, un caf\u00e9 ferm\u00e9, un couple assorti, un\u2026","rel":"","context":"Dans &quot;Blog-note&quot;","block_context":{"text":"Blog-note","link":"https:\/\/www.wallendorff.com\/belogue\/category\/blog-note\/"},"img":{"alt_text":"","src":"https:\/\/i0.wp.com\/www.wallendorff.com\/belogue\/wp-content\/uploads\/2020\/11\/20201116-20.jpg?resize=350%2C200&ssl=1","width":350,"height":200,"srcset":"https:\/\/i0.wp.com\/www.wallendorff.com\/belogue\/wp-content\/uploads\/2020\/11\/20201116-20.jpg?resize=350%2C200&ssl=1 1x, https:\/\/i0.wp.com\/www.wallendorff.com\/belogue\/wp-content\/uploads\/2020\/11\/20201116-20.jpg?resize=525%2C300&ssl=1 1.5x, https:\/\/i0.wp.com\/www.wallendorff.com\/belogue\/wp-content\/uploads\/2020\/11\/20201116-20.jpg?resize=700%2C400&ssl=1 2x, https:\/\/i0.wp.com\/www.wallendorff.com\/belogue\/wp-content\/uploads\/2020\/11\/20201116-20.jpg?resize=1050%2C600&ssl=1 3x"},"classes":[]},{"id":7769,"url":"https:\/\/www.wallendorff.com\/belogue\/2010\/06\/28\/gros-ridant-lapre-hument\/","url_meta":{"origin":6419,"position":4},"title":"Gros ridant l&rsquo;\u00e2pre hument.","author":"dpc","date":"28 juin 2010","format":false,"excerpt":"Centre Pompidou-Metz, Metz, 23 mai. Lundi, tout \u00e7a. Encore une moiti\u00e9 d'ann\u00e9e en moins, encore pas vu passer. La routine, quoi. \u00a0Nada Surf \u2013 Enjoy the Silence (Depeche Mode cover)","rel":"","context":"Dans &quot;DPC&quot;","block_context":{"text":"DPC","link":"https:\/\/www.wallendorff.com\/belogue\/category\/dpc\/"},"img":{"alt_text":"","src":"https:\/\/i0.wp.com\/www.wallendorff.com\/belogue\/wp-content\/uploads\/2015\/04\/201006281.jpg?resize=350%2C200&ssl=1","width":350,"height":200},"classes":[]},{"id":3404,"url":"https:\/\/www.wallendorff.com\/belogue\/2008\/09\/08\/lit-lit-lit\/","url_meta":{"origin":6419,"position":5},"title":"Lit lit lit.","author":"dpc","date":"8 septembre 2008","format":false,"excerpt":"Cour carr\u00e9e du Louvre, Paris, 6 ao\u00fbt. The Veils \u2013 Drive (R.E.M. cover) \u2013 (Drive XV) C'est quand m\u00eame chouette de faire dans le dynamique motivant d\u00e8s le lundi matin.","rel":"","context":"Dans &quot;DPC&quot;","block_context":{"text":"DPC","link":"https:\/\/www.wallendorff.com\/belogue\/category\/dpc\/"},"img":{"alt_text":"","src":"https:\/\/i0.wp.com\/www.wallendorff.com\/belogue\/wp-content\/uploads\/2015\/04\/200809081.jpg?resize=350%2C200&ssl=1","width":350,"height":200},"classes":[]}],"_links":{"self":[{"href":"https:\/\/www.wallendorff.com\/belogue\/wp-json\/wp\/v2\/posts\/6419","targetHints":{"allow":["GET"]}}],"collection":[{"href":"https:\/\/www.wallendorff.com\/belogue\/wp-json\/wp\/v2\/posts"}],"about":[{"href":"https:\/\/www.wallendorff.com\/belogue\/wp-json\/wp\/v2\/types\/post"}],"author":[{"embeddable":true,"href":"https:\/\/www.wallendorff.com\/belogue\/wp-json\/wp\/v2\/users\/1"}],"replies":[{"embeddable":true,"href":"https:\/\/www.wallendorff.com\/belogue\/wp-json\/wp\/v2\/comments?post=6419"}],"version-history":[{"count":1,"href":"https:\/\/www.wallendorff.com\/belogue\/wp-json\/wp\/v2\/posts\/6419\/revisions"}],"predecessor-version":[{"id":15487,"href":"https:\/\/www.wallendorff.com\/belogue\/wp-json\/wp\/v2\/posts\/6419\/revisions\/15487"}],"wp:featuredmedia":[{"embeddable":true,"href":"https:\/\/www.wallendorff.com\/belogue\/wp-json\/wp\/v2\/media\/25675"}],"wp:attachment":[{"href":"https:\/\/www.wallendorff.com\/belogue\/wp-json\/wp\/v2\/media?parent=6419"}],"wp:term":[{"taxonomy":"category","embeddable":true,"href":"https:\/\/www.wallendorff.com\/belogue\/wp-json\/wp\/v2\/categories?post=6419"},{"taxonomy":"post_tag","embeddable":true,"href":"https:\/\/www.wallendorff.com\/belogue\/wp-json\/wp\/v2\/tags?post=6419"}],"curies":[{"name":"wp","href":"https:\/\/api.w.org\/{rel}","templated":true}]}}