{"id":638,"date":"2006-08-16T23:02:36","date_gmt":"2006-08-16T23:02:36","guid":{"rendered":"http:\/\/www.po-l.com\/wordpress\/?p=638"},"modified":"2012-05-30T09:41:09","modified_gmt":"2012-05-30T07:41:09","slug":"quai-qu-est-cake-est","status":"publish","type":"post","link":"https:\/\/www.wallendorff.com\/belogue\/2006\/08\/16\/quai-qu-est-cake-est\/","title":{"rendered":"Quai qu&rsquo;est cake, est."},"content":{"rendered":"<div id=\"photo\">\n<p><img decoding=\"async\" src=\"https:\/\/www.wallendorff.com\/belogue\/photo\/2006\/08\/20060816.jpg\" \/><br \/>\nStation Bastille<sup>1<\/sup>, Paris, 13 ao&ucirc;t.<\/p>\n<\/div>\n<p>Je d&eacute;barque peut-&ecirc;tre une fois de plus apr&egrave;s tout le monde, mais apr&egrave;s avoir vu <a href=\"http:\/\/www.filter-mag.com\/media\/interior.693.html\">&ccedil;a<\/a>, je me dis que si Muse n&rsquo;ont fait qu&rsquo;un seul titre qui disjoint vraiment grave sur leur dernier album, au moins ils l&rsquo;ont bien fait, et ce jusqu&rsquo;au bout de sa vid&eacute;o.<\/p>\n<p style=\"text-align:right\">Et &agrave; part &ccedil;a, sinon, toujours rien. <\/p>\n<div id=\"bandeson\">\n<p><img decoding=\"async\" src=\"https:\/\/www.wallendorff.com\/belogue\/photo\/pochettes\/g\/guillemots-through_the_windowpane.jpg\" align=\"left\" \/>&nbsp;<a href=\"http:\/\/www.guillemots.com\/\">Guillemots<\/a> &ndash; <em>Made-Up Lovesong #43<\/em><\/p>\n<\/div>\n<div id=\"bas_note\">\n<p>_____<\/p>\n<p><sup>1<\/sup> Oui oui. Vous l&rsquo;auriez pas devin&eacute; tous seuls, hein&nbsp;??<\/p>\n<\/div>\n","protected":false},"excerpt":{"rendered":"<p>Station Bastille1, Paris, 13 ao&ucirc;t. Je d&eacute;barque peut-&ecirc;tre une fois de plus apr&egrave;s tout le monde, mais apr&egrave;s avoir vu &ccedil;a, je me dis que si Muse n&rsquo;ont fait qu&rsquo;un seul titre qui disjoint vraiment grave sur leur dernier album, au moins ils l&rsquo;ont bien fait, et ce jusqu&rsquo;au bout de sa vid&eacute;o. Et &agrave;&hellip;<\/p>\n","protected":false},"author":1,"featured_media":24587,"comment_status":"open","ping_status":"open","sticky":false,"template":"","format":"standard","meta":{"_acf_changed":false,"ngg_post_thumbnail":0,"jetpack_post_was_ever_published":false,"_jetpack_newsletter_access":"","_jetpack_dont_email_post_to_subs":false,"_jetpack_newsletter_tier_id":0,"_jetpack_memberships_contains_paywalled_content":false,"_jetpack_memberships_contains_paid_content":false,"footnotes":"","jetpack_publicize_message":"","jetpack_publicize_feature_enabled":true,"jetpack_social_post_already_shared":false,"jetpack_social_options":{"image_generator_settings":{"template":"highway","default_image_id":0,"font":"","enabled":false},"version":2}},"categories":[3],"tags":[10183,1008,132,10311,10340,10120,10402,10121,1598,1007,1732,10119,10090,143,10098,10287,173],"class_list":["post-638","post","type-post","status-publish","format-standard","has-post-thumbnail","hentry","category-dpc","tag-10183","tag-bastille","tag-eos-20d","tag-dos","tag-fille","tag-france","tag-guillemots","tag-ile-de-france","tag-knights-of-cydonia","tag-ligne-1","tag-made-up-love-song-43","tag-metro","tag-muse","tag-noir-et-blanc","tag-paris","tag-quai","tag-sigma-28-70-mm-f28-dg-ex"],"acf":[],"geo":{"latitude":48.8519669,"longitude":2.3685138,"description":null},"jetpack_publicize_connections":[],"jetpack_featured_media_url":"https:\/\/www.wallendorff.com\/belogue\/wp-content\/uploads\/2015\/04\/200608161.jpg","jetpack_shortlink":"https:\/\/wp.me\/p3b35P-ai","jetpack_sharing_enabled":true,"jetpack-related-posts":[{"id":12701,"url":"https:\/\/www.wallendorff.com\/belogue\/2011\/05\/03\/guillemots-le-cafe-de-la-danse-paris\/","url_meta":{"origin":638,"position":0},"title":"Guillemots @ le Caf\u00e9 de la Danse, Paris.","author":"dpc","date":"3 mai 2011","format":false,"excerpt":"Ou comment une soir\u00e9e qui d\u00e9marre mollement devant une salle assise et un pied de sc\u00e8ne d\u00e9sert peut subitement d\u00e9coller \u00e0 partir de Train to Brazil. On se l\u00e8ve, on descend, on s'approche. Un Made-Up Lovesong #43 magique et un Blue Would Still Be Blue intime par un Fyfe Dangerfield\u2026","rel":"","context":"Dans &quot;Alive&quot;","block_context":{"text":"Alive","link":"https:\/\/www.wallendorff.com\/belogue\/category\/alive\/"},"img":{"alt_text":"","src":"https:\/\/i0.wp.com\/www.wallendorff.com\/belogue\/wp-content\/uploads\/2015\/04\/201105031.jpg?resize=350%2C200&ssl=1","width":350,"height":200,"srcset":"https:\/\/i0.wp.com\/www.wallendorff.com\/belogue\/wp-content\/uploads\/2015\/04\/201105031.jpg?resize=350%2C200&ssl=1 1x, https:\/\/i0.wp.com\/www.wallendorff.com\/belogue\/wp-content\/uploads\/2015\/04\/201105031.jpg?resize=525%2C300&ssl=1 1.5x, https:\/\/i0.wp.com\/www.wallendorff.com\/belogue\/wp-content\/uploads\/2015\/04\/201105031.jpg?resize=700%2C400&ssl=1 2x"},"classes":[]},{"id":7920,"url":"https:\/\/www.wallendorff.com\/belogue\/2010\/07\/27\/man-on-the-mourn\/","url_meta":{"origin":638,"position":1},"title":"Man on the Mourn.","author":"dpc","date":"27 juillet 2010","format":false,"excerpt":"Rue Oberkampf, Paris, 25 juin. [Les m\u00eames, oui.] \u00a0Guillemots \u2013 Redwings","rel":"","context":"Dans &quot;DPC&quot;","block_context":{"text":"DPC","link":"https:\/\/www.wallendorff.com\/belogue\/category\/dpc\/"},"img":{"alt_text":"","src":"https:\/\/i0.wp.com\/www.wallendorff.com\/belogue\/wp-content\/uploads\/2015\/04\/201007271.jpg?resize=350%2C200&ssl=1","width":350,"height":200},"classes":[]},{"id":12887,"url":"https:\/\/www.wallendorff.com\/belogue\/2011\/06\/15\/claque-ca-baffe\/","url_meta":{"origin":638,"position":2},"title":"Claque \u00e7a baffe.","author":"dpc","date":"15 juin 2011","format":false,"excerpt":"Shakespeare and Company, Paris, 9 mai. [Ouuuuh que c'est tir\u00e9 par les cheveux.] \u00a0Guillemots \u2013 Take Me Out (Franz Ferdinand cover) (BBC Radio 1 Live Lounge)","rel":"","context":"Dans &quot;DPC&quot;","block_context":{"text":"DPC","link":"https:\/\/www.wallendorff.com\/belogue\/category\/dpc\/"},"img":{"alt_text":"","src":"https:\/\/i0.wp.com\/www.wallendorff.com\/belogue\/wp-content\/uploads\/2015\/04\/201106151.jpg?resize=350%2C200&ssl=1","width":350,"height":200},"classes":[]},{"id":860,"url":"https:\/\/www.wallendorff.com\/belogue\/2006\/12\/27\/2006en-1\/","url_meta":{"origin":638,"position":3},"title":"2006 en&#8230; #1.","author":"dpc","date":"27 d\u00e9cembre 2006","format":false,"excerpt":"Arctic Monkeys, le Bataclan, Paris, 2 mai. Ahahahaha, d\u00e9cid\u00e9ment je ne me lasserai jamais des classements de fin d'ann\u00e9e qui n'int\u00e9ressent absolument personne \u00e0 part moi mais je m'en fous je fais ce que je veux ici je suis chez moi et je me balade \u00e0 po-l. pr\u00e9sentent Les 5\u2026","rel":"","context":"Dans &quot;DPC&quot;","block_context":{"text":"DPC","link":"https:\/\/www.wallendorff.com\/belogue\/category\/dpc\/"},"img":{"alt_text":"","src":"https:\/\/i0.wp.com\/www.wallendorff.com\/belogue\/wp-content\/uploads\/2015\/04\/200612271.jpg?resize=350%2C200&ssl=1","width":350,"height":200},"classes":[]},{"id":172,"url":"https:\/\/www.wallendorff.com\/belogue\/2006\/06\/12\/l-emu-rond-des-zoos-raye\/","url_meta":{"origin":638,"position":4},"title":"L&rsquo;&eacute;mu rond des zoos raye&sup1;.","author":"dpc","date":"12 juin 2006","format":false,"excerpt":"Rue des Panoyaux, Paris, 28 mai. Il y a deux ans, les Pistons de D\u00e9troit \u00e9taient en finale NBA. Il y a un an, les Pistons de D\u00e9troit \u00e9taient encore en finale NBA. Aujourd'hui, les Pistons de D\u00e9troit sont en vacances apr\u00e8s s'\u00eatre fait vider comme des nazes en 6\u2026","rel":"","context":"Dans &quot;DPC&quot;","block_context":{"text":"DPC","link":"https:\/\/www.wallendorff.com\/belogue\/category\/dpc\/"},"img":{"alt_text":"","src":"https:\/\/i0.wp.com\/www.wallendorff.com\/belogue\/wp-content\/uploads\/2015\/04\/200606121.jpg?resize=350%2C200&ssl=1","width":350,"height":200},"classes":[]},{"id":7677,"url":"https:\/\/www.wallendorff.com\/belogue\/2010\/06\/12\/six\/","url_meta":{"origin":638,"position":5},"title":"668 the neighbour of the beast.","author":"dpc","date":"12 juin 2010","format":false,"excerpt":"Rue Michel-le-Comte, Paris, 8 mai. Non mais l\u00e0 c'est plut\u00f4t une mobylette qu'un escalier, donc \u00e7a compte pas. Hum. Ah et puis\u00a0: Il y a six ans, les Pistons de D\u00e9troit \u00e9taient en finale NBA. Il y a cinq ans, les Pistons de D\u00e9troit \u00e9taient encore en finale NBA. Il\u2026","rel":"","context":"Dans &quot;DPC&quot;","block_context":{"text":"DPC","link":"https:\/\/www.wallendorff.com\/belogue\/category\/dpc\/"},"img":{"alt_text":"","src":"https:\/\/i0.wp.com\/www.wallendorff.com\/belogue\/wp-content\/uploads\/2015\/04\/201006121.jpg?resize=350%2C200&ssl=1","width":350,"height":200},"classes":[]}],"_links":{"self":[{"href":"https:\/\/www.wallendorff.com\/belogue\/wp-json\/wp\/v2\/posts\/638","targetHints":{"allow":["GET"]}}],"collection":[{"href":"https:\/\/www.wallendorff.com\/belogue\/wp-json\/wp\/v2\/posts"}],"about":[{"href":"https:\/\/www.wallendorff.com\/belogue\/wp-json\/wp\/v2\/types\/post"}],"author":[{"embeddable":true,"href":"https:\/\/www.wallendorff.com\/belogue\/wp-json\/wp\/v2\/users\/1"}],"replies":[{"embeddable":true,"href":"https:\/\/www.wallendorff.com\/belogue\/wp-json\/wp\/v2\/comments?post=638"}],"version-history":[{"count":1,"href":"https:\/\/www.wallendorff.com\/belogue\/wp-json\/wp\/v2\/posts\/638\/revisions"}],"predecessor-version":[{"id":17478,"href":"https:\/\/www.wallendorff.com\/belogue\/wp-json\/wp\/v2\/posts\/638\/revisions\/17478"}],"wp:featuredmedia":[{"embeddable":true,"href":"https:\/\/www.wallendorff.com\/belogue\/wp-json\/wp\/v2\/media\/24587"}],"wp:attachment":[{"href":"https:\/\/www.wallendorff.com\/belogue\/wp-json\/wp\/v2\/media?parent=638"}],"wp:term":[{"taxonomy":"category","embeddable":true,"href":"https:\/\/www.wallendorff.com\/belogue\/wp-json\/wp\/v2\/categories?post=638"},{"taxonomy":"post_tag","embeddable":true,"href":"https:\/\/www.wallendorff.com\/belogue\/wp-json\/wp\/v2\/tags?post=638"}],"curies":[{"name":"wp","href":"https:\/\/api.w.org\/{rel}","templated":true}]}}