{"id":6376,"date":"2010-01-29T11:51:54","date_gmt":"2010-01-29T10:51:54","guid":{"rendered":"http:\/\/www.po-l.com\/belogue\/?p=6376"},"modified":"2012-01-23T12:49:53","modified_gmt":"2012-01-23T10:49:53","slug":"2009","status":"publish","type":"post","link":"https:\/\/www.wallendorff.com\/belogue\/2010\/01\/29\/2009\/","title":{"rendered":"2009."},"content":{"rendered":"<div id=\"photo\">\n<p><img decoding=\"async\" src=\"https:\/\/www.wallendorff.com\/belogue\/photo\/2010\/01\/20100129.jpg\" \/><br \/>\n  Metz, 27 d&eacute;cembre 2009.<\/p>\n<\/div>\n<div id=\"bandeson\">\n<p><img decoding=\"async\" src=\"https:\/\/www.wallendorff.com\/belogue\/photo\/pochettes\/b\/bravery_the-stir_the_blood.jpg\" align=\"left\" \/>&nbsp;<a href=\"http:\/\/www.thebravery.com\/\">The Bravery<\/a> &ndash; <em>Hatefuck<\/em><\/p>\n<\/div>\n<p style=\"text-align:right\">Pour compl&eacute;ter <a href=\"https:\/\/www.wallendorff.com\/belogue\/2009\/01\/20\/deuxmilledeux-2008\">la s&eacute;rie<\/a>.<\/p>\n","protected":false},"excerpt":{"rendered":"<p>Metz, 27 d&eacute;cembre 2009. &nbsp;The Bravery &ndash; Hatefuck Pour compl&eacute;ter la s&eacute;rie.<\/p>\n","protected":false},"author":1,"featured_media":25674,"comment_status":"open","ping_status":"open","sticky":false,"template":"","format":"standard","meta":{"_acf_changed":false,"ngg_post_thumbnail":0,"jetpack_post_was_ever_published":false,"_jetpack_newsletter_access":"","_jetpack_dont_email_post_to_subs":false,"_jetpack_newsletter_tier_id":0,"_jetpack_memberships_contains_paywalled_content":false,"_jetpack_memberships_contains_paid_content":false,"footnotes":"","jetpack_publicize_message":"","jetpack_publicize_feature_enabled":true,"jetpack_social_post_already_shared":false,"jetpack_social_options":{"image_generator_settings":{"template":"highway","default_image_id":0,"font":"","enabled":false},"version":2}},"categories":[3],"tags":[2571,2615,10743,417,10238,10120,3417,10175,10173,10174,10147,3416],"class_list":["post-6376","post","type-post","status-publish","format-standard","has-post-thumbnail","hentry","category-dpc","tag-ef-16-35-mm-f28l-ii-usm","tag-eos-5d-mark-ii","tag-cathedrale","tag-cathedrale-saint-etienne","tag-eglise","tag-france","tag-hatefuck","tag-lorraine","tag-metz","tag-moselle","tag-nuit","tag-the-bravery"],"acf":[],"geo":{"latitude":49.1219215,"longitude":6.1752772,"description":"10-11 Place de la Pr\u00e9fecture, 57000 Metz, France"},"jetpack_publicize_connections":[],"jetpack_featured_media_url":"https:\/\/www.wallendorff.com\/belogue\/wp-content\/uploads\/2015\/04\/201001291.jpg","jetpack_shortlink":"https:\/\/wp.me\/s3b35P-2009","jetpack_sharing_enabled":true,"jetpack-related-posts":[{"id":4161,"url":"https:\/\/www.wallendorff.com\/belogue\/2009\/04\/20\/thon-bd-neut\/","url_meta":{"origin":6376,"position":0},"title":"Thon BD n&rsquo;eut.","author":"dpc","date":"20 avril 2009","format":false,"excerpt":"Cath\u00e9drale Saint-\u00c9tienne, Metz, 20 mars. \u00a0 The Black Box Revelation \u2013 Dollars Are Sweet, They Say","rel":"","context":"Dans &quot;DPC&quot;","block_context":{"text":"DPC","link":"https:\/\/www.wallendorff.com\/belogue\/category\/dpc\/"},"img":{"alt_text":"","src":"https:\/\/i0.wp.com\/www.wallendorff.com\/belogue\/wp-content\/uploads\/2015\/04\/200904201.jpg?resize=350%2C200&ssl=1","width":350,"height":200},"classes":[]},{"id":6561,"url":"https:\/\/www.wallendorff.com\/belogue\/2010\/02\/04\/quanesse-prisse-indes-en-cinq-oursins\/","url_meta":{"origin":6376,"position":1},"title":"[Qu&rsquo;]\u00c2nesses prissent Indes en cinq oursins.","author":"dpc","date":"4 f\u00e9vrier 2010","format":false,"excerpt":"Metz, 28 d\u00e9cembre 2009. \u00a0Air \u2013 Highschool Lover [Faudrait peut-\u00eatre penser \u00e0 arr\u00eater avec Metz, un peu.]","rel":"","context":"Dans &quot;DPC&quot;","block_context":{"text":"DPC","link":"https:\/\/www.wallendorff.com\/belogue\/category\/dpc\/"},"img":{"alt_text":"","src":"https:\/\/i0.wp.com\/www.wallendorff.com\/belogue\/wp-content\/uploads\/2015\/04\/201002041.jpg?resize=350%2C200&ssl=1","width":350,"height":200},"classes":[]},{"id":131991,"url":"https:\/\/www.wallendorff.com\/belogue\/2025\/03\/26\/metz-de-noel\/","url_meta":{"origin":6376,"position":2},"title":"Metz de No\u00ebl.","author":"dpc","date":"26 mars 2025","format":false,"excerpt":"","rel":"","context":"Dans &quot;DPC&quot;","block_context":{"text":"DPC","link":"https:\/\/www.wallendorff.com\/belogue\/category\/dpc\/"},"img":{"alt_text":"","src":"https:\/\/i0.wp.com\/www.wallendorff.com\/belogue\/wp-content\/uploads\/2025\/03\/20250326-04.jpg?resize=350%2C200&ssl=1","width":350,"height":200,"srcset":"https:\/\/i0.wp.com\/www.wallendorff.com\/belogue\/wp-content\/uploads\/2025\/03\/20250326-04.jpg?resize=350%2C200&ssl=1 1x, https:\/\/i0.wp.com\/www.wallendorff.com\/belogue\/wp-content\/uploads\/2025\/03\/20250326-04.jpg?resize=525%2C300&ssl=1 1.5x, https:\/\/i0.wp.com\/www.wallendorff.com\/belogue\/wp-content\/uploads\/2025\/03\/20250326-04.jpg?resize=700%2C400&ssl=1 2x"},"classes":[]},{"id":4170,"url":"https:\/\/www.wallendorff.com\/belogue\/2009\/04\/23\/pas-vu-papy\/","url_meta":{"origin":6376,"position":3},"title":"Pas vu, papy.","author":"dpc","date":"23 avril 2009","format":false,"excerpt":"Cath\u00e9drale Saint-\u00c9tienne, Metz, 20 mars. \u00a0Noir D\u00e9sir \u2013 \u00c0 la longue","rel":"","context":"Dans &quot;DPC&quot;","block_context":{"text":"DPC","link":"https:\/\/www.wallendorff.com\/belogue\/category\/dpc\/"},"img":{"alt_text":"","src":"https:\/\/i0.wp.com\/www.wallendorff.com\/belogue\/wp-content\/uploads\/2015\/04\/200904231.jpg?resize=350%2C200&ssl=1","width":350,"height":200},"classes":[]},{"id":131901,"url":"https:\/\/www.wallendorff.com\/belogue\/2025\/03\/20\/cathedral\/","url_meta":{"origin":6376,"position":4},"title":"Cath\u00e9dral.","author":"dpc","date":"20 mars 2025","format":false,"excerpt":"","rel":"","context":"Dans &quot;DPC&quot;","block_context":{"text":"DPC","link":"https:\/\/www.wallendorff.com\/belogue\/category\/dpc\/"},"img":{"alt_text":"","src":"https:\/\/i0.wp.com\/www.wallendorff.com\/belogue\/wp-content\/uploads\/2025\/03\/20250320-08.jpg?resize=350%2C200&ssl=1","width":350,"height":200,"srcset":"https:\/\/i0.wp.com\/www.wallendorff.com\/belogue\/wp-content\/uploads\/2025\/03\/20250320-08.jpg?resize=350%2C200&ssl=1 1x, https:\/\/i0.wp.com\/www.wallendorff.com\/belogue\/wp-content\/uploads\/2025\/03\/20250320-08.jpg?resize=525%2C300&ssl=1 1.5x, https:\/\/i0.wp.com\/www.wallendorff.com\/belogue\/wp-content\/uploads\/2025\/03\/20250320-08.jpg?resize=700%2C400&ssl=1 2x"},"classes":[]},{"id":1161,"url":"https:\/\/www.wallendorff.com\/belogue\/2008\/02\/13\/nuit-gt-rare-dos\/","url_meta":{"origin":6376,"position":5},"title":"\u00c0 nuit g\u00eet rare dos.","author":"dpc","date":"13 f\u00e9vrier 2008","format":false,"excerpt":"Place de Chambre, Metz, 18 janvier. Trop rare. \u00a0Interpol \u2013 Pioneer to the Fall (orchestral)","rel":"","context":"Dans &quot;DPC&quot;","block_context":{"text":"DPC","link":"https:\/\/www.wallendorff.com\/belogue\/category\/dpc\/"},"img":{"alt_text":"","src":"https:\/\/i0.wp.com\/www.wallendorff.com\/belogue\/wp-content\/uploads\/2015\/04\/200802131.jpg?resize=350%2C200&ssl=1","width":350,"height":200},"classes":[]}],"_links":{"self":[{"href":"https:\/\/www.wallendorff.com\/belogue\/wp-json\/wp\/v2\/posts\/6376","targetHints":{"allow":["GET"]}}],"collection":[{"href":"https:\/\/www.wallendorff.com\/belogue\/wp-json\/wp\/v2\/posts"}],"about":[{"href":"https:\/\/www.wallendorff.com\/belogue\/wp-json\/wp\/v2\/types\/post"}],"author":[{"embeddable":true,"href":"https:\/\/www.wallendorff.com\/belogue\/wp-json\/wp\/v2\/users\/1"}],"replies":[{"embeddable":true,"href":"https:\/\/www.wallendorff.com\/belogue\/wp-json\/wp\/v2\/comments?post=6376"}],"version-history":[{"count":2,"href":"https:\/\/www.wallendorff.com\/belogue\/wp-json\/wp\/v2\/posts\/6376\/revisions"}],"predecessor-version":[{"id":15486,"href":"https:\/\/www.wallendorff.com\/belogue\/wp-json\/wp\/v2\/posts\/6376\/revisions\/15486"}],"wp:featuredmedia":[{"embeddable":true,"href":"https:\/\/www.wallendorff.com\/belogue\/wp-json\/wp\/v2\/media\/25674"}],"wp:attachment":[{"href":"https:\/\/www.wallendorff.com\/belogue\/wp-json\/wp\/v2\/media?parent=6376"}],"wp:term":[{"taxonomy":"category","embeddable":true,"href":"https:\/\/www.wallendorff.com\/belogue\/wp-json\/wp\/v2\/categories?post=6376"},{"taxonomy":"post_tag","embeddable":true,"href":"https:\/\/www.wallendorff.com\/belogue\/wp-json\/wp\/v2\/tags?post=6376"}],"curies":[{"name":"wp","href":"https:\/\/api.w.org\/{rel}","templated":true}]}}