{"id":637,"date":"2006-08-15T20:16:53","date_gmt":"2006-08-15T20:16:53","guid":{"rendered":"http:\/\/www.po-l.com\/wordpress\/?p=637"},"modified":"2012-05-30T09:40:24","modified_gmt":"2012-05-30T07:40:24","slug":"previously-unreleased-40","status":"publish","type":"post","link":"https:\/\/www.wallendorff.com\/belogue\/2006\/08\/15\/previously-unreleased-40\/","title":{"rendered":"Previously Unreleased #40&sup1;."},"content":{"rendered":"\n<div id=\"photo\">\n<p><img decoding=\"async\" src=\"https:\/\/www.wallendorff.com\/belogue\/photo\/2006\/08\/20060815.jpg\" \/><br \/>\n          Arctic Monkeys, le Bataclan, Paris, 2 mai.<\/p>\n<\/p><\/div>\n<div id=\"bandeson\">\n<p><img decoding=\"async\" src=\"https:\/\/www.wallendorff.com\/belogue\/photo\/pochettes\/p\/peter_bjorn_and_john-writers_block.jpg\" align=\"left\" \/>&nbsp;<a href=\"http:\/\/www.myspace.com\/peterbjornandjohn\">Peter Bj&ouml;rn and John<\/a> &ndash; <em>Young Folks<\/em><\/p>\n<\/div>\n","protected":false},"excerpt":{"rendered":"<p>Arctic Monkeys, le Bataclan, Paris, 2 mai. &nbsp;Peter Bj&ouml;rn and John &ndash; Young Folks<\/p>\n","protected":false},"author":1,"featured_media":24586,"comment_status":"open","ping_status":"open","sticky":false,"template":"","format":"standard","meta":{"_acf_changed":false,"ngg_post_thumbnail":0,"jetpack_post_was_ever_published":false,"_jetpack_newsletter_access":"","_jetpack_dont_email_post_to_subs":false,"_jetpack_newsletter_tier_id":0,"_jetpack_memberships_contains_paywalled_content":false,"_jetpack_memberships_contains_paid_content":false,"footnotes":"","jetpack_publicize_message":"","jetpack_publicize_feature_enabled":true,"jetpack_social_post_already_shared":false,"jetpack_social_options":{"image_generator_settings":{"template":"highway","default_image_id":0,"font":"","enabled":false},"version":2}},"categories":[5],"tags":[174,10183,10084,10367,196,132,10120,10121,10332,10098,1729,1730],"class_list":["post-637","post","type-post","status-publish","format-standard","has-post-thumbnail","hentry","category-previously-unreleased","tag-174","tag-10183","tag-alive","tag-arctic-monkeys","tag-ef-28-70-mm-f28l-usm","tag-eos-20d","tag-france","tag-ile-de-france","tag-le-bataclan","tag-paris","tag-peter-bjorn-and-john","tag-young-folks"],"acf":[],"geo":{"latitude":48.8629417,"longitude":2.370445,"description":"1-15 Passage Saint-Pierre Amelot, 75011 Paris, France"},"jetpack_publicize_connections":[],"jetpack_featured_media_url":"https:\/\/www.wallendorff.com\/belogue\/wp-content\/uploads\/2015\/04\/200608151.jpg","jetpack_shortlink":"https:\/\/wp.me\/p3b35P-ah","jetpack_sharing_enabled":true,"jetpack-related-posts":[{"id":97,"url":"https:\/\/www.wallendorff.com\/belogue\/2006\/03\/10\/previously-unreleased-27\/","url_meta":{"origin":637,"position":0},"title":"Previously unreleased #271.","author":"dpc","date":"10 mars 2006","format":false,"excerpt":"Arctic Monkeys, Le Trabendo, Paris, 24 f\u00e9vrier, 21h19. Bon. Caf\u00e9. Vite. \u00a0The Subways \u2013 Staring at the Sun (TV on the Radio cover) (acoustic) _____ 1 Concept choupi repomp\u00e9 ici.","rel":"","context":"Dans &quot;Previously unreleased&quot;","block_context":{"text":"Previously unreleased","link":"https:\/\/www.wallendorff.com\/belogue\/category\/previously-unreleased\/"},"img":{"alt_text":"","src":"https:\/\/i0.wp.com\/www.wallendorff.com\/belogue\/wp-content\/uploads\/2015\/04\/200603091.jpg?resize=350%2C200&ssl=1","width":350,"height":200},"classes":[]},{"id":128329,"url":"https:\/\/www.wallendorff.com\/belogue\/2024\/06\/14\/cetait-2006\/","url_meta":{"origin":637,"position":1},"title":"C&rsquo;\u00e9tait 2006.","author":"dpc","date":"14 juin 2024","format":false,"excerpt":"62 concerts en 2006. \u00c7a explique la nature de la galerie de l'ann\u00e9e. Arctic Monkeys @ le Trabendo, Paris, 24 f\u00e9vrier 2006 Londres, 3 mars 2006 Londres, 28 avril 2006 Arctic Monkeys @ le Bataclan, Paris, 2 mai 2006 Dresden Dolls @ le Bataclan, Paris, 18 mai 2006 Asyl @\u2026","rel":"","context":"Dans &quot;DPC&quot;","block_context":{"text":"DPC","link":"https:\/\/www.wallendorff.com\/belogue\/category\/dpc\/"},"img":{"alt_text":"","src":"https:\/\/i0.wp.com\/www.wallendorff.com\/belogue\/wp-content\/uploads\/2024\/06\/20240614-19.jpg?resize=350%2C200&ssl=1","width":350,"height":200,"srcset":"https:\/\/i0.wp.com\/www.wallendorff.com\/belogue\/wp-content\/uploads\/2024\/06\/20240614-19.jpg?resize=350%2C200&ssl=1 1x, https:\/\/i0.wp.com\/www.wallendorff.com\/belogue\/wp-content\/uploads\/2024\/06\/20240614-19.jpg?resize=525%2C300&ssl=1 1.5x, https:\/\/i0.wp.com\/www.wallendorff.com\/belogue\/wp-content\/uploads\/2024\/06\/20240614-19.jpg?resize=700%2C400&ssl=1 2x, https:\/\/i0.wp.com\/www.wallendorff.com\/belogue\/wp-content\/uploads\/2024\/06\/20240614-19.jpg?resize=1050%2C600&ssl=1 3x"},"classes":[]},{"id":21073,"url":"https:\/\/www.wallendorff.com\/belogue\/2013\/06\/05\/previously-unreleased-91\/","url_meta":{"origin":637,"position":2},"title":"Previously unreleased #91.","author":"dpc","date":"5 juin 2013","format":false,"excerpt":"Cold War Kids, le Bataclan, Paris, 24 avril. JailbirdsCold War Kids","rel":"","context":"Dans &quot;Previously unreleased&quot;","block_context":{"text":"Previously unreleased","link":"https:\/\/www.wallendorff.com\/belogue\/category\/previously-unreleased\/"},"img":{"alt_text":"","src":"https:\/\/i0.wp.com\/www.wallendorff.com\/belogue\/wp-content\/uploads\/2015\/04\/20130605.jpg?resize=350%2C200&ssl=1","width":350,"height":200,"srcset":"https:\/\/i0.wp.com\/www.wallendorff.com\/belogue\/wp-content\/uploads\/2015\/04\/20130605.jpg?resize=350%2C200&ssl=1 1x, https:\/\/i0.wp.com\/www.wallendorff.com\/belogue\/wp-content\/uploads\/2015\/04\/20130605.jpg?resize=525%2C300&ssl=1 1.5x, https:\/\/i0.wp.com\/www.wallendorff.com\/belogue\/wp-content\/uploads\/2015\/04\/20130605.jpg?resize=700%2C400&ssl=1 2x"},"classes":[]},{"id":159,"url":"https:\/\/www.wallendorff.com\/belogue\/2006\/05\/27\/previously-unreleased-34\/","url_meta":{"origin":637,"position":3},"title":"Previously unreleased #34.","author":"dpc","date":"27 mai 2006","format":false,"excerpt":"Nada Surf, Le Bataclan, Paris, 25 avril. \u00a0Two Gallants \u2013 Las Cruces Jail","rel":"","context":"Dans &quot;Previously unreleased&quot;","block_context":{"text":"Previously unreleased","link":"https:\/\/www.wallendorff.com\/belogue\/category\/previously-unreleased\/"},"img":{"alt_text":"","src":"https:\/\/i0.wp.com\/www.wallendorff.com\/belogue\/wp-content\/uploads\/2015\/04\/200605272.jpg?resize=350%2C200&ssl=1","width":350,"height":200},"classes":[]},{"id":838,"url":"https:\/\/www.wallendorff.com\/belogue\/2006\/11\/27\/previously-unreleased-47\/","url_meta":{"origin":637,"position":4},"title":"Previously unreleased #47\u00b9.","author":"dpc","date":"27 novembre 2006","format":false,"excerpt":"Mathieu Ch\u00e9did, 40 ans Rock n'Folk, le Bataclan, Paris, 24 octobre. \u00a0Thunderbirds Are Now! \u2013 Eat This City _____ 1 Concept trop yeah chez cette jeune fille d\u00e9rob\u00e9.","rel":"","context":"Dans &quot;Previously unreleased&quot;","block_context":{"text":"Previously unreleased","link":"https:\/\/www.wallendorff.com\/belogue\/category\/previously-unreleased\/"},"img":{"alt_text":"","src":"https:\/\/i0.wp.com\/www.wallendorff.com\/belogue\/wp-content\/uploads\/2015\/04\/200611271.jpg?resize=350%2C200&ssl=1","width":350,"height":200},"classes":[]},{"id":135,"url":"https:\/\/www.wallendorff.com\/belogue\/2006\/05\/03\/arctic-monkeys-le-bataclan-paris-2-mai-2006\/","url_meta":{"origin":637,"position":5},"title":"Arctic Monkeys @ Le Bataclan, Paris, 2 mai 2006.","author":"dpc","date":"3 mai 2006","format":false,"excerpt":"The View from the Afternoon | Cigarette Smoker Fiona | You Probably Couldn't See for the Lights But You Were Looking Straight at Me | Still Take You Home | Who the Fuck Are Arctic Monkeys | I Bet You Look Good on the Dancefloor | Perhaps Vampires Is a\u2026","rel":"","context":"Dans &quot;Alive&quot;","block_context":{"text":"Alive","link":"https:\/\/www.wallendorff.com\/belogue\/category\/alive\/"},"img":{"alt_text":"","src":"https:\/\/i0.wp.com\/www.wallendorff.com\/belogue\/wp-content\/uploads\/2015\/04\/200605031.jpg?resize=350%2C200&ssl=1","width":350,"height":200},"classes":[]}],"_links":{"self":[{"href":"https:\/\/www.wallendorff.com\/belogue\/wp-json\/wp\/v2\/posts\/637","targetHints":{"allow":["GET"]}}],"collection":[{"href":"https:\/\/www.wallendorff.com\/belogue\/wp-json\/wp\/v2\/posts"}],"about":[{"href":"https:\/\/www.wallendorff.com\/belogue\/wp-json\/wp\/v2\/types\/post"}],"author":[{"embeddable":true,"href":"https:\/\/www.wallendorff.com\/belogue\/wp-json\/wp\/v2\/users\/1"}],"replies":[{"embeddable":true,"href":"https:\/\/www.wallendorff.com\/belogue\/wp-json\/wp\/v2\/comments?post=637"}],"version-history":[{"count":1,"href":"https:\/\/www.wallendorff.com\/belogue\/wp-json\/wp\/v2\/posts\/637\/revisions"}],"predecessor-version":[{"id":17477,"href":"https:\/\/www.wallendorff.com\/belogue\/wp-json\/wp\/v2\/posts\/637\/revisions\/17477"}],"wp:featuredmedia":[{"embeddable":true,"href":"https:\/\/www.wallendorff.com\/belogue\/wp-json\/wp\/v2\/media\/24586"}],"wp:attachment":[{"href":"https:\/\/www.wallendorff.com\/belogue\/wp-json\/wp\/v2\/media?parent=637"}],"wp:term":[{"taxonomy":"category","embeddable":true,"href":"https:\/\/www.wallendorff.com\/belogue\/wp-json\/wp\/v2\/categories?post=637"},{"taxonomy":"post_tag","embeddable":true,"href":"https:\/\/www.wallendorff.com\/belogue\/wp-json\/wp\/v2\/tags?post=637"}],"curies":[{"name":"wp","href":"https:\/\/api.w.org\/{rel}","templated":true}]}}