{"id":636,"date":"2006-08-14T23:58:49","date_gmt":"2006-08-14T23:58:49","guid":{"rendered":"http:\/\/www.po-l.com\/wordpress\/?p=636"},"modified":"2012-05-24T09:51:22","modified_gmt":"2012-05-24T07:51:22","slug":"poteaux-rose","status":"publish","type":"post","link":"https:\/\/www.wallendorff.com\/belogue\/2006\/08\/14\/poteaux-rose\/","title":{"rendered":"Poteaux rose&sup1;."},"content":{"rendered":"<div id=\"photo\">\n<p><img decoding=\"async\" src=\"https:\/\/www.wallendorff.com\/belogue\/photo\/2006\/08\/20060814.jpg\"><br \/>\nRue Pierre Sarrazin, Paris, 11 ao&ucirc;t.<\/p>\n<\/div>\n<p style=\"text-align:right\">Ici, l&agrave; et encore ici en douze heures.<\/p>\n<p style=\"text-align:right\">Pour &ecirc;tre bien, vivez des journ&eacute;es pleines d&rsquo;<em>en train<\/em><sup>2,3<\/sup>.<\/p>\n<div id=\"bandeson\">\n<p><img decoding=\"async\" src=\"https:\/\/www.wallendorff.com\/belogue\/photo\/pochettes\/g\/ghinzu-blow.jpg\" align=\"left\" \/>&nbsp;<a href=\"http:\/\/www.ghinzu.be\/\">Ghinzu<\/a> &ndash; <em>21<sup>st<\/sup> Century Crooners<\/em><\/p>\n<\/p><\/div>\n<p><P>_____<\/P><\/p>\n<div id=\"bas_note\">\n<P><SUP>1<\/SUP> rise, <em>rose<\/em>, risen. Je pr&eacute;cise parce que sinon l&agrave;, c&rsquo;est s&ucirc;r, personne ne comprendra.<\/p>\n<p><sup>2<\/sup> &Ccedil;a marche aussi avec les journ&eacute;es <em>pleins dans train<\/em>, mais en pr&eacute;voyant le stock de sacs en papiers qui va avec.<\/p>\n<p><sup>3<\/sup> Et de Steinhoffs<sup>&reg;<\/sup>.<\/p>\n<\/div>\n","protected":false},"excerpt":{"rendered":"<p>Rue Pierre Sarrazin, Paris, 11 ao&ucirc;t. Ici, l&agrave; et encore ici en douze heures. Pour &ecirc;tre bien, vivez des journ&eacute;es pleines d&rsquo;en train2,3. &nbsp;Ghinzu &ndash; 21st Century Crooners _____ 1 rise, rose, risen. Je pr&eacute;cise parce que sinon l&agrave;, c&rsquo;est s&ucirc;r, personne ne comprendra. 2 &Ccedil;a marche aussi avec les journ&eacute;es pleins dans train, mais&hellip;<\/p>\n","protected":false},"author":1,"featured_media":24585,"comment_status":"open","ping_status":"open","sticky":false,"template":"","format":"standard","meta":{"_acf_changed":false,"ngg_post_thumbnail":0,"jetpack_post_was_ever_published":false,"_jetpack_newsletter_access":"","_jetpack_dont_email_post_to_subs":false,"_jetpack_newsletter_tier_id":0,"_jetpack_memberships_contains_paywalled_content":false,"_jetpack_memberships_contains_paid_content":false,"footnotes":"","jetpack_publicize_message":"","jetpack_publicize_feature_enabled":true,"jetpack_social_post_already_shared":false,"jetpack_social_options":{"image_generator_settings":{"template":"highway","default_image_id":0,"font":"","enabled":false},"version":2}},"categories":[3],"tags":[1727,10239,157,132,10120,10127,10121,10278,143,10098,10351,1726,1728],"class_list":["post-636","post","type-post","status-publish","format-standard","has-post-thumbnail","hentry","category-dpc","tag-21st-century-crooners","tag-10239","tag-ef-50-mm-f18-ii","tag-eos-20d","tag-france","tag-ghinzu","tag-ile-de-france","tag-lampadaire","tag-noir-et-blanc","tag-paris","tag-rue","tag-rue-pierre-sarrazin","tag-steinhoff"],"acf":[],"geo":{"latitude":48.8508224,"longitude":2.3422577,"description":null},"jetpack_publicize_connections":[],"jetpack_featured_media_url":"https:\/\/www.wallendorff.com\/belogue\/wp-content\/uploads\/2015\/04\/200608141.jpg","jetpack_shortlink":"https:\/\/wp.me\/p3b35P-ag","jetpack_sharing_enabled":true,"jetpack-related-posts":[{"id":669,"url":"https:\/\/www.wallendorff.com\/belogue\/2004\/09\/11\/canard-ouateux\/","url_meta":{"origin":636,"position":0},"title":"Canard ouateux.","author":"dpc","date":"11 septembre 2004","format":false,"excerpt":"Rue du Cygne, Paris. \u00a0Ghinzu \u2013 Sweet Love","rel":"","context":"Dans &quot;DPC&quot;","block_context":{"text":"DPC","link":"https:\/\/www.wallendorff.com\/belogue\/category\/dpc\/"},"img":{"alt_text":"","src":"https:\/\/i0.wp.com\/www.wallendorff.com\/belogue\/wp-content\/uploads\/2015\/04\/107.jpg?resize=350%2C200&ssl=1","width":350,"height":200},"classes":[]},{"id":3918,"url":"https:\/\/www.wallendorff.com\/belogue\/2009\/02\/18\/grandes-sorgues\/","url_meta":{"origin":636,"position":1},"title":"Grandes sorgues.","author":"dpc","date":"18 f\u00e9vrier 2009","format":false,"excerpt":"Rue du Clo\u00eetre Notre-Dame, Paris, 13 janvier. Y a quand m\u00eame des gens, dans la vie, \u00e7a fait du bien de les entendre \u00e0 nouveau . \u00a0Ghinzu \u2013 Cold Love","rel":"","context":"Dans &quot;DPC&quot;","block_context":{"text":"DPC","link":"https:\/\/www.wallendorff.com\/belogue\/category\/dpc\/"},"img":{"alt_text":"","src":"https:\/\/i0.wp.com\/www.wallendorff.com\/belogue\/wp-content\/uploads\/2015\/04\/200902181.jpg?resize=350%2C200&ssl=1","width":350,"height":200,"srcset":"https:\/\/i0.wp.com\/www.wallendorff.com\/belogue\/wp-content\/uploads\/2015\/04\/200902181.jpg?resize=350%2C200&ssl=1 1x, https:\/\/i0.wp.com\/www.wallendorff.com\/belogue\/wp-content\/uploads\/2015\/04\/200902181.jpg?resize=525%2C300&ssl=1 1.5x"},"classes":[]},{"id":4117,"url":"https:\/\/www.wallendorff.com\/belogue\/2009\/04\/05\/ghinzu-the-black-box-revelation-le-bataclan-paris-3-avril\/","url_meta":{"origin":636,"position":2},"title":"Ghinzu + The Black Box Revelation @ le Bataclan, Paris, 3 avril.","author":"dpc","date":"5 avril 2009","format":false,"excerpt":"Flandre 1 \u2013 Wallonie 0 \u00a0 The Black Box Revelation \u2013 Love, Love is on My Mind \u00a0 The Black Box Revelation Ghinzu","rel":"","context":"Dans &quot;Alive&quot;","block_context":{"text":"Alive","link":"https:\/\/www.wallendorff.com\/belogue\/category\/alive\/"},"img":{"alt_text":"","src":"https:\/\/i0.wp.com\/www.wallendorff.com\/belogue\/wp-content\/uploads\/2015\/04\/200904041.jpg?resize=350%2C200&ssl=1","width":350,"height":200,"srcset":"https:\/\/i0.wp.com\/www.wallendorff.com\/belogue\/wp-content\/uploads\/2015\/04\/200904041.jpg?resize=350%2C200&ssl=1 1x, https:\/\/i0.wp.com\/www.wallendorff.com\/belogue\/wp-content\/uploads\/2015\/04\/200904041.jpg?resize=525%2C300&ssl=1 1.5x, https:\/\/i0.wp.com\/www.wallendorff.com\/belogue\/wp-content\/uploads\/2015\/04\/200904041.jpg?resize=700%2C400&ssl=1 2x"},"classes":[]},{"id":33370,"url":"https:\/\/www.wallendorff.com\/belogue\/2017\/01\/09\/lun-portant-sept-parts-dissipees\/","url_meta":{"origin":636,"position":3},"title":"L&rsquo;un portant sept parts dissip\u00e9es.","author":"dpc","date":"9 janvier 2017","format":false,"excerpt":"H\u00f4tel Bl\u00e9mont, Paris, 18 septembre 2016. Just so Agnes Obel","rel":"","context":"Dans &quot;DPC&quot;","block_context":{"text":"DPC","link":"https:\/\/www.wallendorff.com\/belogue\/category\/dpc\/"},"img":{"alt_text":"","src":"https:\/\/i0.wp.com\/www.wallendorff.com\/belogue\/wp-content\/uploads\/2017\/01\/20170109.jpg?resize=350%2C200&ssl=1","width":350,"height":200,"srcset":"https:\/\/i0.wp.com\/www.wallendorff.com\/belogue\/wp-content\/uploads\/2017\/01\/20170109.jpg?resize=350%2C200&ssl=1 1x, https:\/\/i0.wp.com\/www.wallendorff.com\/belogue\/wp-content\/uploads\/2017\/01\/20170109.jpg?resize=525%2C300&ssl=1 1.5x, https:\/\/i0.wp.com\/www.wallendorff.com\/belogue\/wp-content\/uploads\/2017\/01\/20170109.jpg?resize=700%2C400&ssl=1 2x"},"classes":[]},{"id":49757,"url":"https:\/\/www.wallendorff.com\/belogue\/2021\/09\/30\/septembre-2021\/","url_meta":{"origin":636,"position":4},"title":"Septembre 2021.","author":"dpc","date":"30 septembre 2021","format":false,"excerpt":"Un cin\u00e9ma, un a\u00e9roport, une grosse montagne, un coucher de soleil, un port, une ruelle, un souper, un toit, un cirque, un coucher de soleil, un port, un bar vingt\u00e2ge, une plage, une \u00e9glise, une affiche, un bar, un a\u00e9roport, un coucher de soleil, une salle de concert, un chat\u2026","rel":"","context":"Dans &quot;Blog-note&quot;","block_context":{"text":"Blog-note","link":"https:\/\/www.wallendorff.com\/belogue\/category\/blog-note\/"},"img":{"alt_text":"","src":"https:\/\/i0.wp.com\/www.wallendorff.com\/belogue\/wp-content\/uploads\/2021\/10\/20211026-20.jpg?resize=350%2C200&ssl=1","width":350,"height":200,"srcset":"https:\/\/i0.wp.com\/www.wallendorff.com\/belogue\/wp-content\/uploads\/2021\/10\/20211026-20.jpg?resize=350%2C200&ssl=1 1x, https:\/\/i0.wp.com\/www.wallendorff.com\/belogue\/wp-content\/uploads\/2021\/10\/20211026-20.jpg?resize=525%2C300&ssl=1 1.5x, https:\/\/i0.wp.com\/www.wallendorff.com\/belogue\/wp-content\/uploads\/2021\/10\/20211026-20.jpg?resize=700%2C400&ssl=1 2x, https:\/\/i0.wp.com\/www.wallendorff.com\/belogue\/wp-content\/uploads\/2021\/10\/20211026-20.jpg?resize=1050%2C600&ssl=1 3x"},"classes":[]},{"id":358,"url":"https:\/\/www.wallendorff.com\/belogue\/2006\/07\/22\/hautes-colonnes\/","url_meta":{"origin":636,"position":5},"title":"Hautes colonnes.","author":"dpc","date":"22 juillet 2006","format":false,"excerpt":"Cour du Palais Royal, Paris, 19 juillet. Sk\u00e5l. \u00a0Ghinzu \u2013 High-Voltage Queen (The Reign of)","rel":"","context":"Dans &quot;DPC&quot;","block_context":{"text":"DPC","link":"https:\/\/www.wallendorff.com\/belogue\/category\/dpc\/"},"img":{"alt_text":"","src":"https:\/\/i0.wp.com\/www.wallendorff.com\/belogue\/wp-content\/uploads\/2015\/04\/200607221.jpg?resize=350%2C200&ssl=1","width":350,"height":200},"classes":[]}],"_links":{"self":[{"href":"https:\/\/www.wallendorff.com\/belogue\/wp-json\/wp\/v2\/posts\/636","targetHints":{"allow":["GET"]}}],"collection":[{"href":"https:\/\/www.wallendorff.com\/belogue\/wp-json\/wp\/v2\/posts"}],"about":[{"href":"https:\/\/www.wallendorff.com\/belogue\/wp-json\/wp\/v2\/types\/post"}],"author":[{"embeddable":true,"href":"https:\/\/www.wallendorff.com\/belogue\/wp-json\/wp\/v2\/users\/1"}],"replies":[{"embeddable":true,"href":"https:\/\/www.wallendorff.com\/belogue\/wp-json\/wp\/v2\/comments?post=636"}],"version-history":[{"count":1,"href":"https:\/\/www.wallendorff.com\/belogue\/wp-json\/wp\/v2\/posts\/636\/revisions"}],"predecessor-version":[{"id":17438,"href":"https:\/\/www.wallendorff.com\/belogue\/wp-json\/wp\/v2\/posts\/636\/revisions\/17438"}],"wp:featuredmedia":[{"embeddable":true,"href":"https:\/\/www.wallendorff.com\/belogue\/wp-json\/wp\/v2\/media\/24585"}],"wp:attachment":[{"href":"https:\/\/www.wallendorff.com\/belogue\/wp-json\/wp\/v2\/media?parent=636"}],"wp:term":[{"taxonomy":"category","embeddable":true,"href":"https:\/\/www.wallendorff.com\/belogue\/wp-json\/wp\/v2\/categories?post=636"},{"taxonomy":"post_tag","embeddable":true,"href":"https:\/\/www.wallendorff.com\/belogue\/wp-json\/wp\/v2\/tags?post=636"}],"curies":[{"name":"wp","href":"https:\/\/api.w.org\/{rel}","templated":true}]}}