{"id":6352,"date":"2010-01-27T10:46:53","date_gmt":"2010-01-27T09:46:53","guid":{"rendered":"http:\/\/www.po-l.com\/belogue\/?p=6352"},"modified":"2012-01-20T11:28:26","modified_gmt":"2012-01-20T09:28:26","slug":"neut-huit-nuits-inuites1","status":"publish","type":"post","link":"https:\/\/www.wallendorff.com\/belogue\/2010\/01\/27\/neut-huit-nuits-inuites1\/","title":{"rendered":"N&rsquo;eut huit nuits inuites<sup>1<\/sup>."},"content":{"rendered":"<div id=\"photo\">\n<p><img decoding=\"async\" src=\"https:\/\/www.wallendorff.com\/belogue\/photo\/2010\/01\/20100127.jpg\" \/><br \/>\nRue des Moulins, Strasbourg, 26 d&eacute;cembre 2009.<\/p>\n<\/div>\n<div id=\"bandeson\">\n<p><img decoding=\"async\" src=\"https:\/\/www.wallendorff.com\/belogue\/photo\/pochettes\/d\/decemberists_the-picaresque.jpg\" align=\"left\" \/>&nbsp;<a href=\"http:\/\/www.decemberists.com\/\">The Decemberists<\/a> &ndash; <em>From My Own True Love (Lost at Sea)<\/em><\/p>\n<\/div>\n<p style=\"text-align:right\">Bon.<\/p>\n<div id=\"bas_note\">\n<p>_____<\/p>\n<p><sup>1<\/sup> &Agrave; r&eacute;p&eacute;ter &agrave; haute voix 22 fois de suite tous les matins devant sa glace pour avoir un beau sourire de star vendeuse de caf&eacute;.<\/p>\n<\/div>\n","protected":false},"excerpt":{"rendered":"<p>Rue des Moulins, Strasbourg, 26 d&eacute;cembre 2009. &nbsp;The Decemberists &ndash; From My Own True Love (Lost at Sea) Bon. _____ 1 &Agrave; r&eacute;p&eacute;ter &agrave; haute voix 22 fois de suite tous les matins devant sa glace pour avoir un beau sourire de star vendeuse de caf&eacute;.<\/p>\n","protected":false},"author":1,"featured_media":25672,"comment_status":"open","ping_status":"open","sticky":false,"template":"","format":"standard","meta":{"_acf_changed":false,"ngg_post_thumbnail":0,"jetpack_post_was_ever_published":false,"_jetpack_newsletter_access":"","_jetpack_dont_email_post_to_subs":false,"_jetpack_newsletter_tier_id":0,"_jetpack_memberships_contains_paywalled_content":false,"_jetpack_memberships_contains_paid_content":false,"footnotes":"","jetpack_publicize_message":"","jetpack_publicize_feature_enabled":true,"jetpack_social_post_already_shared":false,"jetpack_social_options":{"image_generator_settings":{"template":"highway","default_image_id":0,"font":"","enabled":false},"version":2}},"categories":[3],"tags":[10219,10424,1438,2615,10640,10120,3414,3413,10278,10147,10262,3412,10422,2601],"class_list":["post-6352","post","type-post","status-publish","format-standard","has-post-thumbnail","hentry","category-dpc","tag-alsace","tag-bas-rhin","tag-ef-50-mm-f14-usm","tag-eos-5d-mark-ii","tag-fleuve","tag-france","tag-from-my-own-true-love-lost-at-sea","tag-ill","tag-lampadaire","tag-nuit","tag-reflet","tag-rue-des-moulins","tag-strasbourg","tag-the-decemberists"],"acf":[],"geo":{"latitude":48.5812569,"longitude":7.7414961,"description":null},"jetpack_publicize_connections":[],"jetpack_featured_media_url":"https:\/\/www.wallendorff.com\/belogue\/wp-content\/uploads\/2015\/04\/201001271.jpg","jetpack_shortlink":"https:\/\/wp.me\/p3b35P-1Es","jetpack_sharing_enabled":true,"jetpack-related-posts":[{"id":3673,"url":"https:\/\/www.wallendorff.com\/belogue\/2008\/12\/11\/des-nuees-teintes-erraient\/","url_meta":{"origin":6352,"position":0},"title":"Des nu\u00e9es teintes erraient.","author":"dpc","date":"11 d\u00e9cembre 2008","format":false,"excerpt":"Oslofjorden, 16 novembre. The Decemberists \u2013 Sons & Daughters Mon dieu.","rel":"","context":"Dans &quot;DPC&quot;","block_context":{"text":"DPC","link":"https:\/\/www.wallendorff.com\/belogue\/category\/dpc\/"},"img":{"alt_text":"","src":"https:\/\/i0.wp.com\/www.wallendorff.com\/belogue\/wp-content\/uploads\/2015\/04\/200812111.jpg?resize=350%2C200&ssl=1","width":350,"height":200},"classes":[]},{"id":3908,"url":"https:\/\/www.wallendorff.com\/belogue\/2009\/02\/13\/hui-ouites-huis-ou-tu-y-tues-huit-hies\/","url_meta":{"origin":6352,"position":1},"title":"Hui ou\u00eftes huis o\u00f9 tu y tues huit hies.","author":"dpc","date":"13 f\u00e9vrier 2009","format":false,"excerpt":"Place des Vosges, Paris, 13 janvier. Oui. \u00a0The Decemberists \u2013 The Rake's Song","rel":"","context":"Dans &quot;DPC&quot;","block_context":{"text":"DPC","link":"https:\/\/www.wallendorff.com\/belogue\/category\/dpc\/"},"img":{"alt_text":"","src":"https:\/\/i0.wp.com\/www.wallendorff.com\/belogue\/wp-content\/uploads\/2015\/04\/200902131.jpg?resize=350%2C200&ssl=1","width":350,"height":200},"classes":[]},{"id":11184,"url":"https:\/\/www.wallendorff.com\/belogue\/2011\/01\/02\/bouee-de-vingt-scenes\/","url_meta":{"origin":6352,"position":2},"title":"Bou\u00e9e de vingt sc\u00e8nes.","author":"dpc","date":"2 janvier 2011","format":false,"excerpt":"\u00ab\u00a0Cette bou\u00e9e a sauv\u00e9 des vies.\u00a0\u00bb Pointe de la Torche, 2 novembre 2010. The Decemberists \u2013 January Hymn","rel":"","context":"Dans &quot;DPC&quot;","block_context":{"text":"DPC","link":"https:\/\/www.wallendorff.com\/belogue\/category\/dpc\/"},"img":{"alt_text":"","src":"https:\/\/i0.wp.com\/www.wallendorff.com\/belogue\/wp-content\/uploads\/2015\/04\/201101021.jpg?resize=350%2C200&ssl=1","width":350,"height":200},"classes":[]},{"id":27447,"url":"https:\/\/www.wallendorff.com\/belogue\/2015\/06\/08\/grand-largue\/","url_meta":{"origin":6352,"position":3},"title":"Grand largue.","author":"dpc","date":"8 juin 2015","format":false,"excerpt":"Quelque part entre Puttgarten et R\u00f8dby, 4 avril. Better Not Wake the Baby The Decemberists","rel":"","context":"Dans &quot;DPC&quot;","block_context":{"text":"DPC","link":"https:\/\/www.wallendorff.com\/belogue\/category\/dpc\/"},"img":{"alt_text":"","src":"https:\/\/i0.wp.com\/www.wallendorff.com\/belogue\/wp-content\/uploads\/2015\/06\/20150608.jpg?resize=350%2C200&ssl=1","width":350,"height":200,"srcset":"https:\/\/i0.wp.com\/www.wallendorff.com\/belogue\/wp-content\/uploads\/2015\/06\/20150608.jpg?resize=350%2C200&ssl=1 1x, https:\/\/i0.wp.com\/www.wallendorff.com\/belogue\/wp-content\/uploads\/2015\/06\/20150608.jpg?resize=525%2C300&ssl=1 1.5x, https:\/\/i0.wp.com\/www.wallendorff.com\/belogue\/wp-content\/uploads\/2015\/06\/20150608.jpg?resize=700%2C400&ssl=1 2x"},"classes":[]},{"id":854,"url":"https:\/\/www.wallendorff.com\/belogue\/2006\/12\/19\/j-eus-des-ocres-etienne\/","url_meta":{"origin":6352,"position":4},"title":"J&rsquo;eus des ocres \u00c9tienne.","author":"dpc","date":"19 d\u00e9cembre 2006","format":false,"excerpt":"Rue de Rohan, Strasbourg, 16 d\u00e9cembre. Photoshop CS Troiiiiiiiiiiiiiiiiiiiis. [Et Arcade Fire, aussi] [Et Guns n'Roses, mais \u00e7a tout le monde s'en tape.] \u00a0B\u00e9bichemble \u2015 The Man Who Came to Stay","rel":"","context":"Dans &quot;DPC&quot;","block_context":{"text":"DPC","link":"https:\/\/www.wallendorff.com\/belogue\/category\/dpc\/"},"img":{"alt_text":"","src":"https:\/\/i0.wp.com\/www.wallendorff.com\/belogue\/wp-content\/uploads\/2015\/04\/200612191.jpg?resize=350%2C200&ssl=1","width":350,"height":200},"classes":[]},{"id":23929,"url":"https:\/\/www.wallendorff.com\/belogue\/2015\/03\/31\/into-the-wide-43\/","url_meta":{"origin":6352,"position":5},"title":"Into the wide #43.","author":"dpc","date":"31 mars 2015","format":false,"excerpt":"Maria-Theresien-Platz, Vienne, 21 f\u00e9vrier. En plus grand sur 500px, si jamais. Carolina Low The Decemberists","rel":"","context":"Dans &quot;Into the wide&quot;","block_context":{"text":"Into the wide","link":"https:\/\/www.wallendorff.com\/belogue\/category\/into-the-wide\/"},"img":{"alt_text":"","src":"https:\/\/i0.wp.com\/www.wallendorff.com\/belogue\/wp-content\/uploads\/2015\/04\/201503311.jpg?resize=350%2C200&ssl=1","width":350,"height":200,"srcset":"https:\/\/i0.wp.com\/www.wallendorff.com\/belogue\/wp-content\/uploads\/2015\/04\/201503311.jpg?resize=350%2C200&ssl=1 1x, https:\/\/i0.wp.com\/www.wallendorff.com\/belogue\/wp-content\/uploads\/2015\/04\/201503311.jpg?resize=525%2C300&ssl=1 1.5x, https:\/\/i0.wp.com\/www.wallendorff.com\/belogue\/wp-content\/uploads\/2015\/04\/201503311.jpg?resize=700%2C400&ssl=1 2x, https:\/\/i0.wp.com\/www.wallendorff.com\/belogue\/wp-content\/uploads\/2015\/04\/201503311.jpg?resize=1050%2C600&ssl=1 3x"},"classes":[]}],"_links":{"self":[{"href":"https:\/\/www.wallendorff.com\/belogue\/wp-json\/wp\/v2\/posts\/6352","targetHints":{"allow":["GET"]}}],"collection":[{"href":"https:\/\/www.wallendorff.com\/belogue\/wp-json\/wp\/v2\/posts"}],"about":[{"href":"https:\/\/www.wallendorff.com\/belogue\/wp-json\/wp\/v2\/types\/post"}],"author":[{"embeddable":true,"href":"https:\/\/www.wallendorff.com\/belogue\/wp-json\/wp\/v2\/users\/1"}],"replies":[{"embeddable":true,"href":"https:\/\/www.wallendorff.com\/belogue\/wp-json\/wp\/v2\/comments?post=6352"}],"version-history":[{"count":1,"href":"https:\/\/www.wallendorff.com\/belogue\/wp-json\/wp\/v2\/posts\/6352\/revisions"}],"predecessor-version":[{"id":15455,"href":"https:\/\/www.wallendorff.com\/belogue\/wp-json\/wp\/v2\/posts\/6352\/revisions\/15455"}],"wp:featuredmedia":[{"embeddable":true,"href":"https:\/\/www.wallendorff.com\/belogue\/wp-json\/wp\/v2\/media\/25672"}],"wp:attachment":[{"href":"https:\/\/www.wallendorff.com\/belogue\/wp-json\/wp\/v2\/media?parent=6352"}],"wp:term":[{"taxonomy":"category","embeddable":true,"href":"https:\/\/www.wallendorff.com\/belogue\/wp-json\/wp\/v2\/categories?post=6352"},{"taxonomy":"post_tag","embeddable":true,"href":"https:\/\/www.wallendorff.com\/belogue\/wp-json\/wp\/v2\/tags?post=6352"}],"curies":[{"name":"wp","href":"https:\/\/api.w.org\/{rel}","templated":true}]}}