{"id":635,"date":"2006-08-13T12:03:51","date_gmt":"2006-08-13T12:03:51","guid":{"rendered":"http:\/\/www.po-l.com\/wordpress\/?p=635"},"modified":"2012-05-23T09:19:51","modified_gmt":"2012-05-23T07:19:51","slug":"neveur-tout-lattes","status":"publish","type":"post","link":"https:\/\/www.wallendorff.com\/belogue\/2006\/08\/13\/neveur-tout-lattes\/","title":{"rendered":"N&eacute;veur tout lattes."},"content":{"rendered":"<div id=\"photo\">\n<p><img decoding=\"async\" src=\"https:\/\/www.wallendorff.com\/belogue\/photo\/2006\/08\/20060813.jpg\"><br \/>Studio Midilive, Villetaneuse, 30 juillet.<\/p>\n<\/div>\n<p>D&eacute;cid&eacute;ment ils s&rsquo;y mettent tous&nbsp;:<\/p>\n<div id=\"bandeson\">\n<p><img decoding=\"async\" src=\"https:\/\/www.wallendorff.com\/belogue\/photo\/pochettes\/blank.jpg\" align=\"left\" \/>&nbsp;<a href=\"http:\/\/www.theraconteurs.com\">The Raconteurs<\/a> &ndash; <em>Crazy<\/em> (Gnarls Barkley cover) (live Lolapalooza<sup>1<\/sup>, 4\/8\/2006)<\/p>\n<\/div>\n<p><P>_____<\/P><\/p>\n<div id=\"bas_note\">\n<P><SUP>1<\/SUP> L&rsquo;ensemble peut &ecirc;tre trouv&eacute; <a href=\"http:\/\/themodernway.blogspot.com\/2006\/08\/raconteurs-live-at-lollapalooza-0408.html\" target=\"_blank\">l&agrave;<\/a> ou <a href=\"http:\/\/www.culturebully.com\/archives\/1158\" target=\"_blank\">l&agrave;<\/a>, avec m&ecirc;me une chouette reprise de Nancy Sinatra, pour ceux qui n&rsquo;en peuvent plus d&rsquo;attendre le 25 ao&ucirc;t (comme moi. Oui, oui, j&rsquo;admets, je n&rsquo;en peux plus d&rsquo;attendre le 25 ao&ucirc;t).<\/p>\n<\/div>\n","protected":false},"excerpt":{"rendered":"<p>Studio Midilive, Villetaneuse, 30 juillet. D&eacute;cid&eacute;ment ils s&rsquo;y mettent tous&nbsp;: &nbsp;The Raconteurs &ndash; Crazy (Gnarls Barkley cover) (live Lolapalooza1, 4\/8\/2006) _____ 1 L&rsquo;ensemble peut &ecirc;tre trouv&eacute; l&agrave; ou l&agrave;, avec m&ecirc;me une chouette reprise de Nancy Sinatra, pour ceux qui n&rsquo;en peuvent plus d&rsquo;attendre le 25 ao&ucirc;t (comme moi. Oui, oui, j&rsquo;admets, je n&rsquo;en peux&hellip;<\/p>\n","protected":false},"author":1,"featured_media":24584,"comment_status":"open","ping_status":"open","sticky":false,"template":"","format":"standard","meta":{"_acf_changed":false,"ngg_post_thumbnail":0,"jetpack_post_was_ever_published":false,"_jetpack_newsletter_access":"","_jetpack_dont_email_post_to_subs":false,"_jetpack_newsletter_tier_id":0,"_jetpack_memberships_contains_paywalled_content":false,"_jetpack_memberships_contains_paid_content":false,"footnotes":"","jetpack_publicize_message":"","jetpack_publicize_feature_enabled":true,"jetpack_social_post_already_shared":false,"jetpack_social_options":{"image_generator_settings":{"template":"highway","default_image_id":0,"font":"","enabled":false},"version":2}},"categories":[3],"tags":[157,132,1703,10120,1704,10121,10401,10229,10398,10365,1710,1493,1713],"class_list":["post-635","post","type-post","status-publish","format-standard","has-post-thumbnail","hentry","category-dpc","tag-ef-50-mm-f18-ii","tag-eos-20d","tag-crazy","tag-france","tag-gnarls-barkley","tag-ile-de-france","tag-lampe","tag-mur","tag-seine-saint-denis","tag-studio","tag-studios-midilive","tag-the-raconteurs","tag-villetaneuse"],"acf":[],"geo":{"latitude":48.9537544,"longitude":2.3458064,"description":null},"jetpack_publicize_connections":[],"jetpack_featured_media_url":"https:\/\/www.wallendorff.com\/belogue\/wp-content\/uploads\/2015\/04\/200608131.jpg","jetpack_shortlink":"https:\/\/wp.me\/p3b35P-af","jetpack_sharing_enabled":true,"jetpack-related-posts":[{"id":551,"url":"https:\/\/www.wallendorff.com\/belogue\/2006\/07\/28\/c-est-l-art-door\/","url_meta":{"origin":635,"position":0},"title":"C&rsquo;est l&rsquo;art-door.","author":"dpc","date":"28 juillet 2006","format":false,"excerpt":"Rue des Hospitali\u00e8res Saint Gervais, Paris, 23 juilet. Et oui, encore des barreaux. \u00a0Ray Lamontagne\u00a0\u2015 Crazy (Gnarls Barkley cover) (acoustic)","rel":"","context":"Dans &quot;DPC&quot;","block_context":{"text":"DPC","link":"https:\/\/www.wallendorff.com\/belogue\/category\/dpc\/"},"img":{"alt_text":"","src":"https:\/\/i0.wp.com\/www.wallendorff.com\/belogue\/wp-content\/uploads\/2015\/04\/200607281.jpg?resize=350%2C200&ssl=1","width":350,"height":200},"classes":[]},{"id":3375,"url":"https:\/\/www.wallendorff.com\/belogue\/2008\/09\/04\/the-raconteurs-rock-en-seine-domaine-national-de-saint-cloud-29-aout\/","url_meta":{"origin":635,"position":1},"title":"The Raconteurs @ Rock en Seine, Domaine National de Saint-Cloud, 29 ao\u00fbt.","author":"dpc","date":"4 septembre 2008","format":false,"excerpt":"Jack White est beau. Kate Nash \u2013 I'm Not Gonna Teach Your Boyfriend How To Dance With You (Black Kids cover)","rel":"","context":"Dans &quot;Alive&quot;","block_context":{"text":"Alive","link":"https:\/\/www.wallendorff.com\/belogue\/category\/alive\/"},"img":{"alt_text":"","src":"https:\/\/i0.wp.com\/www.wallendorff.com\/belogue\/wp-content\/uploads\/2015\/04\/200809041.jpg?resize=350%2C200&ssl=1","width":350,"height":200,"srcset":"https:\/\/i0.wp.com\/www.wallendorff.com\/belogue\/wp-content\/uploads\/2015\/04\/200809041.jpg?resize=350%2C200&ssl=1 1x, https:\/\/i0.wp.com\/www.wallendorff.com\/belogue\/wp-content\/uploads\/2015\/04\/200809041.jpg?resize=525%2C300&ssl=1 1.5x, https:\/\/i0.wp.com\/www.wallendorff.com\/belogue\/wp-content\/uploads\/2015\/04\/200809041.jpg?resize=700%2C400&ssl=1 2x"},"classes":[]},{"id":107,"url":"https:\/\/www.wallendorff.com\/belogue\/2006\/03\/22\/previously-unrelased-29\/","url_meta":{"origin":635,"position":2},"title":"Previously unrelased #29\u00b9.","author":"dpc","date":"22 mars 2006","format":false,"excerpt":"Fingerless, la Fl\u00e8che d'Or, Paris, 7 f\u00e9vrier, 22h30. [Je sais, j'en fais plein en ce moment, mais c'est \u00e7a ou le fond de tiroir.] Tu rentres chez toi, Tu lis \u00e7a, Et t'en peux plus d'attendre qu'ils viennent ici, berdel. \u00a0The White Stripes \u2013 Black Math (live) _____ 1 Traditien\u2026","rel":"","context":"Dans &quot;Previously unreleased&quot;","block_context":{"text":"Previously unreleased","link":"https:\/\/www.wallendorff.com\/belogue\/category\/previously-unreleased\/"},"img":{"alt_text":"","src":"https:\/\/i0.wp.com\/www.wallendorff.com\/belogue\/wp-content\/uploads\/2015\/04\/200603221.jpg?resize=350%2C200&ssl=1","width":350,"height":200},"classes":[]},{"id":4930,"url":"https:\/\/www.wallendorff.com\/belogue\/2009\/10\/28\/previously-unreleased-851\/","url_meta":{"origin":635,"position":3},"title":"Previously unreleased #851.","author":"dpc","date":"28 octobre 2009","format":false,"excerpt":"The Raconteurs, Rock en Seine, 29 ao\u00fbt 2008. Parce qu'entre la note d'hier et la note de demain, on ne peut d\u00e9cemment poster qu'une photo pas-vue-jusque-l\u00e02 des Raconteurs, accompagn\u00e9e de leur meilleur prestation-en-date-depuis-que-Five-on-the-Five-n'est-plus-\u00e9coutable. Si vous me cherchez ce soir vous savez o\u00f9 me trouver, hein. \u00a0The Raconteurs \u2013 Headin' for\u2026","rel":"","context":"Dans &quot;Previously unreleased&quot;","block_context":{"text":"Previously unreleased","link":"https:\/\/www.wallendorff.com\/belogue\/category\/previously-unreleased\/"},"img":{"alt_text":"","src":"https:\/\/i0.wp.com\/www.wallendorff.com\/belogue\/wp-content\/uploads\/2015\/04\/200910281.jpg?resize=350%2C200&ssl=1","width":350,"height":200},"classes":[]},{"id":775,"url":"https:\/\/www.wallendorff.com\/belogue\/2006\/08\/29\/the-raconteurs-rock-en-seine-paris-25-aout\/","url_meta":{"origin":635,"position":4},"title":"The Raconteurs @ Rock en Seine, Paris, 25 ao\u00fbt.","author":"dpc","date":"29 ao\u00fbt 2006","format":false,"excerpt":"Brend-Hann vit le grand inconnu s'approcher du micro. Subjugu\u00e9 par sa stature, p\u00e9trifi\u00e9 par sa prestance, le candide breton se sentit submerg\u00e9 par une vague de curiosit\u00e9 m\u00eal\u00e9e d'un trouble haletant. Le grand \u00e9ph\u00e8be qui lui faisait face, feintant l'innocence mais s\u00fbr de son succ\u00e8s, ondula son corps d'un air\u2026","rel":"","context":"Dans &quot;Alive&quot;","block_context":{"text":"Alive","link":"https:\/\/www.wallendorff.com\/belogue\/category\/alive\/"},"img":{"alt_text":"","src":"https:\/\/i0.wp.com\/www.wallendorff.com\/belogue\/wp-content\/uploads\/2015\/04\/200608291.jpg?resize=350%2C200&ssl=1","width":350,"height":200},"classes":[]},{"id":794,"url":"https:\/\/www.wallendorff.com\/belogue\/2006\/09\/23\/previously-unreleased-44\/","url_meta":{"origin":635,"position":5},"title":"Previously Unreleased #44\u00b9.","author":"dpc","date":"23 septembre 2006","format":false,"excerpt":"The Raconteurs, Rock en Seine, 25 ao\u00fbt. \u00a0The Datsuns \u2013 What Are You Stamping Your Foot for?","rel":"","context":"Dans &quot;Previously unreleased&quot;","block_context":{"text":"Previously unreleased","link":"https:\/\/www.wallendorff.com\/belogue\/category\/previously-unreleased\/"},"img":{"alt_text":"","src":"https:\/\/i0.wp.com\/www.wallendorff.com\/belogue\/wp-content\/uploads\/2015\/04\/200609231.jpg?resize=350%2C200&ssl=1","width":350,"height":200,"srcset":"https:\/\/i0.wp.com\/www.wallendorff.com\/belogue\/wp-content\/uploads\/2015\/04\/200609231.jpg?resize=350%2C200&ssl=1 1x, https:\/\/i0.wp.com\/www.wallendorff.com\/belogue\/wp-content\/uploads\/2015\/04\/200609231.jpg?resize=525%2C300&ssl=1 1.5x, https:\/\/i0.wp.com\/www.wallendorff.com\/belogue\/wp-content\/uploads\/2015\/04\/200609231.jpg?resize=700%2C400&ssl=1 2x"},"classes":[]}],"_links":{"self":[{"href":"https:\/\/www.wallendorff.com\/belogue\/wp-json\/wp\/v2\/posts\/635","targetHints":{"allow":["GET"]}}],"collection":[{"href":"https:\/\/www.wallendorff.com\/belogue\/wp-json\/wp\/v2\/posts"}],"about":[{"href":"https:\/\/www.wallendorff.com\/belogue\/wp-json\/wp\/v2\/types\/post"}],"author":[{"embeddable":true,"href":"https:\/\/www.wallendorff.com\/belogue\/wp-json\/wp\/v2\/users\/1"}],"replies":[{"embeddable":true,"href":"https:\/\/www.wallendorff.com\/belogue\/wp-json\/wp\/v2\/comments?post=635"}],"version-history":[{"count":2,"href":"https:\/\/www.wallendorff.com\/belogue\/wp-json\/wp\/v2\/posts\/635\/revisions"}],"predecessor-version":[{"id":3395,"href":"https:\/\/www.wallendorff.com\/belogue\/wp-json\/wp\/v2\/posts\/635\/revisions\/3395"}],"wp:featuredmedia":[{"embeddable":true,"href":"https:\/\/www.wallendorff.com\/belogue\/wp-json\/wp\/v2\/media\/24584"}],"wp:attachment":[{"href":"https:\/\/www.wallendorff.com\/belogue\/wp-json\/wp\/v2\/media?parent=635"}],"wp:term":[{"taxonomy":"category","embeddable":true,"href":"https:\/\/www.wallendorff.com\/belogue\/wp-json\/wp\/v2\/categories?post=635"},{"taxonomy":"post_tag","embeddable":true,"href":"https:\/\/www.wallendorff.com\/belogue\/wp-json\/wp\/v2\/tags?post=635"}],"curies":[{"name":"wp","href":"https:\/\/api.w.org\/{rel}","templated":true}]}}