{"id":6346,"date":"2010-01-25T12:32:10","date_gmt":"2010-01-25T11:32:10","guid":{"rendered":"http:\/\/www.po-l.com\/belogue\/?p=6346"},"modified":"2012-01-04T12:36:15","modified_gmt":"2012-01-04T10:36:15","slug":"pas-de-main-la-vieille","status":"publish","type":"post","link":"https:\/\/www.wallendorff.com\/belogue\/2010\/01\/25\/pas-de-main-la-vieille\/","title":{"rendered":"Pas de main, la vieille."},"content":{"rendered":"<div id=\"photo\">\n<p><img decoding=\"async\" src=\"https:\/\/www.wallendorff.com\/belogue\/photo\/2010\/01\/20100125.jpg\" \/><br \/>\nRue du Bain-aux-Plantes, Strasbourg, 26 d&eacute;cembre 2009.<\/p>\n<\/div>\n<div id=\"bandeson\">\n<p><img decoding=\"async\" src=\"https:\/\/www.wallendorff.com\/belogue\/photo\/pochettes\/s\/shout_out_louds-work.jpg\" align=\"left\" \/>&nbsp;<a href=\"http:\/\/www.shoutoutlouds.com\/\">Shout Out Louds<\/a> &ndash; <em>Four by Four<\/em><\/p>\n<\/div>\n","protected":false},"excerpt":{"rendered":"<p>Rue du Bain-aux-Plantes, Strasbourg, 26 d&eacute;cembre 2009. &nbsp;Shout Out Louds &ndash; Four by Four<\/p>\n","protected":false},"author":1,"featured_media":25670,"comment_status":"open","ping_status":"open","sticky":false,"template":"","format":"standard","meta":{"_acf_changed":false,"ngg_post_thumbnail":0,"jetpack_post_was_ever_published":false,"_jetpack_newsletter_access":"","_jetpack_dont_email_post_to_subs":false,"_jetpack_newsletter_tier_id":0,"_jetpack_memberships_contains_paywalled_content":false,"_jetpack_memberships_contains_paid_content":false,"footnotes":"","jetpack_publicize_message":"","jetpack_publicize_feature_enabled":true,"jetpack_social_post_already_shared":false,"jetpack_social_options":{"image_generator_settings":{"template":"highway","default_image_id":0,"font":"","enabled":false},"version":2}},"categories":[3],"tags":[10219,10424,2571,2615,3407,10120,10147,3406,10158,10350,10422],"class_list":["post-6346","post","type-post","status-publish","format-standard","has-post-thumbnail","hentry","category-dpc","tag-alsace","tag-bas-rhin","tag-ef-16-35-mm-f28l-ii-usm","tag-eos-5d-mark-ii","tag-four-by-four","tag-france","tag-nuit","tag-rue-du-bain-aux-plantes","tag-ruelle","tag-shout-out-louds","tag-strasbourg"],"acf":[],"geo":{"latitude":48.5815468,"longitude":7.7417617,"description":null},"jetpack_publicize_connections":[],"jetpack_featured_media_url":"https:\/\/www.wallendorff.com\/belogue\/wp-content\/uploads\/2015\/04\/201001251.jpg","jetpack_shortlink":"https:\/\/wp.me\/p3b35P-1Em","jetpack_sharing_enabled":true,"jetpack-related-posts":[{"id":9658,"url":"https:\/\/www.wallendorff.com\/belogue\/2010\/10\/14\/shout-out-louds-baden-baden-la-maroquinerie\/","url_meta":{"origin":6346,"position":0},"title":"Shout Out Louds + Baden Baden @ la Maroquinerie, Paris.","author":"dpc","date":"14 octobre 2010","format":false,"excerpt":"Mon dernier live su\u00e9dois avait d\u00e9\u00e7u, celui-l\u00e0 m'a agr\u00e9ablement surpris. Je m'attendais \u00e0 une soir\u00e9e tranquille, lov\u00e9e dans les morceaux p\u00e9p\u00e8res de leur trois bons albums (Howl Howl Gaff Gaff, 2005, Our Ill Wills, 2007 et Work, 2010) mais non, les Shout Out Louds montent leur compos un niveau au-dessus,\u2026","rel":"","context":"Dans &quot;Alive&quot;","block_context":{"text":"Alive","link":"https:\/\/www.wallendorff.com\/belogue\/category\/alive\/"},"img":{"alt_text":"","src":"https:\/\/i0.wp.com\/www.wallendorff.com\/belogue\/wp-content\/uploads\/2015\/04\/201010141.jpg?resize=350%2C200&ssl=1","width":350,"height":200,"srcset":"https:\/\/i0.wp.com\/www.wallendorff.com\/belogue\/wp-content\/uploads\/2015\/04\/201010141.jpg?resize=350%2C200&ssl=1 1x, https:\/\/i0.wp.com\/www.wallendorff.com\/belogue\/wp-content\/uploads\/2015\/04\/201010141.jpg?resize=525%2C300&ssl=1 1.5x, https:\/\/i0.wp.com\/www.wallendorff.com\/belogue\/wp-content\/uploads\/2015\/04\/201010141.jpg?resize=700%2C400&ssl=1 2x"},"classes":[]},{"id":20722,"url":"https:\/\/www.wallendorff.com\/belogue\/2013\/04\/04\/shout-out-louds-le-cafe-de-la-danse-paris\/","url_meta":{"origin":6346,"position":1},"title":"Shout Out Louds @ le Caf\u00e9 de la Danse, Paris.","author":"dpc","date":"4 avril 2013","format":false,"excerpt":"Sugar Shout Out Louds \u00a0","rel":"","context":"Dans &quot;Alive&quot;","block_context":{"text":"Alive","link":"https:\/\/www.wallendorff.com\/belogue\/category\/alive\/"},"img":{"alt_text":"","src":"https:\/\/i0.wp.com\/www.wallendorff.com\/belogue\/wp-content\/uploads\/2015\/04\/20130404.jpg?resize=350%2C200&ssl=1","width":350,"height":200,"srcset":"https:\/\/i0.wp.com\/www.wallendorff.com\/belogue\/wp-content\/uploads\/2015\/04\/20130404.jpg?resize=350%2C200&ssl=1 1x, https:\/\/i0.wp.com\/www.wallendorff.com\/belogue\/wp-content\/uploads\/2015\/04\/20130404.jpg?resize=525%2C300&ssl=1 1.5x, https:\/\/i0.wp.com\/www.wallendorff.com\/belogue\/wp-content\/uploads\/2015\/04\/20130404.jpg?resize=700%2C400&ssl=1 2x"},"classes":[]},{"id":9689,"url":"https:\/\/www.wallendorff.com\/belogue\/2010\/10\/20\/shooting-people-74\/","url_meta":{"origin":6346,"position":2},"title":"Shooting people #74","author":"dpc","date":"20 octobre 2010","format":false,"excerpt":"La Maroquinerie, Paris, 13 octobre. No Age \u2013 Shred and Transcend","rel":"","context":"Dans &quot;Portraits&quot;","block_context":{"text":"Portraits","link":"https:\/\/www.wallendorff.com\/belogue\/category\/portraits\/"},"img":{"alt_text":"","src":"https:\/\/i0.wp.com\/www.wallendorff.com\/belogue\/wp-content\/uploads\/2015\/04\/201010201.jpg?resize=350%2C200&ssl=1","width":350,"height":200},"classes":[]},{"id":3471,"url":"https:\/\/www.wallendorff.com\/belogue\/2008\/10\/02\/goth-milk\/","url_meta":{"origin":6346,"position":3},"title":"Goth Milk.","author":"dpc","date":"2 octobre 2008","format":false,"excerpt":"Saint Cyr's Church, Stonehouse, 15 septembre. \u00a0Shout Out Louds \u2013 Go Sadness Dans la vie il y a des Space mots-keys qui n'attendent pas, tels que \u00ab\u00a0\u00a0\u00bb et l'id\u00e9e de film qu'il suscite, mettant en sc\u00e8ne le plus c\u00e9l\u00e8bre photographe de la place parisienne subitement cl\u00f4n\u00e9 en 82 exemplaires pr\u00eats\u2026","rel":"","context":"Dans &quot;DPC&quot;","block_context":{"text":"DPC","link":"https:\/\/www.wallendorff.com\/belogue\/category\/dpc\/"},"img":{"alt_text":"","src":"https:\/\/i0.wp.com\/www.wallendorff.com\/belogue\/wp-content\/uploads\/2015\/04\/200810021.jpg?resize=350%2C200&ssl=1","width":350,"height":200},"classes":[]},{"id":242,"url":"https:\/\/www.wallendorff.com\/belogue\/2005\/12\/12\/des-ores-donnes\/","url_meta":{"origin":6346,"position":4},"title":"Des ores donn&eacute;s.","author":"dpc","date":"12 d\u00e9cembre 2005","format":false,"excerpt":"Paris, 02 d\u00e9cembre 2005, 07h47. [Sleepless in Cit\u00e9 no I.] Tout \u00e7a pour dire que les Shout Out Louds sont des Su\u00e9dois biens. \u00c9coutez-en. \u00a0Shout Out Louds \u2014 Go Sadness","rel":"","context":"Dans &quot;DPC&quot;","block_context":{"text":"DPC","link":"https:\/\/www.wallendorff.com\/belogue\/category\/dpc\/"},"img":{"alt_text":"","src":"https:\/\/i0.wp.com\/www.wallendorff.com\/belogue\/wp-content\/uploads\/2015\/04\/200512121.jpg?resize=350%2C200&ssl=1","width":350,"height":200,"srcset":"https:\/\/i0.wp.com\/www.wallendorff.com\/belogue\/wp-content\/uploads\/2015\/04\/200512121.jpg?resize=350%2C200&ssl=1 1x, https:\/\/i0.wp.com\/www.wallendorff.com\/belogue\/wp-content\/uploads\/2015\/04\/200512121.jpg?resize=525%2C300&ssl=1 1.5x"},"classes":[]},{"id":20673,"url":"https:\/\/www.wallendorff.com\/belogue\/2013\/03\/21\/photo-de-nues\/","url_meta":{"origin":6346,"position":5},"title":"Photo de nues.","author":"dpc","date":"21 mars 2013","format":false,"excerpt":"A\u00e9roport Paris-Charles-de-Gaulle, 8 f\u00e9vrier. 14th of JulyShout Out Louds","rel":"","context":"Dans &quot;DPC&quot;","block_context":{"text":"DPC","link":"https:\/\/www.wallendorff.com\/belogue\/category\/dpc\/"},"img":{"alt_text":"","src":"https:\/\/i0.wp.com\/www.wallendorff.com\/belogue\/wp-content\/uploads\/2015\/04\/20130321.jpg?resize=350%2C200&ssl=1","width":350,"height":200,"srcset":"https:\/\/i0.wp.com\/www.wallendorff.com\/belogue\/wp-content\/uploads\/2015\/04\/20130321.jpg?resize=350%2C200&ssl=1 1x, https:\/\/i0.wp.com\/www.wallendorff.com\/belogue\/wp-content\/uploads\/2015\/04\/20130321.jpg?resize=525%2C300&ssl=1 1.5x, https:\/\/i0.wp.com\/www.wallendorff.com\/belogue\/wp-content\/uploads\/2015\/04\/20130321.jpg?resize=700%2C400&ssl=1 2x"},"classes":[]}],"_links":{"self":[{"href":"https:\/\/www.wallendorff.com\/belogue\/wp-json\/wp\/v2\/posts\/6346","targetHints":{"allow":["GET"]}}],"collection":[{"href":"https:\/\/www.wallendorff.com\/belogue\/wp-json\/wp\/v2\/posts"}],"about":[{"href":"https:\/\/www.wallendorff.com\/belogue\/wp-json\/wp\/v2\/types\/post"}],"author":[{"embeddable":true,"href":"https:\/\/www.wallendorff.com\/belogue\/wp-json\/wp\/v2\/users\/1"}],"replies":[{"embeddable":true,"href":"https:\/\/www.wallendorff.com\/belogue\/wp-json\/wp\/v2\/comments?post=6346"}],"version-history":[{"count":1,"href":"https:\/\/www.wallendorff.com\/belogue\/wp-json\/wp\/v2\/posts\/6346\/revisions"}],"predecessor-version":[{"id":15186,"href":"https:\/\/www.wallendorff.com\/belogue\/wp-json\/wp\/v2\/posts\/6346\/revisions\/15186"}],"wp:featuredmedia":[{"embeddable":true,"href":"https:\/\/www.wallendorff.com\/belogue\/wp-json\/wp\/v2\/media\/25670"}],"wp:attachment":[{"href":"https:\/\/www.wallendorff.com\/belogue\/wp-json\/wp\/v2\/media?parent=6346"}],"wp:term":[{"taxonomy":"category","embeddable":true,"href":"https:\/\/www.wallendorff.com\/belogue\/wp-json\/wp\/v2\/categories?post=6346"},{"taxonomy":"post_tag","embeddable":true,"href":"https:\/\/www.wallendorff.com\/belogue\/wp-json\/wp\/v2\/tags?post=6346"}],"curies":[{"name":"wp","href":"https:\/\/api.w.org\/{rel}","templated":true}]}}