{"id":6338,"date":"2010-01-23T00:08:27","date_gmt":"2010-01-22T23:08:27","guid":{"rendered":"http:\/\/www.po-l.com\/belogue\/?p=6338"},"modified":"2012-01-19T12:00:34","modified_gmt":"2012-01-19T10:00:34","slug":"band-of-skulls-the-parlotones-la-fleche-dor-paris-21-janvier","status":"publish","type":"post","link":"https:\/\/www.wallendorff.com\/belogue\/2010\/01\/23\/band-of-skulls-the-parlotones-la-fleche-dor-paris-21-janvier\/","title":{"rendered":"Band of Skulls + The Parlotones @ la Fl\u00e8che d&rsquo;Or, Paris, 21 janvier."},"content":{"rendered":"<div id=\"photo\">\n<p><img decoding=\"async\" src=\"https:\/\/www.wallendorff.com\/belogue\/photo\/2010\/01\/20100123.jpg\" \/><\/p>\n<\/div>\n<div id=\"bandeson\">\n<p><img decoding=\"async\" src=\"https:\/\/www.wallendorff.com\/belogue\/photo\/pochettes\/b\/band_of_skulls-baby_darling_doll_face_honey.jpg\" align=\"left\" \/>&nbsp;<a href=\"http:\/\/www.bandofskulls.com\/\">Band of Skulls<\/a> &ndash; <em>I Know What I Am<\/em><\/p>\n<\/div>\n<p>Et notre premier groupe tout neuf de l&rsquo;ann&eacute;e est donc un trio d&rsquo;Anglais barr&eacute;s et chevelus qui savent retourner une salle comme il faut, m&ecirc;me quand elle est un peu d&eacute;peupl&eacute;e. Premi&egrave;re exp&eacute;rience convaincante, grave, on attend vite la suite avec un public moins sceptique.<\/p>\n<p>[Ah et je ne causerai pas des Parlotones. Mauvais karma.]<\/p>\n<p>\/ Edit&nbsp;: Allez donc voir <a href=\"http:\/\/www.le-hiboo.com\/20684-hiboo-dscene-band-of-skulls-a-la-fleche-dor\">tout &ccedil;a en images mouvantes chez le Hibooxe<\/a>, &ccedil;a en vaut le clic, oui oui.<\/p>\n<h1>The Parlotones<\/h1>ngg_shortcode_0_placeholder<h1>Band of Skulls<\/h1>ngg_shortcode_1_placeholder","protected":false},"excerpt":{"rendered":"<p>&nbsp;Band of Skulls &ndash; I Know What I Am Et notre premier groupe tout neuf de l&rsquo;ann&eacute;e est donc un trio d&rsquo;Anglais barr&eacute;s et chevelus qui savent retourner une salle comme il faut, m&ecirc;me quand elle est un peu d&eacute;peupl&eacute;e. Premi&egrave;re exp&eacute;rience convaincante, grave, on attend vite la suite avec un public moins sceptique. [Ah&hellip;<\/p>\n","protected":false},"author":1,"featured_media":25669,"comment_status":"open","ping_status":"open","sticky":false,"template":"","format":"standard","meta":{"_acf_changed":false,"ngg_post_thumbnail":0,"jetpack_post_was_ever_published":false,"_jetpack_newsletter_access":"","_jetpack_dont_email_post_to_subs":false,"_jetpack_newsletter_tier_id":0,"_jetpack_memberships_contains_paywalled_content":false,"_jetpack_memberships_contains_paid_content":false,"footnotes":"","jetpack_publicize_message":"","jetpack_publicize_feature_enabled":true,"jetpack_social_post_already_shared":false,"jetpack_social_options":{"image_generator_settings":{"template":"highway","default_image_id":0,"font":"","enabled":false},"version":2}},"categories":[7],"tags":[10654,10216,10084,10653,2571,196,1438,2615,10120,10121,10374,143,10098,10199,10651],"class_list":["post-6338","post","type-post","status-publish","format-standard","has-post-thumbnail","hentry","category-alive","tag-10654","tag-10216","tag-alive","tag-band-of-skulls","tag-ef-16-35-mm-f28l-ii-usm","tag-ef-28-70-mm-f28l-usm","tag-ef-50-mm-f14-usm","tag-eos-5d-mark-ii","tag-france","tag-ile-de-france","tag-la-fleche-dor","tag-noir-et-blanc","tag-paris","tag-pieds","tag-the-parlotones"],"acf":[],"geo":{"latitude":48.8594246,"longitude":2.4029884,"description":"94-104 Rue de Bagnolet, 75020 Paris, France"},"jetpack_publicize_connections":[],"jetpack_featured_media_url":"https:\/\/www.wallendorff.com\/belogue\/wp-content\/uploads\/2015\/04\/201001231.jpg","jetpack_shortlink":"https:\/\/wp.me\/p3b35P-1Ee","jetpack_sharing_enabled":true,"jetpack-related-posts":[{"id":15564,"url":"https:\/\/www.wallendorff.com\/belogue\/2012\/01\/27\/band-of-skulls-stoned-popes-annette-et-mathi-la-fleche-dor-paris\/","url_meta":{"origin":6338,"position":0},"title":"Band of Skulls + Stoned Popes + Annette et Mathi @ la Fl\u00e8che d&rsquo;Or, Paris.","author":"dpc","date":"27 janvier 2012","format":false,"excerpt":"Sweet Sour | Patterns | Fires | The Devil Takes Care of His Own | Bruises | Cold Fame | Lies | Bomb | Blood | You Aren't Pretty But You Got It Going on | Dull Gold Heart | I Know What I Am | Light of the Morning\u2026","rel":"","context":"Dans &quot;Alive&quot;","block_context":{"text":"Alive","link":"https:\/\/www.wallendorff.com\/belogue\/category\/alive\/"},"img":{"alt_text":"","src":"https:\/\/i0.wp.com\/www.wallendorff.com\/belogue\/wp-content\/uploads\/2015\/04\/201201271.jpg?resize=350%2C200&ssl=1","width":350,"height":200,"srcset":"https:\/\/i0.wp.com\/www.wallendorff.com\/belogue\/wp-content\/uploads\/2015\/04\/201201271.jpg?resize=350%2C200&ssl=1 1x, https:\/\/i0.wp.com\/www.wallendorff.com\/belogue\/wp-content\/uploads\/2015\/04\/201201271.jpg?resize=525%2C300&ssl=1 1.5x, https:\/\/i0.wp.com\/www.wallendorff.com\/belogue\/wp-content\/uploads\/2015\/04\/201201271.jpg?resize=700%2C400&ssl=1 2x"},"classes":[]},{"id":127695,"url":"https:\/\/www.wallendorff.com\/belogue\/2024\/04\/14\/suivre-la-fleche-1-3-reference\/","url_meta":{"origin":6338,"position":1},"title":"Suivre la fl\u00e8che [1\/3] : R\u00e9f\u00e9rence.","author":"dpc","date":"14 avril 2024","format":false,"excerpt":"Voil\u00e0 5 ans, la fl\u00e8che s\u2019effondrait, emportant quelques-unes de nos certitudes.Voil\u00e0 5 ans, l\u2019incendie laissait un trou b\u00e9ant \u00e0 la place de l\u2019un des plus anciens, des plus classiques point de r\u00e9f\u00e9rence du paysage parisien.Voil\u00e0 5 ans commen\u00e7ait la lente recouvrance qui devrait se terminer \u00e0 la fin de l'ann\u00e9e\u2026","rel":"","context":"Dans &quot;DPC&quot;","block_context":{"text":"DPC","link":"https:\/\/www.wallendorff.com\/belogue\/category\/dpc\/"},"img":{"alt_text":"","src":"https:\/\/i0.wp.com\/www.wallendorff.com\/belogue\/wp-content\/uploads\/2024\/04\/20240414-01.jpg?resize=350%2C200&ssl=1","width":350,"height":200,"srcset":"https:\/\/i0.wp.com\/www.wallendorff.com\/belogue\/wp-content\/uploads\/2024\/04\/20240414-01.jpg?resize=350%2C200&ssl=1 1x, https:\/\/i0.wp.com\/www.wallendorff.com\/belogue\/wp-content\/uploads\/2024\/04\/20240414-01.jpg?resize=525%2C300&ssl=1 1.5x, https:\/\/i0.wp.com\/www.wallendorff.com\/belogue\/wp-content\/uploads\/2024\/04\/20240414-01.jpg?resize=700%2C400&ssl=1 2x, https:\/\/i0.wp.com\/www.wallendorff.com\/belogue\/wp-content\/uploads\/2024\/04\/20240414-01.jpg?resize=1050%2C600&ssl=1 3x"},"classes":[]},{"id":127713,"url":"https:\/\/www.wallendorff.com\/belogue\/2024\/04\/15\/suivre-la-fleche-2-3-resistance\/","url_meta":{"origin":6338,"position":2},"title":"Suivre la fl\u00e8che [2\/3] : R\u00e9sistance.","author":"dpc","date":"15 avril 2024","format":false,"excerpt":"J\u2019ai \u00e9t\u00e9 inform\u00e9 de l\u2019incendie en arrivant chez moi. 5 minutes plus tard, je sautais dans le RER, direction Pont Marie1.En me frayant un passage \u00e0 travers la foule silencieuse, mass\u00e9e \u00e0 la fronti\u00e8re du bouclage de la police, je d\u00e9couvre le trou b\u00e9ant. La fl\u00e8che s\u2019est \u00e9croul\u00e9e pendant mon\u2026","rel":"","context":"Dans &quot;DPC&quot;","block_context":{"text":"DPC","link":"https:\/\/www.wallendorff.com\/belogue\/category\/dpc\/"},"img":{"alt_text":"","src":"https:\/\/i0.wp.com\/www.wallendorff.com\/belogue\/wp-content\/uploads\/2024\/04\/20240415-12.jpg?resize=350%2C200&ssl=1","width":350,"height":200,"srcset":"https:\/\/i0.wp.com\/www.wallendorff.com\/belogue\/wp-content\/uploads\/2024\/04\/20240415-12.jpg?resize=350%2C200&ssl=1 1x, https:\/\/i0.wp.com\/www.wallendorff.com\/belogue\/wp-content\/uploads\/2024\/04\/20240415-12.jpg?resize=525%2C300&ssl=1 1.5x, https:\/\/i0.wp.com\/www.wallendorff.com\/belogue\/wp-content\/uploads\/2024\/04\/20240415-12.jpg?resize=700%2C400&ssl=1 2x, https:\/\/i0.wp.com\/www.wallendorff.com\/belogue\/wp-content\/uploads\/2024\/04\/20240415-12.jpg?resize=1050%2C600&ssl=1 3x"},"classes":[]},{"id":12644,"url":"https:\/\/www.wallendorff.com\/belogue\/2011\/04\/14\/the-head-and-the-heart-mechanical-bride-trevor-ross-hannah-lou\/","url_meta":{"origin":6338,"position":3},"title":"The Head and the Heart + Mechanical Bride + Trevor Ross &#038; Hannah-Lou @ la Fl\u00e8che d&rsquo;Or, Paris.","author":"dpc","date":"14 avril 2011","format":false,"excerpt":"Tr\u00e8s calmes sur disque \u2015\u00a0le Cats and Dogs ci-dessous est ce qu'on trouve de plus \u00e9nerv\u00e9 chez eux\u00a0\u2015, The Head and the Heart se montrent bien plus enjou\u00e9s sur sc\u00e8ne, donnant plus d'ampleur \u00e0 leurs morceaux et conqu\u00e9rant bien vite une Fl\u00e8che d'Or qui ne tarde pas \u00e0 taper dans\u2026","rel":"","context":"Dans &quot;Alive&quot;","block_context":{"text":"Alive","link":"https:\/\/www.wallendorff.com\/belogue\/category\/alive\/"},"img":{"alt_text":"","src":"https:\/\/i0.wp.com\/www.wallendorff.com\/belogue\/wp-content\/uploads\/2015\/04\/201104141.jpg?resize=350%2C200&ssl=1","width":350,"height":200,"srcset":"https:\/\/i0.wp.com\/www.wallendorff.com\/belogue\/wp-content\/uploads\/2015\/04\/201104141.jpg?resize=350%2C200&ssl=1 1x, https:\/\/i0.wp.com\/www.wallendorff.com\/belogue\/wp-content\/uploads\/2015\/04\/201104141.jpg?resize=525%2C300&ssl=1 1.5x, https:\/\/i0.wp.com\/www.wallendorff.com\/belogue\/wp-content\/uploads\/2015\/04\/201104141.jpg?resize=700%2C400&ssl=1 2x"},"classes":[]},{"id":5369,"url":"https:\/\/www.wallendorff.com\/belogue\/2009\/12\/15\/the-black-box-revelation-la-fleche-dor-paris\/","url_meta":{"origin":6338,"position":4},"title":"The Black Box Revelation @ la Fl\u00e8che d&rsquo;Or, Paris.","author":"dpc","date":"15 d\u00e9cembre 2009","format":false,"excerpt":"\u00a0The Black Box Revelation \u2013 Set Your Head on Fire (live Pal\u00e9o festival 2009) J'aime ces matins o\u00f9 la photo parle d'elle-m\u00eame, o\u00f9 l'image montre bien que oui oui ils ont tout arrach\u00e9s et m\u00eame que Paternoster est mont\u00e9 sur la batterie de Van Dijck \u00e0 la fin de Set\u2026","rel":"","context":"Dans &quot;Alive&quot;","block_context":{"text":"Alive","link":"https:\/\/www.wallendorff.com\/belogue\/category\/alive\/"},"img":{"alt_text":"","src":"https:\/\/i0.wp.com\/www.wallendorff.com\/belogue\/wp-content\/uploads\/2015\/04\/200912151.jpg?resize=350%2C200&ssl=1","width":350,"height":200,"srcset":"https:\/\/i0.wp.com\/www.wallendorff.com\/belogue\/wp-content\/uploads\/2015\/04\/200912151.jpg?resize=350%2C200&ssl=1 1x, https:\/\/i0.wp.com\/www.wallendorff.com\/belogue\/wp-content\/uploads\/2015\/04\/200912151.jpg?resize=525%2C300&ssl=1 1.5x, https:\/\/i0.wp.com\/www.wallendorff.com\/belogue\/wp-content\/uploads\/2015\/04\/200912151.jpg?resize=700%2C400&ssl=1 2x"},"classes":[]},{"id":9440,"url":"https:\/\/www.wallendorff.com\/belogue\/2010\/09\/23\/pas-homeless-sans-scasser-dchez-eux\/","url_meta":{"origin":6338,"position":5},"title":"Pas homeless [sans s&rsquo;casser d&rsquo;chez eux.]","author":"dpc","date":"23 septembre 2010","format":false,"excerpt":"Manoir de Kergu\u00e9nol\u00e9, Locronan, 24 juillet. Dans la s\u00e9rie ma vie est trop folle, j'ai pu voir hier un groupe \u2015\u00a0The Good Ones en premi\u00e8re partie des Band of Skulls \u00e0 la Fl\u00e8che d'Or\u00a0\u2015 reprendre un morceau des White Stripes qui N'\u00c9TAIT PAS Seven Nation Army, un truc que je\u2026","rel":"","context":"Dans &quot;DPC&quot;","block_context":{"text":"DPC","link":"https:\/\/www.wallendorff.com\/belogue\/category\/dpc\/"},"img":{"alt_text":"","src":"https:\/\/i0.wp.com\/www.wallendorff.com\/belogue\/wp-content\/uploads\/2015\/04\/201009231.jpg?resize=350%2C200&ssl=1","width":350,"height":200},"classes":[]}],"_links":{"self":[{"href":"https:\/\/www.wallendorff.com\/belogue\/wp-json\/wp\/v2\/posts\/6338","targetHints":{"allow":["GET"]}}],"collection":[{"href":"https:\/\/www.wallendorff.com\/belogue\/wp-json\/wp\/v2\/posts"}],"about":[{"href":"https:\/\/www.wallendorff.com\/belogue\/wp-json\/wp\/v2\/types\/post"}],"author":[{"embeddable":true,"href":"https:\/\/www.wallendorff.com\/belogue\/wp-json\/wp\/v2\/users\/1"}],"replies":[{"embeddable":true,"href":"https:\/\/www.wallendorff.com\/belogue\/wp-json\/wp\/v2\/comments?post=6338"}],"version-history":[{"count":3,"href":"https:\/\/www.wallendorff.com\/belogue\/wp-json\/wp\/v2\/posts\/6338\/revisions"}],"predecessor-version":[{"id":15438,"href":"https:\/\/www.wallendorff.com\/belogue\/wp-json\/wp\/v2\/posts\/6338\/revisions\/15438"}],"wp:featuredmedia":[{"embeddable":true,"href":"https:\/\/www.wallendorff.com\/belogue\/wp-json\/wp\/v2\/media\/25669"}],"wp:attachment":[{"href":"https:\/\/www.wallendorff.com\/belogue\/wp-json\/wp\/v2\/media?parent=6338"}],"wp:term":[{"taxonomy":"category","embeddable":true,"href":"https:\/\/www.wallendorff.com\/belogue\/wp-json\/wp\/v2\/categories?post=6338"},{"taxonomy":"post_tag","embeddable":true,"href":"https:\/\/www.wallendorff.com\/belogue\/wp-json\/wp\/v2\/tags?post=6338"}],"curies":[{"name":"wp","href":"https:\/\/api.w.org\/{rel}","templated":true}]}}