{"id":6303,"date":"2010-01-22T10:01:08","date_gmt":"2010-01-22T09:01:08","guid":{"rendered":"http:\/\/www.po-l.com\/belogue\/?p=6303"},"modified":"2012-01-18T11:48:16","modified_gmt":"2012-01-18T09:48:16","slug":"tomorrow-wont-be-pretty","status":"publish","type":"post","link":"https:\/\/www.wallendorff.com\/belogue\/2010\/01\/22\/tomorrow-wont-be-pretty\/","title":{"rendered":"Tomorrow won&rsquo;t be pretty."},"content":{"rendered":"<div id=\"photo\">\n<p><img decoding=\"async\" src=\"https:\/\/www.wallendorff.com\/belogue\/photo\/2010\/01\/20100122.jpg\" \/><br \/>\nPlace de la cath&eacute;drale, Strasbourg, 26 d&eacute;cembre 2009.<\/p>\n<\/div>\n<div id=\"bandeson\">\n<p><img decoding=\"async\" src=\"https:\/\/www.wallendorff.com\/belogue\/photo\/pochettes\/n\/national_the-sad_songs_for_dirty_lovers.jpg\" align=\"left\" \/>&nbsp;<a href=\"http:\/\/www.americanmary.com\/\">The National<\/a> &ndash; <em>Murder Me Rachael<\/em><\/p>\n<\/div>\n<p style=\"text-align:center\" class=\"tres_gros\" align=\"right\"><a href=\"http:\/\/www.youtube.com\/watch?v=9BSJGclcN1I\">BLACK REBEL MOTORCYCLE CLUB<\/a><\/p>\n","protected":false},"excerpt":{"rendered":"<p>Place de la cath&eacute;drale, Strasbourg, 26 d&eacute;cembre 2009. &nbsp;The National &ndash; Murder Me Rachael BLACK REBEL MOTORCYCLE CLUB<\/p>\n","protected":false},"author":1,"featured_media":25668,"comment_status":"open","ping_status":"open","sticky":false,"template":"","format":"standard","meta":{"_acf_changed":false,"ngg_post_thumbnail":0,"jetpack_post_was_ever_published":false,"_jetpack_newsletter_access":"","_jetpack_dont_email_post_to_subs":false,"_jetpack_newsletter_tier_id":0,"_jetpack_memberships_contains_paywalled_content":false,"_jetpack_memberships_contains_paid_content":false,"footnotes":"","jetpack_publicize_message":"","jetpack_publicize_feature_enabled":true,"jetpack_social_post_already_shared":false,"jetpack_social_options":{"image_generator_settings":{"template":"highway","default_image_id":0,"font":"","enabled":false},"version":2}},"categories":[3],"tags":[10219,10424,10118,737,1438,2615,10314,10120,10642,10278,3393,10147,884,3392,10158,10422,10252],"class_list":["post-6303","post","type-post","status-publish","format-standard","has-post-thumbnail","hentry","category-dpc","tag-alsace","tag-bas-rhin","tag-black-rebel-motorcycle-club","tag-bleu","tag-ef-50-mm-f14-usm","tag-eos-5d-mark-ii","tag-etoile","tag-france","tag-illuminations","tag-lampadaire","tag-murder-me-rachael","tag-nuit","tag-place-de-france","tag-place-de-la-cathedrale","tag-ruelle","tag-strasbourg","tag-the-national"],"acf":[],"geo":{"latitude":48.5818481,"longitude":7.749712,"description":"13 Place de la Cath\u00e9drale, 67000 Strasbourg, France"},"jetpack_publicize_connections":[],"jetpack_featured_media_url":"https:\/\/www.wallendorff.com\/belogue\/wp-content\/uploads\/2015\/04\/201001221.jpg","jetpack_shortlink":"https:\/\/wp.me\/p3b35P-1DF","jetpack_sharing_enabled":true,"jetpack-related-posts":[{"id":22670,"url":"https:\/\/www.wallendorff.com\/belogue\/2014\/04\/04\/black-rebel-motorcycle-club-la-laiterie-strasbourg-15-fevrier\/","url_meta":{"origin":6303,"position":0},"title":"Black Rebel Motorcycle Club @ la Laiterie, Strasbourg, 15 f\u00e9vrier.","author":"dpc","date":"4 avril 2014","format":false,"excerpt":"Fire Walker | Let the Day Begin (The Call) | Beat the Devil's Tattoo | Hate the Taste | Ain't No Easy Way | Stop | Returning | Took Out a Loan | Conscience Killer | White Palms | Lose Yourself | High\/Low | Six Barrel Shotgun | Spread Your\u2026","rel":"","context":"Dans &quot;Alive&quot;","block_context":{"text":"Alive","link":"https:\/\/www.wallendorff.com\/belogue\/category\/alive\/"},"img":{"alt_text":"","src":"https:\/\/i0.wp.com\/www.wallendorff.com\/belogue\/wp-content\/uploads\/2015\/04\/201404031.jpg?resize=350%2C200&ssl=1","width":350,"height":200,"srcset":"https:\/\/i0.wp.com\/www.wallendorff.com\/belogue\/wp-content\/uploads\/2015\/04\/201404031.jpg?resize=350%2C200&ssl=1 1x, https:\/\/i0.wp.com\/www.wallendorff.com\/belogue\/wp-content\/uploads\/2015\/04\/201404031.jpg?resize=525%2C300&ssl=1 1.5x, https:\/\/i0.wp.com\/www.wallendorff.com\/belogue\/wp-content\/uploads\/2015\/04\/201404031.jpg?resize=700%2C400&ssl=1 2x"},"classes":[]},{"id":6266,"url":"https:\/\/www.wallendorff.com\/belogue\/2010\/01\/21\/jai-encore-reve-dhell\/","url_meta":{"origin":6303,"position":1},"title":"[J&rsquo;ai encore r\u00eav\u00e9 d&rsquo;Hell.]","author":"dpc","date":"21 janvier 2010","format":false,"excerpt":"Cath\u00e9drale Notre-Dame, Strasbourg, 26 d\u00e9cembre 2009. \u00a0Japandroids \u2013 I Quit Girls","rel":"","context":"Dans &quot;DPC&quot;","block_context":{"text":"DPC","link":"https:\/\/www.wallendorff.com\/belogue\/category\/dpc\/"},"img":{"alt_text":"","src":"https:\/\/i0.wp.com\/www.wallendorff.com\/belogue\/wp-content\/uploads\/2015\/04\/201001211.jpg?resize=350%2C200&ssl=1","width":350,"height":200},"classes":[]},{"id":6137,"url":"https:\/\/www.wallendorff.com\/belogue\/2010\/01\/19\/la-vint-juste-yves-il-aimoie-rien1\/","url_meta":{"origin":6303,"position":2},"title":"L\u00e0 vint juste Yves. Il aimoit rien1.","author":"dpc","date":"19 janvier 2010","format":false,"excerpt":"Cath\u00e9drale Notre-Dame, Strasbourg, 26 d\u00e9cembre 2009. \u00a0The Greenhornes \u2013 No More Je sais, je sais, elle rappelle beaucoup celle-l\u00e0 mais c'est pas moi m'dame c'est la faute des Greenhornes. [Des Greenhornes qui, soit dit en passant, seraient bien avis\u00e9s de nous refaire un disque avant qu'on use celui-l\u00e0 jusqu'\u00e0 la\u2026","rel":"","context":"Dans &quot;DPC&quot;","block_context":{"text":"DPC","link":"https:\/\/www.wallendorff.com\/belogue\/category\/dpc\/"},"img":{"alt_text":"","src":"https:\/\/i0.wp.com\/www.wallendorff.com\/belogue\/wp-content\/uploads\/2015\/04\/201001191.jpg?resize=350%2C200&ssl=1","width":350,"height":200},"classes":[]},{"id":16650,"url":"https:\/\/www.wallendorff.com\/belogue\/2012\/04\/02\/mlouche-du-cloche\/","url_meta":{"origin":6303,"position":3},"title":"M&rsquo;louche [du cloche].","author":"dpc","date":"2 avril 2012","format":false,"excerpt":"Grand Palais, Paris, 5 f\u00e9vrier. Tout \u00e7a pour dire qu'on la voyait de super-loin, la cath\u00e9drale de Strasbourg. The Men \u2013 Cube [youtube]http:\/\/www.youtube.com\/watch?v=T2AWtfL4H5I[\/youtube]","rel":"","context":"Dans &quot;DPC&quot;","block_context":{"text":"DPC","link":"https:\/\/www.wallendorff.com\/belogue\/category\/dpc\/"},"img":{"alt_text":"","src":"https:\/\/i0.wp.com\/www.wallendorff.com\/belogue\/wp-content\/uploads\/2015\/04\/201204021.jpg?resize=350%2C200&ssl=1","width":350,"height":200},"classes":[]},{"id":37326,"url":"https:\/\/www.wallendorff.com\/belogue\/2018\/03\/02\/into-the-wide-138\/","url_meta":{"origin":6303,"position":4},"title":"Into the wide #138.","author":"dpc","date":"2 mars 2018","format":false,"excerpt":"Petit-Pont-Cardinal-Lustiger, Paris, 23 janvier. Calling Them All Away Black Rebel Motorcycle Club","rel":"","context":"Dans &quot;Into the wide&quot;","block_context":{"text":"Into the wide","link":"https:\/\/www.wallendorff.com\/belogue\/category\/into-the-wide\/"},"img":{"alt_text":"Petit-Pont-Cardinal-Lustiger, Paris, 23 janvier.","src":"https:\/\/i0.wp.com\/www.wallendorff.com\/belogue\/wp-content\/uploads\/2018\/03\/20180302.jpg?resize=350%2C200&ssl=1","width":350,"height":200,"srcset":"https:\/\/i0.wp.com\/www.wallendorff.com\/belogue\/wp-content\/uploads\/2018\/03\/20180302.jpg?resize=350%2C200&ssl=1 1x, https:\/\/i0.wp.com\/www.wallendorff.com\/belogue\/wp-content\/uploads\/2018\/03\/20180302.jpg?resize=525%2C300&ssl=1 1.5x, https:\/\/i0.wp.com\/www.wallendorff.com\/belogue\/wp-content\/uploads\/2018\/03\/20180302.jpg?resize=700%2C400&ssl=1 2x, https:\/\/i0.wp.com\/www.wallendorff.com\/belogue\/wp-content\/uploads\/2018\/03\/20180302.jpg?resize=1050%2C600&ssl=1 3x"},"classes":[]},{"id":21781,"url":"https:\/\/www.wallendorff.com\/belogue\/2013\/10\/15\/previously-unreleased-92\/","url_meta":{"origin":6303,"position":5},"title":"Previously unreleased #92.","author":"dpc","date":"15 octobre 2013","format":false,"excerpt":"Black Rebel Motorcycle Club, Rock en Seine, 24 ao\u00fbt. Rival (live at KEXP)Black Rebel Motorcycle Club","rel":"","context":"Dans &quot;Previously unreleased&quot;","block_context":{"text":"Previously unreleased","link":"https:\/\/www.wallendorff.com\/belogue\/category\/previously-unreleased\/"},"img":{"alt_text":"","src":"https:\/\/i0.wp.com\/www.wallendorff.com\/belogue\/wp-content\/uploads\/2015\/04\/201310151.jpg?resize=350%2C200&ssl=1","width":350,"height":200,"srcset":"https:\/\/i0.wp.com\/www.wallendorff.com\/belogue\/wp-content\/uploads\/2015\/04\/201310151.jpg?resize=350%2C200&ssl=1 1x, https:\/\/i0.wp.com\/www.wallendorff.com\/belogue\/wp-content\/uploads\/2015\/04\/201310151.jpg?resize=525%2C300&ssl=1 1.5x, https:\/\/i0.wp.com\/www.wallendorff.com\/belogue\/wp-content\/uploads\/2015\/04\/201310151.jpg?resize=700%2C400&ssl=1 2x"},"classes":[]}],"_links":{"self":[{"href":"https:\/\/www.wallendorff.com\/belogue\/wp-json\/wp\/v2\/posts\/6303","targetHints":{"allow":["GET"]}}],"collection":[{"href":"https:\/\/www.wallendorff.com\/belogue\/wp-json\/wp\/v2\/posts"}],"about":[{"href":"https:\/\/www.wallendorff.com\/belogue\/wp-json\/wp\/v2\/types\/post"}],"author":[{"embeddable":true,"href":"https:\/\/www.wallendorff.com\/belogue\/wp-json\/wp\/v2\/users\/1"}],"replies":[{"embeddable":true,"href":"https:\/\/www.wallendorff.com\/belogue\/wp-json\/wp\/v2\/comments?post=6303"}],"version-history":[{"count":1,"href":"https:\/\/www.wallendorff.com\/belogue\/wp-json\/wp\/v2\/posts\/6303\/revisions"}],"predecessor-version":[{"id":15424,"href":"https:\/\/www.wallendorff.com\/belogue\/wp-json\/wp\/v2\/posts\/6303\/revisions\/15424"}],"wp:featuredmedia":[{"embeddable":true,"href":"https:\/\/www.wallendorff.com\/belogue\/wp-json\/wp\/v2\/media\/25668"}],"wp:attachment":[{"href":"https:\/\/www.wallendorff.com\/belogue\/wp-json\/wp\/v2\/media?parent=6303"}],"wp:term":[{"taxonomy":"category","embeddable":true,"href":"https:\/\/www.wallendorff.com\/belogue\/wp-json\/wp\/v2\/categories?post=6303"},{"taxonomy":"post_tag","embeddable":true,"href":"https:\/\/www.wallendorff.com\/belogue\/wp-json\/wp\/v2\/tags?post=6303"}],"curies":[{"name":"wp","href":"https:\/\/api.w.org\/{rel}","templated":true}]}}