{"id":630,"date":"2006-08-02T22:37:53","date_gmt":"2006-08-02T22:37:53","guid":{"rendered":"http:\/\/www.po-l.com\/wordpress\/?p=630"},"modified":"2012-05-20T16:47:23","modified_gmt":"2012-05-20T14:47:23","slug":"previously-unreleased-39","status":"publish","type":"post","link":"https:\/\/www.wallendorff.com\/belogue\/2006\/08\/02\/previously-unreleased-39\/","title":{"rendered":"Previously unreleased #39&sup1;."},"content":{"rendered":"\n<div id=\"photo\">\n<p><img decoding=\"async\" src=\"http:\/\/www.po-L.com\/belogue\/photo\/2006\/08\/20060802.jpg\" \/><br \/>\n          Muse, la Musicale, Canal +, 9 juin.<\/p>\n<\/p><\/div>\n<div id=\"bandeson\">\n<p><img decoding=\"async\" src=\"https:\/\/www.wallendorff.com\/belogue\/photo\/pochettes\/p\/primal_scream-riot_city_blues.jpg\" align=\"left\" \/>&nbsp;<a href=\"http:\/\/www.primalscream.org\/\">Primal Scream<\/a> &ndash; <em>Dolls (Sweet Rock and Roll)<\/em><\/p>\n<\/div>\n<div id=\"bas_note\">\n<p>_____<\/p>\n<p><sup>1<\/sup> Truc machin de <a href=\"http:\/\/blog.julietterobert.com\">l&agrave;<\/a> qu&rsquo;il s&rsquo;en vient.<\/p>\n<\/p><\/div>\n","protected":false},"excerpt":{"rendered":"<p>Muse, la Musicale, Canal +, 9 juin. &nbsp;Primal Scream &ndash; Dolls (Sweet Rock and Roll) _____ 1 Truc machin de l&agrave; qu&rsquo;il s&rsquo;en vient.<\/p>\n","protected":false},"author":1,"featured_media":24579,"comment_status":"open","ping_status":"open","sticky":false,"template":"","format":"standard","meta":{"_acf_changed":false,"ngg_post_thumbnail":0,"jetpack_post_was_ever_published":false,"_jetpack_newsletter_access":"","_jetpack_dont_email_post_to_subs":false,"_jetpack_newsletter_tier_id":0,"_jetpack_memberships_contains_paywalled_content":false,"_jetpack_memberships_contains_paid_content":false,"footnotes":"","jetpack_publicize_message":"","jetpack_publicize_feature_enabled":true,"jetpack_social_post_already_shared":false,"jetpack_social_options":{"image_generator_settings":{"template":"highway","default_image_id":0,"font":"","enabled":false},"version":2}},"categories":[5],"tags":[174,10084,1632,4054,132,4169,10120,10121,1714,10090,143,1589,10266,170,1631],"class_list":["post-630","post","type-post","status-publish","format-standard","has-post-thumbnail","hentry","category-previously-unreleased","tag-174","tag-alive","tag-bry-sur-marne","tag-canal-plus","tag-eos-20d","tag-dolls-sweet-rock-and-roll","tag-france","tag-ile-de-france","tag-la-musicale","tag-muse","tag-noir-et-blanc","tag-primal-scream","tag-seine-et-marne","tag-sigma-70-300-mm-f4-56-dg-apo-macro","tag-studios-sfp"],"acf":[],"geo":{"latitude":48.8383865,"longitude":2.5374608,"description":null},"jetpack_publicize_connections":[],"jetpack_featured_media_url":"https:\/\/www.wallendorff.com\/belogue\/wp-content\/uploads\/2015\/04\/200608021.jpg","jetpack_shortlink":"https:\/\/wp.me\/p3b35P-aa","jetpack_sharing_enabled":true,"jetpack-related-posts":[{"id":128329,"url":"https:\/\/www.wallendorff.com\/belogue\/2024\/06\/14\/cetait-2006\/","url_meta":{"origin":630,"position":0},"title":"C&rsquo;\u00e9tait 2006.","author":"dpc","date":"14 juin 2024","format":false,"excerpt":"62 concerts en 2006. \u00c7a explique la nature de la galerie de l'ann\u00e9e. Arctic Monkeys @ le Trabendo, Paris, 24 f\u00e9vrier 2006 Londres, 3 mars 2006 Londres, 28 avril 2006 Arctic Monkeys @ le Bataclan, Paris, 2 mai 2006 Dresden Dolls @ le Bataclan, Paris, 18 mai 2006 Asyl @\u2026","rel":"","context":"Dans &quot;DPC&quot;","block_context":{"text":"DPC","link":"https:\/\/www.wallendorff.com\/belogue\/category\/dpc\/"},"img":{"alt_text":"","src":"https:\/\/i0.wp.com\/www.wallendorff.com\/belogue\/wp-content\/uploads\/2024\/06\/20240614-19.jpg?resize=350%2C200&ssl=1","width":350,"height":200,"srcset":"https:\/\/i0.wp.com\/www.wallendorff.com\/belogue\/wp-content\/uploads\/2024\/06\/20240614-19.jpg?resize=350%2C200&ssl=1 1x, https:\/\/i0.wp.com\/www.wallendorff.com\/belogue\/wp-content\/uploads\/2024\/06\/20240614-19.jpg?resize=525%2C300&ssl=1 1.5x, https:\/\/i0.wp.com\/www.wallendorff.com\/belogue\/wp-content\/uploads\/2024\/06\/20240614-19.jpg?resize=700%2C400&ssl=1 2x, https:\/\/i0.wp.com\/www.wallendorff.com\/belogue\/wp-content\/uploads\/2024\/06\/20240614-19.jpg?resize=1050%2C600&ssl=1 3x"},"classes":[]},{"id":1182,"url":"https:\/\/www.wallendorff.com\/belogue\/2008\/03\/12\/previously-unreleased-78\/","url_meta":{"origin":630,"position":1},"title":"Previously unreleased #78\u00b9.","author":"dpc","date":"12 mars 2008","format":false,"excerpt":"The Tellers, la Cigale, Paris, 19 d\u00e9cembre 2007. Tentons d'oublier l'horrible 1972 que le mirage des plus r\u00e9centes belles photos de ce monsieur m'a mis dans la t\u00eate en \u00e9coutant plut\u00f4t notre bande de bostoniens reprenant la plus graou des songwriteuses anglaises que l'on vient juste de m'envoyer du Vermont.\u2026","rel":"","context":"Dans &quot;Previously unreleased&quot;","block_context":{"text":"Previously unreleased","link":"https:\/\/www.wallendorff.com\/belogue\/category\/previously-unreleased\/"},"img":{"alt_text":"","src":"https:\/\/i0.wp.com\/www.wallendorff.com\/belogue\/wp-content\/uploads\/2015\/04\/200803121.jpg?resize=350%2C200&ssl=1","width":350,"height":200},"classes":[]},{"id":13002,"url":"https:\/\/www.wallendorff.com\/belogue\/2011\/07\/12\/previously-unreleased-881\/","url_meta":{"origin":630,"position":2},"title":"Previously unreleased #881.","author":"dpc","date":"12 juillet 2011","format":false,"excerpt":"Iron Maiden, Palais Omnisports de Paris-Bercy, 28 juin. Le 28 juin 2011 restera dans les m\u00e9moires comme \u00ab\u00a0le jour o\u00f9 Janick Gers a failli m'enfoncer sa Stratocast\u00e8re dans le 16-35\u00a0\u00bb. \u00a0Muse \u2013 Agitated _____ 1. Tradition trop super from chez Juliette Robert.","rel":"","context":"Dans &quot;Previously unreleased&quot;","block_context":{"text":"Previously unreleased","link":"https:\/\/www.wallendorff.com\/belogue\/category\/previously-unreleased\/"},"img":{"alt_text":"","src":"https:\/\/i0.wp.com\/www.wallendorff.com\/belogue\/wp-content\/uploads\/2015\/04\/201107121.jpg?resize=350%2C200&ssl=1","width":350,"height":200},"classes":[]},{"id":21781,"url":"https:\/\/www.wallendorff.com\/belogue\/2013\/10\/15\/previously-unreleased-92\/","url_meta":{"origin":630,"position":3},"title":"Previously unreleased #92.","author":"dpc","date":"15 octobre 2013","format":false,"excerpt":"Black Rebel Motorcycle Club, Rock en Seine, 24 ao\u00fbt. Rival (live at KEXP)Black Rebel Motorcycle Club","rel":"","context":"Dans &quot;Previously unreleased&quot;","block_context":{"text":"Previously unreleased","link":"https:\/\/www.wallendorff.com\/belogue\/category\/previously-unreleased\/"},"img":{"alt_text":"","src":"https:\/\/i0.wp.com\/www.wallendorff.com\/belogue\/wp-content\/uploads\/2015\/04\/201310151.jpg?resize=350%2C200&ssl=1","width":350,"height":200,"srcset":"https:\/\/i0.wp.com\/www.wallendorff.com\/belogue\/wp-content\/uploads\/2015\/04\/201310151.jpg?resize=350%2C200&ssl=1 1x, https:\/\/i0.wp.com\/www.wallendorff.com\/belogue\/wp-content\/uploads\/2015\/04\/201310151.jpg?resize=525%2C300&ssl=1 1.5x, https:\/\/i0.wp.com\/www.wallendorff.com\/belogue\/wp-content\/uploads\/2015\/04\/201310151.jpg?resize=700%2C400&ssl=1 2x"},"classes":[]},{"id":4930,"url":"https:\/\/www.wallendorff.com\/belogue\/2009\/10\/28\/previously-unreleased-851\/","url_meta":{"origin":630,"position":4},"title":"Previously unreleased #851.","author":"dpc","date":"28 octobre 2009","format":false,"excerpt":"The Raconteurs, Rock en Seine, 29 ao\u00fbt 2008. Parce qu'entre la note d'hier et la note de demain, on ne peut d\u00e9cemment poster qu'une photo pas-vue-jusque-l\u00e02 des Raconteurs, accompagn\u00e9e de leur meilleur prestation-en-date-depuis-que-Five-on-the-Five-n'est-plus-\u00e9coutable. Si vous me cherchez ce soir vous savez o\u00f9 me trouver, hein. \u00a0The Raconteurs \u2013 Headin' for\u2026","rel":"","context":"Dans &quot;Previously unreleased&quot;","block_context":{"text":"Previously unreleased","link":"https:\/\/www.wallendorff.com\/belogue\/category\/previously-unreleased\/"},"img":{"alt_text":"","src":"https:\/\/i0.wp.com\/www.wallendorff.com\/belogue\/wp-content\/uploads\/2015\/04\/200910281.jpg?resize=350%2C200&ssl=1","width":350,"height":200},"classes":[]},{"id":794,"url":"https:\/\/www.wallendorff.com\/belogue\/2006\/09\/23\/previously-unreleased-44\/","url_meta":{"origin":630,"position":5},"title":"Previously Unreleased #44\u00b9.","author":"dpc","date":"23 septembre 2006","format":false,"excerpt":"The Raconteurs, Rock en Seine, 25 ao\u00fbt. \u00a0The Datsuns \u2013 What Are You Stamping Your Foot for?","rel":"","context":"Dans &quot;Previously unreleased&quot;","block_context":{"text":"Previously unreleased","link":"https:\/\/www.wallendorff.com\/belogue\/category\/previously-unreleased\/"},"img":{"alt_text":"","src":"https:\/\/i0.wp.com\/www.wallendorff.com\/belogue\/wp-content\/uploads\/2015\/04\/200609231.jpg?resize=350%2C200&ssl=1","width":350,"height":200,"srcset":"https:\/\/i0.wp.com\/www.wallendorff.com\/belogue\/wp-content\/uploads\/2015\/04\/200609231.jpg?resize=350%2C200&ssl=1 1x, https:\/\/i0.wp.com\/www.wallendorff.com\/belogue\/wp-content\/uploads\/2015\/04\/200609231.jpg?resize=525%2C300&ssl=1 1.5x, https:\/\/i0.wp.com\/www.wallendorff.com\/belogue\/wp-content\/uploads\/2015\/04\/200609231.jpg?resize=700%2C400&ssl=1 2x"},"classes":[]}],"_links":{"self":[{"href":"https:\/\/www.wallendorff.com\/belogue\/wp-json\/wp\/v2\/posts\/630","targetHints":{"allow":["GET"]}}],"collection":[{"href":"https:\/\/www.wallendorff.com\/belogue\/wp-json\/wp\/v2\/posts"}],"about":[{"href":"https:\/\/www.wallendorff.com\/belogue\/wp-json\/wp\/v2\/types\/post"}],"author":[{"embeddable":true,"href":"https:\/\/www.wallendorff.com\/belogue\/wp-json\/wp\/v2\/users\/1"}],"replies":[{"embeddable":true,"href":"https:\/\/www.wallendorff.com\/belogue\/wp-json\/wp\/v2\/comments?post=630"}],"version-history":[{"count":1,"href":"https:\/\/www.wallendorff.com\/belogue\/wp-json\/wp\/v2\/posts\/630\/revisions"}],"predecessor-version":[{"id":17352,"href":"https:\/\/www.wallendorff.com\/belogue\/wp-json\/wp\/v2\/posts\/630\/revisions\/17352"}],"wp:featuredmedia":[{"embeddable":true,"href":"https:\/\/www.wallendorff.com\/belogue\/wp-json\/wp\/v2\/media\/24579"}],"wp:attachment":[{"href":"https:\/\/www.wallendorff.com\/belogue\/wp-json\/wp\/v2\/media?parent=630"}],"wp:term":[{"taxonomy":"category","embeddable":true,"href":"https:\/\/www.wallendorff.com\/belogue\/wp-json\/wp\/v2\/categories?post=630"},{"taxonomy":"post_tag","embeddable":true,"href":"https:\/\/www.wallendorff.com\/belogue\/wp-json\/wp\/v2\/tags?post=630"}],"curies":[{"name":"wp","href":"https:\/\/api.w.org\/{rel}","templated":true}]}}