{"id":63,"date":"2005-09-16T01:48:22","date_gmt":"2005-09-16T01:48:22","guid":{"rendered":"http:\/\/www.po-l.com\/wordpress\/?p=63"},"modified":"2012-07-19T12:38:58","modified_gmt":"2012-07-19T10:38:58","slug":"interlude","status":"publish","type":"post","link":"https:\/\/www.wallendorff.com\/belogue\/2005\/09\/16\/interlude\/","title":{"rendered":"Interlude."},"content":{"rendered":"\n<div id=\"photo\">\n<p><img decoding=\"async\" src=\"http:\/\/www.po-L.com\/belogue\/photo\/2005\/09\/20050916.gif\" \/><\/p>\n<\/p><\/div>\n<p style=\"text-align:right\">Quand tu as la flemme de poster une photo, ram&egrave;ne ta fraise.<\/p>\n<p style=\"text-align:right\">[ah]<\/p>\n<p style=\"text-align:right\">[ah]<\/p>\n<p style=\"text-align:right\">[ah]<\/p>\n<p>\/Edit&nbsp;: Plac&eacute;e comme &ccedil;a, j&rsquo;ai l&rsquo;impression qu&rsquo;elle se fout de la gueule de ma radio-bel&ouml;gue, la fraise. Je me demande si je vais supporter &ccedil;a longtemps.<\/p>\n<div id=\"bandeson\">\n<p><strong>Bande-son<\/strong>&nbsp;: Compagnon de chambr&eacute;e ronfleur.<\/p>\n<\/p><\/div>\n","protected":false},"excerpt":{"rendered":"<p>Quand tu as la flemme de poster une photo, ram&egrave;ne ta fraise. [ah] [ah] [ah] \/Edit&nbsp;: Plac&eacute;e comme &ccedil;a, j&rsquo;ai l&rsquo;impression qu&rsquo;elle se fout de la gueule de ma radio-bel&ouml;gue, la fraise. Je me demande si je vais supporter &ccedil;a longtemps. Bande-son&nbsp;: Compagnon de chambr&eacute;e ronfleur.<\/p>\n","protected":false},"author":1,"featured_media":23997,"comment_status":"open","ping_status":"open","sticky":false,"template":"","format":"standard","meta":{"_acf_changed":false,"ngg_post_thumbnail":0,"jetpack_post_was_ever_published":false,"_jetpack_newsletter_access":"","_jetpack_dont_email_post_to_subs":false,"_jetpack_newsletter_tier_id":0,"_jetpack_memberships_contains_paywalled_content":false,"_jetpack_memberships_contains_paid_content":false,"footnotes":"","jetpack_publicize_message":"","jetpack_publicize_feature_enabled":true,"jetpack_social_post_already_shared":false,"jetpack_social_options":{"image_generator_settings":{"template":"highway","default_image_id":0,"font":"","enabled":false},"version":2}},"categories":[3],"tags":[10125,3434,4035],"class_list":["post-63","post","type-post","status-publish","format-standard","has-post-thumbnail","hentry","category-dpc","tag-dessin","tag-fraise","tag-interlude"],"acf":[],"geo":null,"jetpack_publicize_connections":[],"jetpack_featured_media_url":"https:\/\/www.wallendorff.com\/belogue\/wp-content\/uploads\/2015\/04\/200509161.gif","jetpack_shortlink":"https:\/\/wp.me\/p3b35P-11","jetpack_sharing_enabled":true,"jetpack-related-posts":[{"id":151,"url":"https:\/\/www.wallendorff.com\/belogue\/2006\/05\/14\/the-wampas-the-fete-of-la-fraise-marcoussis\/","url_meta":{"origin":63,"position":0},"title":"The Wampas @ The f&ecirc;te of la Fraise, Marcoussis.","author":"dpc","date":"14 mai 2006","format":false,"excerpt":"\u00catre rock en 2006, c'est aller voir en Essonne si on y est, se perdre 3 fois sur la route, trouver de la Kro comme \u00e0 la maison pas ch\u00e8re pour se r\u00e9conforter et se dire deux heures apr\u00e8s que si Didier Wampas est pas vraiment le roi, il s'en\u2026","rel":"","context":"Dans &quot;Alive&quot;","block_context":{"text":"Alive","link":"https:\/\/www.wallendorff.com\/belogue\/category\/alive\/"},"img":{"alt_text":"","src":"https:\/\/i0.wp.com\/www.wallendorff.com\/belogue\/wp-content\/uploads\/2015\/04\/200605141.jpg?resize=350%2C200&ssl=1","width":350,"height":200},"classes":[]},{"id":12823,"url":"https:\/\/www.wallendorff.com\/belogue\/2011\/05\/31\/fleet-foxes-josh-t-pearson-le-bataclan-paris\/","url_meta":{"origin":63,"position":1},"title":"Fleet Foxes + Josh T. Pearson @ le Bataclan, Paris.","author":"dpc","date":"31 mai 2011","format":false,"excerpt":"Cascades | Grown Ocean | Drops in the River | Battery Kinzie | Bedouin Dress | Sim Sala Bim | Mykonos | Your Proctector | Tiger Mountain Peasant Song | White Winter Hymnal | Ragged Wood | Lorelai | Montezuma | He Doesn't Know Why | The Shrine \/ An\u2026","rel":"","context":"Dans &quot;Alive&quot;","block_context":{"text":"Alive","link":"https:\/\/www.wallendorff.com\/belogue\/category\/alive\/"},"img":{"alt_text":"","src":"https:\/\/i0.wp.com\/www.wallendorff.com\/belogue\/wp-content\/uploads\/2015\/04\/201105311.jpg?resize=350%2C200&ssl=1","width":350,"height":200,"srcset":"https:\/\/i0.wp.com\/www.wallendorff.com\/belogue\/wp-content\/uploads\/2015\/04\/201105311.jpg?resize=350%2C200&ssl=1 1x, https:\/\/i0.wp.com\/www.wallendorff.com\/belogue\/wp-content\/uploads\/2015\/04\/201105311.jpg?resize=525%2C300&ssl=1 1.5x, https:\/\/i0.wp.com\/www.wallendorff.com\/belogue\/wp-content\/uploads\/2015\/04\/201105311.jpg?resize=700%2C400&ssl=1 2x"},"classes":[]},{"id":793,"url":"https:\/\/www.wallendorff.com\/belogue\/2006\/09\/22\/mets-trop-des-fruits\/","url_meta":{"origin":63,"position":2},"title":"Mets trop des fruits.","author":"dpc","date":"22 septembre 2006","format":false,"excerpt":"[Poppy Friday.] \u00a0The Cure \u2013 In Between Days","rel":"","context":"Dans &quot;DPC&quot;","block_context":{"text":"DPC","link":"https:\/\/www.wallendorff.com\/belogue\/category\/dpc\/"},"img":{"alt_text":"","src":"https:\/\/i0.wp.com\/www.wallendorff.com\/belogue\/wp-content\/uploads\/2015\/04\/200609221.jpg?resize=350%2C200&ssl=1","width":350,"height":200},"classes":[]},{"id":152,"url":"https:\/\/www.wallendorff.com\/belogue\/2006\/05\/16\/didier\/","url_meta":{"origin":63,"position":3},"title":"Didier.","author":"dpc","date":"16 mai 2006","format":false,"excerpt":"[Bon, ben on roule sur la r\u00e9serve, dis donc.] \u201cI was never faithful And I was never one to trust Borderline bipolar Forever biting on your nuts I was never grateful That's why I spend my days alone I'm forever black-eyed A product of a broken home (Broken home)\u201d \u00a0Placebo\u2026","rel":"","context":"Dans &quot;DPC&quot;","block_context":{"text":"DPC","link":"https:\/\/www.wallendorff.com\/belogue\/category\/dpc\/"},"img":{"alt_text":"","src":"https:\/\/i0.wp.com\/www.wallendorff.com\/belogue\/wp-content\/uploads\/2015\/04\/200605161.jpg?resize=350%2C200&ssl=1","width":350,"height":200,"srcset":"https:\/\/i0.wp.com\/www.wallendorff.com\/belogue\/wp-content\/uploads\/2015\/04\/200605161.jpg?resize=350%2C200&ssl=1 1x, https:\/\/i0.wp.com\/www.wallendorff.com\/belogue\/wp-content\/uploads\/2015\/04\/200605161.jpg?resize=525%2C300&ssl=1 1.5x, https:\/\/i0.wp.com\/www.wallendorff.com\/belogue\/wp-content\/uploads\/2015\/04\/200605161.jpg?resize=700%2C400&ssl=1 2x"},"classes":[]},{"id":654,"url":"https:\/\/www.wallendorff.com\/belogue\/2004\/09\/18\/truc-de-dingue-grave-2\/","url_meta":{"origin":63,"position":4},"title":"Truc de dingue grave #2.","author":"dpc","date":"18 septembre 2004","format":false,"excerpt":"Ils ont du Nesquik \u00e0 la fraise et du Nesquik \u00e0 la vanille au supermarch\u00e9 du coin. \/Edit\u00a0: En tout cas, si Gros Quik est parti en vacances il y a 14 ans maintenant, c'\u00e9tait pas pour venir ici, y a encore cet empaff\u00e9 de Lapin sur les bo\u00eetes. \u00a0The\u2026","rel":"","context":"Dans &quot;DPC&quot;","block_context":{"text":"DPC","link":"https:\/\/www.wallendorff.com\/belogue\/category\/dpc\/"},"img":{"alt_text":"","src":"https:\/\/i0.wp.com\/www.wallendorff.com\/belogue\/wp-content\/uploads\/2015\/04\/272.jpg?resize=350%2C200&ssl=1","width":350,"height":200},"classes":[]},{"id":22984,"url":"https:\/\/www.wallendorff.com\/belogue\/2014\/06\/18\/dix-ans-de-xptdr\/","url_meta":{"origin":63,"position":5},"title":"Dix ans de XPTDR.","author":"dpc","date":"18 juin 2014","format":false,"excerpt":"N'emp\u00eache, qu'est-ce qu'on a pu rigoler en dix ans. [Et demain, le retour des photos]. Dix ans de notes QLB1. Le jour o\u00f9 mon coll\u00e8gue de bureau m'a offert mon poids en bonbons (2 novembre 2004). Le jour o\u00f9 je suis all\u00e9 travailler sans lunettes (8 juillet 2005). Le jour\u2026","rel":"","context":"Dans &quot;DPC&quot;","block_context":{"text":"DPC","link":"https:\/\/www.wallendorff.com\/belogue\/category\/dpc\/"},"img":{"alt_text":"","src":"https:\/\/i0.wp.com\/www.wallendorff.com\/images\/etoile_blanche.jpg?resize=350%2C200","width":350,"height":200},"classes":[]}],"_links":{"self":[{"href":"https:\/\/www.wallendorff.com\/belogue\/wp-json\/wp\/v2\/posts\/63","targetHints":{"allow":["GET"]}}],"collection":[{"href":"https:\/\/www.wallendorff.com\/belogue\/wp-json\/wp\/v2\/posts"}],"about":[{"href":"https:\/\/www.wallendorff.com\/belogue\/wp-json\/wp\/v2\/types\/post"}],"author":[{"embeddable":true,"href":"https:\/\/www.wallendorff.com\/belogue\/wp-json\/wp\/v2\/users\/1"}],"replies":[{"embeddable":true,"href":"https:\/\/www.wallendorff.com\/belogue\/wp-json\/wp\/v2\/comments?post=63"}],"version-history":[{"count":1,"href":"https:\/\/www.wallendorff.com\/belogue\/wp-json\/wp\/v2\/posts\/63\/revisions"}],"predecessor-version":[{"id":18275,"href":"https:\/\/www.wallendorff.com\/belogue\/wp-json\/wp\/v2\/posts\/63\/revisions\/18275"}],"wp:featuredmedia":[{"embeddable":true,"href":"https:\/\/www.wallendorff.com\/belogue\/wp-json\/wp\/v2\/media\/23997"}],"wp:attachment":[{"href":"https:\/\/www.wallendorff.com\/belogue\/wp-json\/wp\/v2\/media?parent=63"}],"wp:term":[{"taxonomy":"category","embeddable":true,"href":"https:\/\/www.wallendorff.com\/belogue\/wp-json\/wp\/v2\/categories?post=63"},{"taxonomy":"post_tag","embeddable":true,"href":"https:\/\/www.wallendorff.com\/belogue\/wp-json\/wp\/v2\/tags?post=63"}],"curies":[{"name":"wp","href":"https:\/\/api.w.org\/{rel}","templated":true}]}}