{"id":6137,"date":"2010-01-19T09:51:05","date_gmt":"2010-01-19T08:51:05","guid":{"rendered":"http:\/\/www.po-l.com\/belogue\/?p=6137"},"modified":"2012-01-16T11:53:35","modified_gmt":"2012-01-16T09:53:35","slug":"la-vint-juste-yves-il-aimoie-rien1","status":"publish","type":"post","link":"https:\/\/www.wallendorff.com\/belogue\/2010\/01\/19\/la-vint-juste-yves-il-aimoie-rien1\/","title":{"rendered":"L\u00e0 vint juste Yves. Il aimoit rien<sup>1<\/sup>."},"content":{"rendered":"<div id=\"photo\">\n<p><img decoding=\"async\" src=\"https:\/\/www.wallendorff.com\/belogue\/photo\/2010\/01\/20100119.jpg\" \/><br \/>\nCath&eacute;drale Notre-Dame, Strasbourg, 26 d&eacute;cembre 2009.<\/p>\n<\/div>\n<div id=\"bandeson\">\n<p><img decoding=\"async\" src=\"https:\/\/www.wallendorff.com\/belogue\/photo\/pochettes\/g\/greenhornes_the-gun_for_you.jpg\" align=\"left\" \/>&nbsp;<a href=\"http:\/\/www.greenhornes.com\/\">The Greenhornes<\/a> &ndash; <em>No More<\/em><\/p>\n<\/div>\n<p style=\"text-align:right\">Je sais, je sais, elle rappelle beaucoup  <a href=\"https:\/\/www.wallendorff.com\/belogue\/2008\/08\/26\/begue-ont-verbes-et-gonds-jaunes1\/\">celle-l&agrave;<\/a> mais c&rsquo;est pas moi m&rsquo;dame c&rsquo;est la faute des Greenhornes.<\/p>\n<p style=\"text-align:right\">[Des Greenhornes qui, soit dit en passant, seraient bien avis&eacute;s de nous refaire un disque avant qu&rsquo;on use celui-l&agrave; jusqu&rsquo;&agrave; la corde.]<\/p>\n<p>_____<\/p>\n<div id=\"bas_note\">\n<p><sup>1<\/sup> &laquo;&nbsp;Il aime ouailles, hein&nbsp;&raquo; eut &eacute;t&eacute; plus pr&eacute;cis mais sonnait mal. Donc voil&agrave;.<\/p>\n<\/div>\n","protected":false},"excerpt":{"rendered":"<p>Cath&eacute;drale Notre-Dame, Strasbourg, 26 d&eacute;cembre 2009. &nbsp;The Greenhornes &ndash; No More Je sais, je sais, elle rappelle beaucoup celle-l&agrave; mais c&rsquo;est pas moi m&rsquo;dame c&rsquo;est la faute des Greenhornes. [Des Greenhornes qui, soit dit en passant, seraient bien avis&eacute;s de nous refaire un disque avant qu&rsquo;on use celui-l&agrave; jusqu&rsquo;&agrave; la corde.] _____ 1 &laquo;&nbsp;Il aime&hellip;<\/p>\n","protected":false},"author":1,"featured_media":25665,"comment_status":"open","ping_status":"open","sticky":false,"template":"","format":"standard","meta":{"_acf_changed":false,"ngg_post_thumbnail":0,"jetpack_post_was_ever_published":false,"_jetpack_newsletter_access":"","_jetpack_dont_email_post_to_subs":false,"_jetpack_newsletter_tier_id":0,"_jetpack_memberships_contains_paywalled_content":false,"_jetpack_memberships_contains_paid_content":false,"footnotes":"","jetpack_publicize_message":"","jetpack_publicize_feature_enabled":true,"jetpack_social_post_already_shared":false,"jetpack_social_options":{"image_generator_settings":{"template":"highway","default_image_id":0,"font":"","enabled":false},"version":2}},"categories":[3],"tags":[10219,10424,2571,2615,10743,3386,10238,10120,1742,143,10147,10305,10227,1151,3387],"class_list":["post-6137","post","type-post","status-publish","format-standard","has-post-thumbnail","hentry","category-dpc","tag-alsace","tag-bas-rhin","tag-ef-16-35-mm-f28l-ii-usm","tag-eos-5d-mark-ii","tag-cathedrale","tag-cathedrale-notre-dame-de-strasbourg","tag-eglise","tag-france","tag-no-more","tag-noir-et-blanc","tag-nuit","tag-porte","tag-statue","tag-the-greenhornes","tag-tympan"],"acf":[],"geo":{"latitude":48.5816078,"longitude":7.7504306,"description":null},"jetpack_publicize_connections":[],"jetpack_featured_media_url":"https:\/\/www.wallendorff.com\/belogue\/wp-content\/uploads\/2015\/04\/201001191.jpg","jetpack_shortlink":"https:\/\/wp.me\/p3b35P-1AZ","jetpack_sharing_enabled":true,"jetpack-related-posts":[{"id":9803,"url":"https:\/\/www.wallendorff.com\/belogue\/2010\/11\/16\/dites-trente-croix\/","url_meta":{"origin":6137,"position":0},"title":"Dites trente croix.","author":"dpc","date":"16 novembre 2010","format":false,"excerpt":"Noir Kennedy, Paris, 4 septembre. [Il en manque au moins cinq, oui.] The Greenhornes \u2013 Underestimator","rel":"","context":"Dans &quot;DPC&quot;","block_context":{"text":"DPC","link":"https:\/\/www.wallendorff.com\/belogue\/category\/dpc\/"},"img":{"alt_text":"","src":"https:\/\/i0.wp.com\/www.wallendorff.com\/belogue\/wp-content\/uploads\/2015\/04\/201011161.jpg?resize=350%2C200&ssl=1","width":350,"height":200},"classes":[]},{"id":15306,"url":"https:\/\/www.wallendorff.com\/belogue\/2012\/01\/11\/mont-bleu\/","url_meta":{"origin":6137,"position":1},"title":"Mont-bleu.","author":"dpc","date":"11 janvier 2012","format":false,"excerpt":"Le M\u00f4le, 6 novembre 2011. Bon si je poste cette photo-ci, c'est surtout parce que je suis super-fier qu'on dirait les m\u00eames montagnes que sur l'arri\u00e8re-plan du niPhone tellement elles font authentiques et bleues\u00a0: Comme deux gouttes d'eau. Super-inspirant. Et \u00e0 part \u00e7a, rien. The Greenhornes \u2013 Lovin' in the\u2026","rel":"","context":"Dans &quot;DPC&quot;","block_context":{"text":"DPC","link":"https:\/\/www.wallendorff.com\/belogue\/category\/dpc\/"},"img":{"alt_text":"","src":"https:\/\/i0.wp.com\/www.wallendorff.com\/belogue\/wp-content\/uploads\/2015\/04\/201201111.jpg?resize=350%2C200&ssl=1","width":350,"height":200,"srcset":"https:\/\/i0.wp.com\/www.wallendorff.com\/belogue\/wp-content\/uploads\/2015\/04\/201201111.jpg?resize=350%2C200&ssl=1 1x, https:\/\/i0.wp.com\/www.wallendorff.com\/belogue\/wp-content\/uploads\/2015\/04\/201201111.jpg?resize=525%2C300&ssl=1 1.5x, https:\/\/i0.wp.com\/www.wallendorff.com\/belogue\/wp-content\/uploads\/2015\/04\/201201111.jpg?resize=700%2C400&ssl=1 2x"},"classes":[]},{"id":4294,"url":"https:\/\/www.wallendorff.com\/belogue\/2009\/06\/13\/elmer-food-beat-lelysee-montmartre-paris\/","url_meta":{"origin":6137,"position":2},"title":"Elmer Food Beat @ l&rsquo;\u00c9lys\u00e9e-Montmartre, Paris.","author":"dpc","date":"13 juin 2009","format":false,"excerpt":"\u00a0 The Greenhornes \u2013 Can't Stand It (alternate version) \u00c7a, c'est fait.","rel":"","context":"Dans &quot;Alive&quot;","block_context":{"text":"Alive","link":"https:\/\/www.wallendorff.com\/belogue\/category\/alive\/"},"img":{"alt_text":"","src":"https:\/\/i0.wp.com\/www.wallendorff.com\/belogue\/wp-content\/uploads\/2015\/04\/200906131.jpg?resize=350%2C200&ssl=1","width":350,"height":200,"srcset":"https:\/\/i0.wp.com\/www.wallendorff.com\/belogue\/wp-content\/uploads\/2015\/04\/200906131.jpg?resize=350%2C200&ssl=1 1x, https:\/\/i0.wp.com\/www.wallendorff.com\/belogue\/wp-content\/uploads\/2015\/04\/200906131.jpg?resize=525%2C300&ssl=1 1.5x, https:\/\/i0.wp.com\/www.wallendorff.com\/belogue\/wp-content\/uploads\/2015\/04\/200906131.jpg?resize=700%2C400&ssl=1 2x"},"classes":[]},{"id":6266,"url":"https:\/\/www.wallendorff.com\/belogue\/2010\/01\/21\/jai-encore-reve-dhell\/","url_meta":{"origin":6137,"position":3},"title":"[J&rsquo;ai encore r\u00eav\u00e9 d&rsquo;Hell.]","author":"dpc","date":"21 janvier 2010","format":false,"excerpt":"Cath\u00e9drale Notre-Dame, Strasbourg, 26 d\u00e9cembre 2009. \u00a0Japandroids \u2013 I Quit Girls","rel":"","context":"Dans &quot;DPC&quot;","block_context":{"text":"DPC","link":"https:\/\/www.wallendorff.com\/belogue\/category\/dpc\/"},"img":{"alt_text":"","src":"https:\/\/i0.wp.com\/www.wallendorff.com\/belogue\/wp-content\/uploads\/2015\/04\/201001211.jpg?resize=350%2C200&ssl=1","width":350,"height":200},"classes":[]},{"id":310,"url":"https:\/\/www.wallendorff.com\/belogue\/2005\/07\/24\/get-behind-me-sanity\/","url_meta":{"origin":6137,"position":4},"title":"Get behind me sanity.","author":"dpc","date":"24 juillet 2005","format":false,"excerpt":"Quais de Loire, Tours, 15 juillet. qsdjkh kjdfh jdh sdlkhf slj THE WHITE STRIPES wsg\/ THE GREENHORNES LE Z\u00c9NITH, PARIS, SUNDAY OCTOBER 16th, 2005 sdkfjhskdf,;,n,;sdfg g\u00e2\u00e2\u00e2\u00e2 *flaque* Bande-son\u00a0: sgf,xbnskqjferugy","rel":"","context":"Dans &quot;DPC&quot;","block_context":{"text":"DPC","link":"https:\/\/www.wallendorff.com\/belogue\/category\/dpc\/"},"img":{"alt_text":"","src":"https:\/\/i0.wp.com\/www.wallendorff.com\/belogue\/wp-content\/uploads\/2015\/04\/200507241.jpg?resize=350%2C200&ssl=1","width":350,"height":200},"classes":[]},{"id":4878,"url":"https:\/\/www.wallendorff.com\/belogue\/2009\/10\/14\/jy-mis-haine-drixe\/","url_meta":{"origin":6137,"position":5},"title":"J&rsquo;y mis haine d&rsquo;rixe.","author":"dpc","date":"14 octobre 2009","format":false,"excerpt":"MacDougal street, New York, 10 mai. \u00a0The Greenhornes \u2013 Lost Woman","rel":"","context":"Dans &quot;DPC&quot;","block_context":{"text":"DPC","link":"https:\/\/www.wallendorff.com\/belogue\/category\/dpc\/"},"img":{"alt_text":"","src":"https:\/\/i0.wp.com\/www.wallendorff.com\/belogue\/wp-content\/uploads\/2015\/04\/200910141.jpg?resize=350%2C200&ssl=1","width":350,"height":200},"classes":[]}],"_links":{"self":[{"href":"https:\/\/www.wallendorff.com\/belogue\/wp-json\/wp\/v2\/posts\/6137","targetHints":{"allow":["GET"]}}],"collection":[{"href":"https:\/\/www.wallendorff.com\/belogue\/wp-json\/wp\/v2\/posts"}],"about":[{"href":"https:\/\/www.wallendorff.com\/belogue\/wp-json\/wp\/v2\/types\/post"}],"author":[{"embeddable":true,"href":"https:\/\/www.wallendorff.com\/belogue\/wp-json\/wp\/v2\/users\/1"}],"replies":[{"embeddable":true,"href":"https:\/\/www.wallendorff.com\/belogue\/wp-json\/wp\/v2\/comments?post=6137"}],"version-history":[{"count":2,"href":"https:\/\/www.wallendorff.com\/belogue\/wp-json\/wp\/v2\/posts\/6137\/revisions"}],"predecessor-version":[{"id":15371,"href":"https:\/\/www.wallendorff.com\/belogue\/wp-json\/wp\/v2\/posts\/6137\/revisions\/15371"}],"wp:featuredmedia":[{"embeddable":true,"href":"https:\/\/www.wallendorff.com\/belogue\/wp-json\/wp\/v2\/media\/25665"}],"wp:attachment":[{"href":"https:\/\/www.wallendorff.com\/belogue\/wp-json\/wp\/v2\/media?parent=6137"}],"wp:term":[{"taxonomy":"category","embeddable":true,"href":"https:\/\/www.wallendorff.com\/belogue\/wp-json\/wp\/v2\/categories?post=6137"},{"taxonomy":"post_tag","embeddable":true,"href":"https:\/\/www.wallendorff.com\/belogue\/wp-json\/wp\/v2\/tags?post=6137"}],"curies":[{"name":"wp","href":"https:\/\/api.w.org\/{rel}","templated":true}]}}