{"id":607,"date":"2004-10-21T16:40:30","date_gmt":"2004-10-21T16:40:30","guid":{"rendered":"http:\/\/www.po-l.com\/wordpress\/?p=607"},"modified":"2012-09-19T09:30:59","modified_gmt":"2012-09-19T07:30:59","slug":"les-toiles-filent-hantent","status":"publish","type":"post","link":"https:\/\/www.wallendorff.com\/belogue\/2004\/10\/21\/les-toiles-filent-hantent\/","title":{"rendered":"Les toiles filent, hantent."},"content":{"rendered":"\n<div id=\"photo\">\n<p><img decoding=\"async\" src=\"http:\/\/www.po-L.com\/belogue\/photo\/2004\/10\/31.jpg\" \/><\/p>\n<\/p><\/div>\n<div id=\"bandeson\">\n<p><img decoding=\"async\" src=\"https:\/\/www.wallendorff.com\/belogue\/photo\/pochettes\/l\/libertines_the-the_libertines.jpg\" align=\"left\" \/>&nbsp;<a href=\"http:\/\/www.thelibertines.co.uk\/\">The Libertines<\/a> &ndash; <em>The Ha Ha Wall<\/em><\/p>\n<\/p><\/div>\n","protected":false},"excerpt":{"rendered":"<p>&nbsp;The Libertines &ndash; The Ha Ha Wall<\/p>\n","protected":false},"author":1,"featured_media":24555,"comment_status":"open","ping_status":"open","sticky":false,"template":"","format":"standard","meta":{"_acf_changed":false,"ngg_post_thumbnail":0,"jetpack_post_was_ever_published":false,"_jetpack_newsletter_access":"","_jetpack_dont_email_post_to_subs":false,"_jetpack_newsletter_tier_id":0,"_jetpack_memberships_contains_paywalled_content":false,"_jetpack_memberships_contains_paid_content":false,"footnotes":"","jetpack_publicize_message":"","jetpack_publicize_feature_enabled":true,"jetpack_social_post_already_shared":false,"jetpack_social_options":{"image_generator_settings":{"template":"highway","default_image_id":0,"font":"","enabled":false},"version":2}},"categories":[3],"tags":[148,10246,55,54,143,10499,93,10564,550,165],"class_list":["post-607","post","type-post","status-publish","format-standard","has-post-thumbnail","hentry","category-dpc","tag-a80","tag-contre-jour","tag-etats-unis","tag-michigan","tag-noir-et-blanc","tag-ombre","tag-pontiac","tag-poteau","tag-the-ha-ha-wall","tag-the-libertines"],"acf":[],"geo":{"latitude":42.617733,"longitude":-83.3221817,"description":"1750-1798 Orchard Lake Rd, Keego Harbor, MI 48320, USA"},"jetpack_publicize_connections":[],"jetpack_featured_media_url":"https:\/\/www.wallendorff.com\/belogue\/wp-content\/uploads\/2015\/04\/315.jpg","jetpack_shortlink":"https:\/\/wp.me\/p3b35P-9N","jetpack_sharing_enabled":true,"jetpack-related-posts":[{"id":619,"url":"https:\/\/www.wallendorff.com\/belogue\/2004\/10\/11\/the-libertines-radio-4-the-magic-stick-detroit\/","url_meta":{"origin":607,"position":0},"title":"The Libertines + Radio 4 @ The Magic Stick, D&eacute;troit.","author":"dpc","date":"11 octobre 2004","format":false,"excerpt":"The Delaney | Don't Look Back into the Sun | The Saga | Vertigo | Can't Stand Me Now | Begging | Death on the Stairs | Up the Bracket | Road to Ruin | Last Post on the Bugle | Time for Heroes | May Day | Plan A\u2026","rel":"","context":"Dans &quot;Alive&quot;","block_context":{"text":"Alive","link":"https:\/\/www.wallendorff.com\/belogue\/category\/alive\/"},"img":{"alt_text":"","src":"https:\/\/i0.wp.com\/www.wallendorff.com\/belogue\/wp-content\/uploads\/2015\/04\/178.jpg?resize=350%2C200&ssl=1","width":350,"height":200},"classes":[]},{"id":130218,"url":"https:\/\/www.wallendorff.com\/belogue\/2024\/08\/18\/le-cabaret-vert-2024-charleville-mezieres-jour-3\/","url_meta":{"origin":607,"position":1},"title":"Le Cabaret Vert 2024, Charleville-M\u00e9zi\u00e8res, jour 3.","author":"dpc","date":"18 ao\u00fbt 2024","format":false,"excerpt":"METZ @ le Cabaret Vert, Charleville-M\u00e9zi\u00e8res, 17\/08\/2024 Le Cabaret Vert, Charleville-M\u00e9zi\u00e8res, 17\/08\/2024 METZ @ le Cabaret Vert, Charleville-M\u00e9zi\u00e8res, 17\/08\/2024 Le Cabaret Vert, Charleville-M\u00e9zi\u00e8res, 17\/08\/2024 METZ @ le Cabaret Vert, Charleville-M\u00e9zi\u00e8res, 17\/08\/2024 Le Cabaret Vert, Charleville-M\u00e9zi\u00e8res, 17\/08\/2024 METZ @ le Cabaret Vert, Charleville-M\u00e9zi\u00e8res, 17\/08\/2024 Le Cabaret Vert, Charleville-M\u00e9zi\u00e8res, 17\/08\/2024 METZ @\u2026","rel":"","context":"Dans &quot;Alive&quot;","block_context":{"text":"Alive","link":"https:\/\/www.wallendorff.com\/belogue\/category\/alive\/"},"img":{"alt_text":"","src":"https:\/\/i0.wp.com\/www.wallendorff.com\/belogue\/wp-content\/uploads\/2024\/08\/20240818-55.jpg?resize=350%2C200&ssl=1","width":350,"height":200,"srcset":"https:\/\/i0.wp.com\/www.wallendorff.com\/belogue\/wp-content\/uploads\/2024\/08\/20240818-55.jpg?resize=350%2C200&ssl=1 1x, https:\/\/i0.wp.com\/www.wallendorff.com\/belogue\/wp-content\/uploads\/2024\/08\/20240818-55.jpg?resize=525%2C300&ssl=1 1.5x, https:\/\/i0.wp.com\/www.wallendorff.com\/belogue\/wp-content\/uploads\/2024\/08\/20240818-55.jpg?resize=700%2C400&ssl=1 2x, https:\/\/i0.wp.com\/www.wallendorff.com\/belogue\/wp-content\/uploads\/2024\/08\/20240818-55.jpg?resize=1050%2C600&ssl=1 3x"},"classes":[]},{"id":30360,"url":"https:\/\/www.wallendorff.com\/belogue\/2016\/03\/08\/the-libertines-lolympia-paris\/","url_meta":{"origin":607,"position":2},"title":"The Libertines @ l&rsquo;Olympia, Paris.","author":"dpc","date":"8 mars 2016","format":false,"excerpt":"","rel":"","context":"Dans &quot;Alive&quot;","block_context":{"text":"Alive","link":"https:\/\/www.wallendorff.com\/belogue\/category\/alive\/"},"img":{"alt_text":"","src":"https:\/\/i0.wp.com\/www.wallendorff.com\/belogue\/wp-content\/uploads\/2016\/03\/20160308-11-1.jpg?resize=350%2C200&ssl=1","width":350,"height":200,"srcset":"https:\/\/i0.wp.com\/www.wallendorff.com\/belogue\/wp-content\/uploads\/2016\/03\/20160308-11-1.jpg?resize=350%2C200&ssl=1 1x, https:\/\/i0.wp.com\/www.wallendorff.com\/belogue\/wp-content\/uploads\/2016\/03\/20160308-11-1.jpg?resize=525%2C300&ssl=1 1.5x, https:\/\/i0.wp.com\/www.wallendorff.com\/belogue\/wp-content\/uploads\/2016\/03\/20160308-11-1.jpg?resize=700%2C400&ssl=1 2x"},"classes":[]},{"id":620,"url":"https:\/\/www.wallendorff.com\/belogue\/2004\/10\/10\/legendes-d-automne\/","url_meta":{"origin":607,"position":3},"title":"L&eacute;gendes d&rsquo;automne.","author":"dpc","date":"10 octobre 2004","format":false,"excerpt":"Campus central, Ann Arbor. \u00a0The Libertines \u2013 What Became of the Likely Lads","rel":"","context":"Dans &quot;DPC&quot;","block_context":{"text":"DPC","link":"https:\/\/www.wallendorff.com\/belogue\/category\/dpc\/"},"img":{"alt_text":"","src":"https:\/\/i0.wp.com\/www.wallendorff.com\/belogue\/wp-content\/uploads\/2015\/04\/166.jpg?resize=350%2C200&ssl=1","width":350,"height":200},"classes":[]},{"id":1372,"url":"https:\/\/www.wallendorff.com\/belogue\/2004\/12\/13\/bon-2\/","url_meta":{"origin":607,"position":4},"title":"Bon.","author":"dpc","date":"13 d\u00e9cembre 2004","format":false,"excerpt":"Une petite semaine de photos de Chicago et hop, tout le monde dans l'avion. \u00a0The Libertines \u2013 Music When the Lights Go Out","rel":"","context":"Dans &quot;DPC&quot;","block_context":{"text":"DPC","link":"https:\/\/www.wallendorff.com\/belogue\/category\/dpc\/"},"img":{"alt_text":"","src":"https:\/\/i0.wp.com\/www.wallendorff.com\/belogue\/wp-content\/uploads\/2015\/04\/1713.jpg?resize=350%2C200&ssl=1","width":350,"height":200},"classes":[]},{"id":617,"url":"https:\/\/www.wallendorff.com\/belogue\/2004\/10\/12\/les-libertines-de-virginie\/","url_meta":{"origin":607,"position":5},"title":"Les Libertines de Virginie.","author":"dpc","date":"12 octobre 2004","format":false,"excerpt":"Cher Journal, Dimanche, on a \u00e9t\u00e9 voir Les Libertines, un groupe gravement plus ha\u00ffpe que George Michael, c'est 20 Ans qui l'a dit. Quand on est arriv\u00e9s au Magic Stick avec ma m\u00e8re, y avait le batteur sur le trottoir! Haaaaaaaaaaan, en vraiiiiiii!\u00a0J'\u00e9tais trop fooooolle. Mais le temps que j'aille\u2026","rel":"","context":"Dans &quot;DPC&quot;","block_context":{"text":"DPC","link":"https:\/\/www.wallendorff.com\/belogue\/category\/dpc\/"},"img":{"alt_text":"","src":"https:\/\/i0.wp.com\/www.wallendorff.com\/belogue\/wp-content\/uploads\/2015\/04\/196.jpg?resize=350%2C200&ssl=1","width":350,"height":200},"classes":[]}],"_links":{"self":[{"href":"https:\/\/www.wallendorff.com\/belogue\/wp-json\/wp\/v2\/posts\/607","targetHints":{"allow":["GET"]}}],"collection":[{"href":"https:\/\/www.wallendorff.com\/belogue\/wp-json\/wp\/v2\/posts"}],"about":[{"href":"https:\/\/www.wallendorff.com\/belogue\/wp-json\/wp\/v2\/types\/post"}],"author":[{"embeddable":true,"href":"https:\/\/www.wallendorff.com\/belogue\/wp-json\/wp\/v2\/users\/1"}],"replies":[{"embeddable":true,"href":"https:\/\/www.wallendorff.com\/belogue\/wp-json\/wp\/v2\/comments?post=607"}],"version-history":[{"count":1,"href":"https:\/\/www.wallendorff.com\/belogue\/wp-json\/wp\/v2\/posts\/607\/revisions"}],"predecessor-version":[{"id":19004,"href":"https:\/\/www.wallendorff.com\/belogue\/wp-json\/wp\/v2\/posts\/607\/revisions\/19004"}],"wp:featuredmedia":[{"embeddable":true,"href":"https:\/\/www.wallendorff.com\/belogue\/wp-json\/wp\/v2\/media\/24555"}],"wp:attachment":[{"href":"https:\/\/www.wallendorff.com\/belogue\/wp-json\/wp\/v2\/media?parent=607"}],"wp:term":[{"taxonomy":"category","embeddable":true,"href":"https:\/\/www.wallendorff.com\/belogue\/wp-json\/wp\/v2\/categories?post=607"},{"taxonomy":"post_tag","embeddable":true,"href":"https:\/\/www.wallendorff.com\/belogue\/wp-json\/wp\/v2\/tags?post=607"}],"curies":[{"name":"wp","href":"https:\/\/api.w.org\/{rel}","templated":true}]}}