{"id":606,"date":"2004-10-22T16:22:16","date_gmt":"2004-10-22T16:22:16","guid":{"rendered":"http:\/\/www.po-l.com\/wordpress\/?p=606"},"modified":"2012-09-20T10:25:07","modified_gmt":"2012-09-20T08:25:07","slug":"rancour-erre-en-cour","status":"publish","type":"post","link":"https:\/\/www.wallendorff.com\/belogue\/2004\/10\/22\/rancour-erre-en-cour\/","title":{"rendered":"Ranc&oelig;ur erre en c&oelig;ur."},"content":{"rendered":"\n<div id=\"photo\">\n<p><img decoding=\"async\" src=\"http:\/\/www.po-L.com\/belogue\/photo\/2004\/10\/32.jpg\" \/><br \/>\n            University of Michigan Museum of Art, Ann Arbor.<\/p>\n<\/p><\/div>\n<div id=\"bandeson\">\n<p><img decoding=\"async\" src=\"https:\/\/www.wallendorff.com\/belogue\/photo\/pochettes\/t\/toad_the_wet_sprocket-dulcinea.jpg\" align=\"left\" \/>&nbsp;<a href=\"http:\/\/www.toadthewetsprocket.com\/\">Toad the Wet Sprocket<\/a> &ndash; <em>Windmills<\/em><\/p>\n<\/div>\n","protected":false},"excerpt":{"rendered":"<p>University of Michigan Museum of Art, Ann Arbor. &nbsp;Toad the Wet Sprocket &ndash; Windmills<\/p>\n","protected":false},"author":1,"featured_media":24554,"comment_status":"open","ping_status":"open","sticky":false,"template":"","format":"standard","meta":{"_acf_changed":false,"ngg_post_thumbnail":0,"jetpack_post_was_ever_published":false,"_jetpack_newsletter_access":"","_jetpack_dont_email_post_to_subs":false,"_jetpack_newsletter_tier_id":0,"_jetpack_memberships_contains_paywalled_content":false,"_jetpack_memberships_contains_paid_content":false,"footnotes":"","jetpack_publicize_message":"","jetpack_publicize_feature_enabled":true,"jetpack_social_post_already_shared":false,"jetpack_social_options":{"image_generator_settings":{"template":"highway","default_image_id":0,"font":"","enabled":false},"version":2}},"categories":[3],"tags":[148,62,3049,3533,55,54,143,10147,551,522,552],"class_list":["post-606","post","type-post","status-publish","format-standard","has-post-thumbnail","hentry","category-dpc","tag-a80","tag-ann-arbor","tag-campus","tag-colon","tag-etats-unis","tag-michigan","tag-noir-et-blanc","tag-nuit","tag-toad-the-wet-sprocket","tag-university-of-michigan","tag-windmills"],"acf":[],"geo":{"latitude":42.2767677,"longitude":-83.7400436,"description":null},"jetpack_publicize_connections":[],"jetpack_featured_media_url":"https:\/\/www.wallendorff.com\/belogue\/wp-content\/uploads\/2015\/04\/324.jpg","jetpack_shortlink":"https:\/\/wp.me\/p3b35P-9M","jetpack_sharing_enabled":true,"jetpack-related-posts":[{"id":304,"url":"https:\/\/www.wallendorff.com\/belogue\/2005\/07\/29\/hale-de-lavande\/","url_meta":{"origin":606,"position":0},"title":"H&acirc;l&eacute; de lavande.","author":"dpc","date":"29 juillet 2005","format":false,"excerpt":"Blois-Paris, 17 juillet. Et certains matins, tu trouves, au fond d'un coin poussi\u00e9reux de disque dur, un morceau us\u00e9 jusqu'\u00e0 l'accord d'avoir \u00e9t\u00e9 trop \u00e9cout\u00e9. Et tu le r\u00e9\u00e9coutes, au bout de toutes ces ann\u00e9es. Et tu te dis, apr\u00e8s tout, pourquoi pas, tiens. Alors. Pourquoi pas?\u00a0Tiens. \"Pull on the\u2026","rel":"","context":"Dans &quot;DPC&quot;","block_context":{"text":"DPC","link":"https:\/\/www.wallendorff.com\/belogue\/category\/dpc\/"},"img":{"alt_text":"","src":"https:\/\/i0.wp.com\/www.wallendorff.com\/belogue\/wp-content\/uploads\/2015\/04\/200507292.jpg?resize=350%2C200&ssl=1","width":350,"height":200,"srcset":"https:\/\/i0.wp.com\/www.wallendorff.com\/belogue\/wp-content\/uploads\/2015\/04\/200507292.jpg?resize=350%2C200&ssl=1 1x, https:\/\/i0.wp.com\/www.wallendorff.com\/belogue\/wp-content\/uploads\/2015\/04\/200507292.jpg?resize=525%2C300&ssl=1 1.5x, https:\/\/i0.wp.com\/www.wallendorff.com\/belogue\/wp-content\/uploads\/2015\/04\/200507292.jpg?resize=700%2C400&ssl=1 2x"},"classes":[]},{"id":4240,"url":"https:\/\/www.wallendorff.com\/belogue\/2009\/06\/01\/toad-the-wet-sprocket-the-ark-ann-arbor-05052009\/","url_meta":{"origin":606,"position":1},"title":"Toad the Wet Sprocket @ The Ark, Ann Arbor, 05\/05\/2009.","author":"dpc","date":"1 juin 2009","format":false,"excerpt":"\u00a0The Strange Boys \u2013 Poem Party Et l\u00e0 la moiti\u00e9 d'entre vous ne voit m\u00eame pas qui c'est. L'autre en profitera plut\u00f4t pour se foutre joyeusement de ma gueule. Mais bon, faut me comprendre aussi, on peut pas tout choisir dans la vie. J'eus pr\u00e9f\u00e9r\u00e9 faire The Kills + The\u2026","rel":"","context":"Dans &quot;Alive&quot;","block_context":{"text":"Alive","link":"https:\/\/www.wallendorff.com\/belogue\/category\/alive\/"},"img":{"alt_text":"","src":"https:\/\/i0.wp.com\/www.wallendorff.com\/belogue\/wp-content\/uploads\/2015\/04\/200906011.jpg?resize=350%2C200&ssl=1","width":350,"height":200,"srcset":"https:\/\/i0.wp.com\/www.wallendorff.com\/belogue\/wp-content\/uploads\/2015\/04\/200906011.jpg?resize=350%2C200&ssl=1 1x, https:\/\/i0.wp.com\/www.wallendorff.com\/belogue\/wp-content\/uploads\/2015\/04\/200906011.jpg?resize=525%2C300&ssl=1 1.5x, https:\/\/i0.wp.com\/www.wallendorff.com\/belogue\/wp-content\/uploads\/2015\/04\/200906011.jpg?resize=700%2C400&ssl=1 2x"},"classes":[]},{"id":572,"url":"https:\/\/www.wallendorff.com\/belogue\/2004\/11\/19\/ombree-lumiere\/","url_meta":{"origin":606,"position":2},"title":"Ombr&eacute;e lumi&egrave;re.","author":"dpc","date":"19 novembre 2004","format":false,"excerpt":"Hockeytown Caf\u00e9,\u00a0D\u00e9troit, 3 novembre 2004. There's something that you won't show Waiting where the light goes And anyway the wind blows It's all worth waiting for ... Anyway the wind blows \u00a0Toad the Wet Sprocket \u2013 Windmills","rel":"","context":"Dans &quot;DPC&quot;","block_context":{"text":"DPC","link":"https:\/\/www.wallendorff.com\/belogue\/category\/dpc\/"},"img":{"alt_text":"","src":"https:\/\/i0.wp.com\/www.wallendorff.com\/belogue\/wp-content\/uploads\/2015\/04\/505.jpg?resize=350%2C200&ssl=1","width":350,"height":200},"classes":[]},{"id":21643,"url":"https:\/\/www.wallendorff.com\/belogue\/2013\/09\/23\/nuager-dans-le-bonheur\/","url_meta":{"origin":606,"position":3},"title":"Nuager dans le bonheur.","author":"dpc","date":"23 septembre 2013","format":false,"excerpt":"Quai Anatole-France, Paris, 14 ao\u00fbt. Little HeavenToad the Wet Sprocket","rel":"","context":"Dans &quot;DPC&quot;","block_context":{"text":"DPC","link":"https:\/\/www.wallendorff.com\/belogue\/category\/dpc\/"},"img":{"alt_text":"","src":"https:\/\/i0.wp.com\/www.wallendorff.com\/belogue\/wp-content\/uploads\/2015\/04\/201309231.jpg?resize=350%2C200&ssl=1","width":350,"height":200,"srcset":"https:\/\/i0.wp.com\/www.wallendorff.com\/belogue\/wp-content\/uploads\/2015\/04\/201309231.jpg?resize=350%2C200&ssl=1 1x, https:\/\/i0.wp.com\/www.wallendorff.com\/belogue\/wp-content\/uploads\/2015\/04\/201309231.jpg?resize=525%2C300&ssl=1 1.5x, https:\/\/i0.wp.com\/www.wallendorff.com\/belogue\/wp-content\/uploads\/2015\/04\/201309231.jpg?resize=700%2C400&ssl=1 2x"},"classes":[]},{"id":16741,"url":"https:\/\/www.wallendorff.com\/belogue\/2012\/04\/06\/fugace-ii\/","url_meta":{"origin":606,"position":4},"title":"Fugace [II].","author":"dpc","date":"6 avril 2012","format":false,"excerpt":"Place de la Bataille-de-Stalingrad, Paris, 8 f\u00e9vrier. J'aurais aim\u00e9 savoir ce qui avait pu le pousser \u00e0 faire un jogging un mercredi soir \u00e0 23h17 par \u2013\u00a012\u00a0\u00b0C sur un quai vide. Toad the Wet Sprocket \u2013 Whatever I Fear (acoustic)","rel":"","context":"Dans &quot;DPC&quot;","block_context":{"text":"DPC","link":"https:\/\/www.wallendorff.com\/belogue\/category\/dpc\/"},"img":{"alt_text":"","src":"https:\/\/i0.wp.com\/www.wallendorff.com\/belogue\/wp-content\/uploads\/2015\/04\/201204061.jpg?resize=350%2C200&ssl=1","width":350,"height":200,"srcset":"https:\/\/i0.wp.com\/www.wallendorff.com\/belogue\/wp-content\/uploads\/2015\/04\/201204061.jpg?resize=350%2C200&ssl=1 1x, https:\/\/i0.wp.com\/www.wallendorff.com\/belogue\/wp-content\/uploads\/2015\/04\/201204061.jpg?resize=525%2C300&ssl=1 1.5x, https:\/\/i0.wp.com\/www.wallendorff.com\/belogue\/wp-content\/uploads\/2015\/04\/201204061.jpg?resize=700%2C400&ssl=1 2x"},"classes":[]},{"id":803,"url":"https:\/\/www.wallendorff.com\/belogue\/2006\/10\/10\/ni-trop-haut-ni-trottoir\/","url_meta":{"origin":606,"position":5},"title":"Ni trop haut [ni trottoir].","author":"dpc","date":"10 octobre 2006","format":false,"excerpt":"Rue de Lille, Paris, 7 octobre. Il y a deux ans j'allais voir les Libertines. C'est fou comme \u00e7a passe le temps quand m\u00eame un peu. [\u201cRide these waves of doubt Bitter in your mouth You will exhale cinnamon clouds\u201d.] \u00a0Toad the Wet Sprocket \u2013 Little Heaven _____ \/Edit\u00a0: Ah,\u2026","rel":"","context":"Dans &quot;DPC&quot;","block_context":{"text":"DPC","link":"https:\/\/www.wallendorff.com\/belogue\/category\/dpc\/"},"img":{"alt_text":"","src":"https:\/\/i0.wp.com\/www.wallendorff.com\/belogue\/wp-content\/uploads\/2015\/04\/200610101.jpg?resize=350%2C200&ssl=1","width":350,"height":200},"classes":[]}],"_links":{"self":[{"href":"https:\/\/www.wallendorff.com\/belogue\/wp-json\/wp\/v2\/posts\/606","targetHints":{"allow":["GET"]}}],"collection":[{"href":"https:\/\/www.wallendorff.com\/belogue\/wp-json\/wp\/v2\/posts"}],"about":[{"href":"https:\/\/www.wallendorff.com\/belogue\/wp-json\/wp\/v2\/types\/post"}],"author":[{"embeddable":true,"href":"https:\/\/www.wallendorff.com\/belogue\/wp-json\/wp\/v2\/users\/1"}],"replies":[{"embeddable":true,"href":"https:\/\/www.wallendorff.com\/belogue\/wp-json\/wp\/v2\/comments?post=606"}],"version-history":[{"count":1,"href":"https:\/\/www.wallendorff.com\/belogue\/wp-json\/wp\/v2\/posts\/606\/revisions"}],"predecessor-version":[{"id":19013,"href":"https:\/\/www.wallendorff.com\/belogue\/wp-json\/wp\/v2\/posts\/606\/revisions\/19013"}],"wp:featuredmedia":[{"embeddable":true,"href":"https:\/\/www.wallendorff.com\/belogue\/wp-json\/wp\/v2\/media\/24554"}],"wp:attachment":[{"href":"https:\/\/www.wallendorff.com\/belogue\/wp-json\/wp\/v2\/media?parent=606"}],"wp:term":[{"taxonomy":"category","embeddable":true,"href":"https:\/\/www.wallendorff.com\/belogue\/wp-json\/wp\/v2\/categories?post=606"},{"taxonomy":"post_tag","embeddable":true,"href":"https:\/\/www.wallendorff.com\/belogue\/wp-json\/wp\/v2\/tags?post=606"}],"curies":[{"name":"wp","href":"https:\/\/api.w.org\/{rel}","templated":true}]}}