{"id":605,"date":"2004-10-22T17:24:50","date_gmt":"2004-10-22T17:24:50","guid":{"rendered":"http:\/\/www.po-l.com\/wordpress\/?p=605"},"modified":"2012-09-21T11:46:52","modified_gmt":"2012-09-21T09:46:52","slug":"coup-de-vieux-soudain-et-douloureux","status":"publish","type":"post","link":"https:\/\/www.wallendorff.com\/belogue\/2004\/10\/22\/coup-de-vieux-soudain-et-douloureux\/","title":{"rendered":"Coup de vieux [soudain et douloureux]"},"content":{"rendered":"\n<div id=\"photo\">\n<p><img decoding=\"async\" src=\"http:\/\/www.po-L.com\/belogue\/photo\/2004\/10\/33.jpg\" \/><\/p>\n<\/p><\/div>\n<p style=\"text-align:center\"><em>(Dave Grohl et Krist Novoselic, Las Vegas, mardi. Photo K.M. Cannon)<\/em><\/p>\n<p style=\"text-align:center\">Novoselic est <U>CHAUVE<\/U>.<\/p>\n<p style=\"text-align:center\">(et gros)<\/p>\n<p style=\"text-align:center\">(enfin on dirait bien)<\/p>\n<div id=\"bandeson\">\n<p><img decoding=\"async\" src=\"https:\/\/www.wallendorff.com\/belogue\/photo\/pochettes\/n\/nirvana-in_utero.jpg\" align=\"left\" \/>&nbsp;<a href=\"#\">Nirvana<\/a> &ndash; <em>Serve the Servants<\/em><\/p>\n<\/p><\/div>\n","protected":false},"excerpt":{"rendered":"<p>(Dave Grohl et Krist Novoselic, Las Vegas, mardi. Photo K.M. Cannon) Novoselic est CHAUVE. (et gros) (enfin on dirait bien) &nbsp;Nirvana &ndash; Serve the Servants<\/p>\n","protected":false},"author":1,"featured_media":24553,"comment_status":"open","ping_status":"open","sticky":false,"template":"","format":"standard","meta":{"_acf_changed":false,"ngg_post_thumbnail":0,"jetpack_post_was_ever_published":false,"_jetpack_newsletter_access":"","_jetpack_dont_email_post_to_subs":false,"_jetpack_newsletter_tier_id":0,"_jetpack_memberships_contains_paywalled_content":false,"_jetpack_memberships_contains_paid_content":false,"footnotes":"","jetpack_publicize_message":"","jetpack_publicize_feature_enabled":true,"jetpack_social_post_already_shared":false,"jetpack_social_options":{"image_generator_settings":{"template":"highway","default_image_id":0,"font":"","enabled":false},"version":2}},"categories":[3],"tags":[10200,553,555,556],"class_list":["post-605","post","type-post","status-publish","format-standard","has-post-thumbnail","hentry","category-dpc","tag-dave-grohl","tag-krist-novoselic","tag-nirvana","tag-serve-the-servant"],"acf":[],"geo":null,"jetpack_publicize_connections":[],"jetpack_featured_media_url":"https:\/\/www.wallendorff.com\/belogue\/wp-content\/uploads\/2015\/04\/334.jpg","jetpack_shortlink":"https:\/\/wp.me\/p3b35P-9L","jetpack_sharing_enabled":true,"jetpack-related-posts":[{"id":22689,"url":"https:\/\/www.wallendorff.com\/belogue\/2014\/04\/08\/nirvana-in-utero\/","url_meta":{"origin":605,"position":0},"title":"Nirvana &ndash; In Utero","author":"dpc","date":"8 avril 2014","format":false,"excerpt":"#30 Label\u00a0: Geffen Sortie\u00a0: 13 septembre 1993 Producteur\u00a0: Steve Albini Teenage angst has paid off well, now I\u2019m bored and old. J\u2019ai r\u00eav\u00e9 cette nuit que j\u2019\u00e9tais en soir\u00e9e en Suisse avec Krist Novoselic. Tout le monde parlait de l\u2019anniversaire de la mort de Cobain et moi, je pensais qu\u2019en\u2026","rel":"","context":"Dans &quot;Autodiscobiographie&quot;","block_context":{"text":"Autodiscobiographie","link":"https:\/\/www.wallendorff.com\/belogue\/category\/autodiscobiographie\/"},"img":{"alt_text":"","src":"https:\/\/i0.wp.com\/www.wallendorff.com\/belogue\/wp-content\/uploads\/2015\/04\/019b1.jpg?resize=350%2C200&ssl=1","width":350,"height":200,"srcset":"https:\/\/i0.wp.com\/www.wallendorff.com\/belogue\/wp-content\/uploads\/2015\/04\/019b1.jpg?resize=350%2C200&ssl=1 1x, https:\/\/i0.wp.com\/www.wallendorff.com\/belogue\/wp-content\/uploads\/2015\/04\/019b1.jpg?resize=525%2C300&ssl=1 1.5x, https:\/\/i0.wp.com\/www.wallendorff.com\/belogue\/wp-content\/uploads\/2015\/04\/019b1.jpg?resize=700%2C400&ssl=1 2x"},"classes":[]},{"id":9663,"url":"https:\/\/www.wallendorff.com\/belogue\/2010\/10\/15\/love-amongst-ruin-lys-glow-la-fleche-dor-paris\/","url_meta":{"origin":605,"position":1},"title":"Love Amongst Ruin + LYS + Glow @ la Fl\u00e8che d&rsquo;Or, Paris.","author":"dpc","date":"15 octobre 2010","format":false,"excerpt":"Blood & Earth | Alone | Heaven & Hell | Running | Away from Me | Come on Say It | Got to Give It Up | Truth | So Sad (Fade) | Home || Rise \u00ab\u00a0Glad to be back in Paris. A lot of things has changed, I think\u2026","rel":"","context":"Dans &quot;Alive&quot;","block_context":{"text":"Alive","link":"https:\/\/www.wallendorff.com\/belogue\/category\/alive\/"},"img":{"alt_text":"","src":"https:\/\/i0.wp.com\/www.wallendorff.com\/belogue\/wp-content\/uploads\/2015\/04\/201010151.jpg?resize=350%2C200&ssl=1","width":350,"height":200,"srcset":"https:\/\/i0.wp.com\/www.wallendorff.com\/belogue\/wp-content\/uploads\/2015\/04\/201010151.jpg?resize=350%2C200&ssl=1 1x, https:\/\/i0.wp.com\/www.wallendorff.com\/belogue\/wp-content\/uploads\/2015\/04\/201010151.jpg?resize=525%2C300&ssl=1 1.5x, https:\/\/i0.wp.com\/www.wallendorff.com\/belogue\/wp-content\/uploads\/2015\/04\/201010151.jpg?resize=700%2C400&ssl=1 2x"},"classes":[]},{"id":930,"url":"https:\/\/www.wallendorff.com\/belogue\/2007\/04\/09\/nirvana-nevermind\/","url_meta":{"origin":605,"position":2},"title":"Nirvana &ndash; Nevermind","author":"dpc","date":"9 avril 2007","format":false,"excerpt":"#9 Label\u00a0: Geffen Sortie\u00a0: 24 septembre 1991 Producteur\u00a0: Butch Vig En 1992, tous mes potes se sont mis au hard-rock. Slayer, Sepultura, Megadeth et Faith No More circulent autour de moi sans que je picore leurs cassettes. Au lieu de \u00e7a, je reste cantonn\u00e9 dans les disques de ma s\u0153ur,\u2026","rel":"","context":"Dans &quot;Autodiscobiographie&quot;","block_context":{"text":"Autodiscobiographie","link":"https:\/\/www.wallendorff.com\/belogue\/category\/autodiscobiographie\/"},"img":{"alt_text":"","src":"https:\/\/i0.wp.com\/www.wallendorff.com\/belogue\/wp-content\/uploads\/2015\/04\/004b.jpg?resize=350%2C200&ssl=1","width":350,"height":200,"srcset":"https:\/\/i0.wp.com\/www.wallendorff.com\/belogue\/wp-content\/uploads\/2015\/04\/004b.jpg?resize=350%2C200&ssl=1 1x, https:\/\/i0.wp.com\/www.wallendorff.com\/belogue\/wp-content\/uploads\/2015\/04\/004b.jpg?resize=525%2C300&ssl=1 1.5x, https:\/\/i0.wp.com\/www.wallendorff.com\/belogue\/wp-content\/uploads\/2015\/04\/004b.jpg?resize=700%2C400&ssl=1 2x"},"classes":[]},{"id":20761,"url":"https:\/\/www.wallendorff.com\/belogue\/2013\/04\/11\/des-hauts-dorient\/","url_meta":{"origin":605,"position":3},"title":"Des hauts d&rsquo;orient.","author":"dpc","date":"11 avril 2013","format":false,"excerpt":"Panth\u00e9on, Rome, 9 f\u00e9vrier. Heaven and All (feat. Robert Levon Been, Peter Hayes & Dave Grohl)Sound City Players","rel":"","context":"Dans &quot;DPC&quot;","block_context":{"text":"DPC","link":"https:\/\/www.wallendorff.com\/belogue\/category\/dpc\/"},"img":{"alt_text":"","src":"https:\/\/i0.wp.com\/www.wallendorff.com\/belogue\/wp-content\/uploads\/2015\/04\/20130411.jpg?resize=350%2C200&ssl=1","width":350,"height":200,"srcset":"https:\/\/i0.wp.com\/www.wallendorff.com\/belogue\/wp-content\/uploads\/2015\/04\/20130411.jpg?resize=350%2C200&ssl=1 1x, https:\/\/i0.wp.com\/www.wallendorff.com\/belogue\/wp-content\/uploads\/2015\/04\/20130411.jpg?resize=525%2C300&ssl=1 1.5x"},"classes":[]},{"id":20245,"url":"https:\/\/www.wallendorff.com\/belogue\/2006\/01\/29\/foo-fighters-le-zenith-paris\/","url_meta":{"origin":605,"position":4},"title":"Foo Fighters @ le Z\u00e9nith, Paris.","author":"dpc","date":"29 janvier 2006","format":false,"excerpt":"Si leur show \u00e0 Rock en Seine avait \u00e9t\u00e9 intense, les Foo Fighters plient carr\u00e9ment la cabane au Z\u00e9nith, en y mettant les gros moyens\u00a0: d\u00e9cor de lasers, d\u2019\u00e9crans g\u00e9ants et de banni\u00e8re amovible qui, au d\u00e9but, monte pour faire appara\u00eetre le groupe, culs-secs de pintes de bi\u00e8res sous les\u2026","rel":"","context":"Dans &quot;Alive&quot;","block_context":{"text":"Alive","link":"https:\/\/www.wallendorff.com\/belogue\/category\/alive\/"},"img":{"alt_text":"","src":"","width":0,"height":0},"classes":[]},{"id":1269,"url":"https:\/\/www.wallendorff.com\/belogue\/2008\/07\/15\/a-bon-an-tant-d-heures\/","url_meta":{"origin":605,"position":5},"title":"\u00c0 bon an, tant d&rsquo;heures.","author":"dpc","date":"15 juillet 2008","format":false,"excerpt":"Gare de l'Est, Paris, 18 juin. Et de me faire pr\u00e9f\u00e9rer l'en-train. \u00a0Isobel Campbell & Mark Lanegan \u2013 Trouble _____ 1 Je sais que \u00e7a fait redite de cette photo-ci et j'assume mes fixettes.","rel":"","context":"Dans &quot;DPC&quot;","block_context":{"text":"DPC","link":"https:\/\/www.wallendorff.com\/belogue\/category\/dpc\/"},"img":{"alt_text":"","src":"https:\/\/i0.wp.com\/www.wallendorff.com\/belogue\/wp-content\/uploads\/2015\/04\/200807151.jpg?resize=350%2C200&ssl=1","width":350,"height":200},"classes":[]}],"_links":{"self":[{"href":"https:\/\/www.wallendorff.com\/belogue\/wp-json\/wp\/v2\/posts\/605","targetHints":{"allow":["GET"]}}],"collection":[{"href":"https:\/\/www.wallendorff.com\/belogue\/wp-json\/wp\/v2\/posts"}],"about":[{"href":"https:\/\/www.wallendorff.com\/belogue\/wp-json\/wp\/v2\/types\/post"}],"author":[{"embeddable":true,"href":"https:\/\/www.wallendorff.com\/belogue\/wp-json\/wp\/v2\/users\/1"}],"replies":[{"embeddable":true,"href":"https:\/\/www.wallendorff.com\/belogue\/wp-json\/wp\/v2\/comments?post=605"}],"version-history":[{"count":2,"href":"https:\/\/www.wallendorff.com\/belogue\/wp-json\/wp\/v2\/posts\/605\/revisions"}],"predecessor-version":[{"id":19022,"href":"https:\/\/www.wallendorff.com\/belogue\/wp-json\/wp\/v2\/posts\/605\/revisions\/19022"}],"wp:featuredmedia":[{"embeddable":true,"href":"https:\/\/www.wallendorff.com\/belogue\/wp-json\/wp\/v2\/media\/24553"}],"wp:attachment":[{"href":"https:\/\/www.wallendorff.com\/belogue\/wp-json\/wp\/v2\/media?parent=605"}],"wp:term":[{"taxonomy":"category","embeddable":true,"href":"https:\/\/www.wallendorff.com\/belogue\/wp-json\/wp\/v2\/categories?post=605"},{"taxonomy":"post_tag","embeddable":true,"href":"https:\/\/www.wallendorff.com\/belogue\/wp-json\/wp\/v2\/tags?post=605"}],"curies":[{"name":"wp","href":"https:\/\/api.w.org\/{rel}","templated":true}]}}