{"id":60,"date":"2005-09-20T17:09:20","date_gmt":"2005-09-20T17:09:20","guid":{"rendered":"http:\/\/www.po-l.com\/wordpress\/?p=60"},"modified":"2018-05-23T08:08:30","modified_gmt":"2018-05-23T06:08:30","slug":"et-pendant-ce-temps-au-louvre","status":"publish","type":"post","link":"https:\/\/www.wallendorff.com\/belogue\/2005\/09\/20\/et-pendant-ce-temps-au-louvre\/","title":{"rendered":"Et pendant ce temps, au Louvre."},"content":{"rendered":"\n<div id=\"photo\">\n<p><img decoding=\"async\" src=\"http:\/\/www.po-L.com\/belogue\/photo\/2005\/09\/20050920.jpg\" \/><br \/>\n        Cour Carr&eacute;e, Paris, 13 septembre.<\/p>\n<\/p><\/div>\n<p style=\"text-align:right\">[Il ne se passe rien non plus.]<\/p>\n<p style=\"text-align:right\">&quot;<em>Tell everyone in the place to just get out<br \/>\n      We&rsquo;ll get clean together<br \/>\n      And I&rsquo;ll find me a soapbox<br \/>\n      Where I can shout it.<\/em>&quot;<\/p>\n<div id=\"bandeson\">\n<p><img decoding=\"async\" src=\"https:\/\/www.wallendorff.com\/belogue\/photo\/pochettes\/blank.jpg\" align=\"left\" \/>&nbsp;Bob Dylan \/ Jack White &mdash; <em>Ball and Biscuit<\/em> (live D\u00e9troit 03\/17\/2004)<\/p>\n<\/div>\n","protected":false},"excerpt":{"rendered":"<p>Cour Carr&eacute;e, Paris, 13 septembre. [Il ne se passe rien non plus.] &quot;Tell everyone in the place to just get out We&rsquo;ll get clean together And I&rsquo;ll find me a soapbox Where I can shout it.&quot; &nbsp;Bob Dylan \/ Jack White &mdash; Ball and Biscuit (live D\u00e9troit 03\/17\/2004)<\/p>\n","protected":false},"author":1,"featured_media":23994,"comment_status":"open","ping_status":"open","sticky":false,"template":"","format":"standard","meta":{"_acf_changed":false,"ngg_post_thumbnail":0,"jetpack_post_was_ever_published":false,"_jetpack_newsletter_access":"","_jetpack_dont_email_post_to_subs":false,"_jetpack_newsletter_tier_id":0,"_jetpack_memberships_contains_paywalled_content":false,"_jetpack_memberships_contains_paid_content":false,"footnotes":"","jetpack_publicize_message":"","jetpack_publicize_feature_enabled":true,"jetpack_social_post_already_shared":false,"jetpack_social_options":{"image_generator_settings":{"template":"highway","default_image_id":0,"font":"","enabled":false},"version":2}},"categories":[3],"tags":[10182,272,1251,132,13754,10120,10121,10095,143,11237,10098,173],"class_list":["post-60","post","type-post","status-publish","format-standard","has-post-thumbnail","hentry","category-dpc","tag-10182","tag-ball-and-biscuit","tag-bob-dylan","tag-eos-20d","tag-cour-carree-du-louvre","tag-france","tag-ile-de-france","tag-jack-white","tag-noir-et-blanc","tag-palais-du-louvre","tag-paris","tag-sigma-28-70-mm-f28-dg-ex"],"acf":[],"geo":{"latitude":48.8609543,"longitude":2.3381138,"description":null},"jetpack_publicize_connections":[],"jetpack_featured_media_url":"https:\/\/www.wallendorff.com\/belogue\/wp-content\/uploads\/2015\/04\/200509201.jpg","jetpack_shortlink":"https:\/\/wp.me\/p3b35P-Y","jetpack_sharing_enabled":true,"jetpack-related-posts":[{"id":35926,"url":"https:\/\/www.wallendorff.com\/belogue\/2017\/10\/06\/into-the-wide-111\/","url_meta":{"origin":60,"position":0},"title":"Into the wide #111.","author":"dpc","date":"6 octobre 2017","format":false,"excerpt":"Cour carr\u00e9e du Louvre, Paris, 3 ao\u00fbt. In Your Hands Nick Mulvey","rel":"","context":"Dans &quot;Into the wide&quot;","block_context":{"text":"Into the wide","link":"https:\/\/www.wallendorff.com\/belogue\/category\/into-the-wide\/"},"img":{"alt_text":"","src":"https:\/\/i0.wp.com\/www.wallendorff.com\/belogue\/wp-content\/uploads\/2017\/10\/20171006.jpg?resize=350%2C200&ssl=1","width":350,"height":200,"srcset":"https:\/\/i0.wp.com\/www.wallendorff.com\/belogue\/wp-content\/uploads\/2017\/10\/20171006.jpg?resize=350%2C200&ssl=1 1x, https:\/\/i0.wp.com\/www.wallendorff.com\/belogue\/wp-content\/uploads\/2017\/10\/20171006.jpg?resize=525%2C300&ssl=1 1.5x, https:\/\/i0.wp.com\/www.wallendorff.com\/belogue\/wp-content\/uploads\/2017\/10\/20171006.jpg?resize=700%2C400&ssl=1 2x"},"classes":[]},{"id":35950,"url":"https:\/\/www.wallendorff.com\/belogue\/2017\/10\/09\/into-the-wide-112\/","url_meta":{"origin":60,"position":1},"title":"Into the wide #112.","author":"dpc","date":"9 octobre 2017","format":false,"excerpt":"Cour carr\u00e9e du Louvre, Paris, 3 ao\u00fbt. Formidable Cool Wolf Alice","rel":"","context":"Dans &quot;Into the wide&quot;","block_context":{"text":"Into the wide","link":"https:\/\/www.wallendorff.com\/belogue\/category\/into-the-wide\/"},"img":{"alt_text":"","src":"https:\/\/i0.wp.com\/www.wallendorff.com\/belogue\/wp-content\/uploads\/2017\/10\/20171009.jpg?resize=350%2C200&ssl=1","width":350,"height":200,"srcset":"https:\/\/i0.wp.com\/www.wallendorff.com\/belogue\/wp-content\/uploads\/2017\/10\/20171009.jpg?resize=350%2C200&ssl=1 1x, https:\/\/i0.wp.com\/www.wallendorff.com\/belogue\/wp-content\/uploads\/2017\/10\/20171009.jpg?resize=525%2C300&ssl=1 1.5x, https:\/\/i0.wp.com\/www.wallendorff.com\/belogue\/wp-content\/uploads\/2017\/10\/20171009.jpg?resize=700%2C400&ssl=1 2x"},"classes":[]},{"id":3418,"url":"https:\/\/www.wallendorff.com\/belogue\/2008\/09\/10\/trois-hanches-en-pagne\/","url_meta":{"origin":60,"position":2},"title":"Trois hanches en pagne.","author":"dpc","date":"10 septembre 2008","format":false,"excerpt":"Cour carr\u00e9e du Louvre, Paris, 6 ao\u00fbt. Jos\u00e9 Gonz\u00e1lez \u2013 Stay in the Shade Oui je sais, on ne les voit pas et il faut les imaginer. C'est fou le nombre de trucs que l'on doit se contenter d'imaginer en ce moment.","rel":"","context":"Dans &quot;DPC&quot;","block_context":{"text":"DPC","link":"https:\/\/www.wallendorff.com\/belogue\/category\/dpc\/"},"img":{"alt_text":"","src":"https:\/\/i0.wp.com\/www.wallendorff.com\/belogue\/wp-content\/uploads\/2015\/04\/200809101.jpg?resize=350%2C200&ssl=1","width":350,"height":200},"classes":[]},{"id":3404,"url":"https:\/\/www.wallendorff.com\/belogue\/2008\/09\/08\/lit-lit-lit\/","url_meta":{"origin":60,"position":3},"title":"Lit lit lit.","author":"dpc","date":"8 septembre 2008","format":false,"excerpt":"Cour carr\u00e9e du Louvre, Paris, 6 ao\u00fbt. The Veils \u2013 Drive (R.E.M. cover) \u2013 (Drive XV) C'est quand m\u00eame chouette de faire dans le dynamique motivant d\u00e8s le lundi matin.","rel":"","context":"Dans &quot;DPC&quot;","block_context":{"text":"DPC","link":"https:\/\/www.wallendorff.com\/belogue\/category\/dpc\/"},"img":{"alt_text":"","src":"https:\/\/i0.wp.com\/www.wallendorff.com\/belogue\/wp-content\/uploads\/2015\/04\/200809081.jpg?resize=350%2C200&ssl=1","width":350,"height":200},"classes":[]},{"id":374,"url":"https:\/\/www.wallendorff.com\/belogue\/2005\/05\/14\/et-coin-et-coin-petite-pate-a-pain\/","url_meta":{"origin":60,"position":4},"title":"Et coin, et coin, petite p\u00e2te \u00e0 pain.","author":"dpc","date":"14 mai 2005","format":false,"excerpt":"Cour Carr\u00e9e, Paris, 3 mai. Messages personnels\u00a0: Either\u00a0: Il y a des coins-coins Cour Carr\u00e9e. Mais ils ne sortent que le soir, entre 18h22 et 18h31. C'est pour\u00a0cette raison\u00a0que tu ne les as jusque-l\u00e0 pas vu. J'ai pour ma part jou\u00e9 de chance. Cracotte\u00a0: Je sais que ce ne sont\u2026","rel":"","context":"Dans &quot;DPC&quot;","block_context":{"text":"DPC","link":"https:\/\/www.wallendorff.com\/belogue\/category\/dpc\/"},"img":{"alt_text":"","src":"https:\/\/i0.wp.com\/www.wallendorff.com\/belogue\/wp-content\/uploads\/2015\/04\/200505141.jpg?resize=350%2C200&ssl=1","width":350,"height":200},"classes":[]},{"id":50209,"url":"https:\/\/www.wallendorff.com\/belogue\/2021\/12\/14\/pyramide-du-lferme\/","url_meta":{"origin":60,"position":5},"title":"Pyramide du L&rsquo;ferme.","author":"dpc","date":"14 d\u00e9cembre 2021","format":false,"excerpt":"Palais du Louvre, Paris, 19 octobre 2021. The Path Lorde\u00a0","rel":"","context":"Dans &quot;DPC&quot;","block_context":{"text":"DPC","link":"https:\/\/www.wallendorff.com\/belogue\/category\/dpc\/"},"img":{"alt_text":"","src":"https:\/\/i0.wp.com\/www.wallendorff.com\/belogue\/wp-content\/uploads\/2021\/12\/20211214.jpg?resize=350%2C200&ssl=1","width":350,"height":200,"srcset":"https:\/\/i0.wp.com\/www.wallendorff.com\/belogue\/wp-content\/uploads\/2021\/12\/20211214.jpg?resize=350%2C200&ssl=1 1x, https:\/\/i0.wp.com\/www.wallendorff.com\/belogue\/wp-content\/uploads\/2021\/12\/20211214.jpg?resize=525%2C300&ssl=1 1.5x, https:\/\/i0.wp.com\/www.wallendorff.com\/belogue\/wp-content\/uploads\/2021\/12\/20211214.jpg?resize=700%2C400&ssl=1 2x, https:\/\/i0.wp.com\/www.wallendorff.com\/belogue\/wp-content\/uploads\/2021\/12\/20211214.jpg?resize=1050%2C600&ssl=1 3x"},"classes":[]}],"_links":{"self":[{"href":"https:\/\/www.wallendorff.com\/belogue\/wp-json\/wp\/v2\/posts\/60","targetHints":{"allow":["GET"]}}],"collection":[{"href":"https:\/\/www.wallendorff.com\/belogue\/wp-json\/wp\/v2\/posts"}],"about":[{"href":"https:\/\/www.wallendorff.com\/belogue\/wp-json\/wp\/v2\/types\/post"}],"author":[{"embeddable":true,"href":"https:\/\/www.wallendorff.com\/belogue\/wp-json\/wp\/v2\/users\/1"}],"replies":[{"embeddable":true,"href":"https:\/\/www.wallendorff.com\/belogue\/wp-json\/wp\/v2\/comments?post=60"}],"version-history":[{"count":1,"href":"https:\/\/www.wallendorff.com\/belogue\/wp-json\/wp\/v2\/posts\/60\/revisions"}],"predecessor-version":[{"id":35930,"href":"https:\/\/www.wallendorff.com\/belogue\/wp-json\/wp\/v2\/posts\/60\/revisions\/35930"}],"wp:featuredmedia":[{"embeddable":true,"href":"https:\/\/www.wallendorff.com\/belogue\/wp-json\/wp\/v2\/media\/23994"}],"wp:attachment":[{"href":"https:\/\/www.wallendorff.com\/belogue\/wp-json\/wp\/v2\/media?parent=60"}],"wp:term":[{"taxonomy":"category","embeddable":true,"href":"https:\/\/www.wallendorff.com\/belogue\/wp-json\/wp\/v2\/categories?post=60"},{"taxonomy":"post_tag","embeddable":true,"href":"https:\/\/www.wallendorff.com\/belogue\/wp-json\/wp\/v2\/tags?post=60"}],"curies":[{"name":"wp","href":"https:\/\/api.w.org\/{rel}","templated":true}]}}