{"id":5989,"date":"2010-01-11T09:58:48","date_gmt":"2010-01-11T08:58:48","guid":{"rendered":"http:\/\/www.po-l.com\/belogue\/?p=5989"},"modified":"2012-01-09T12:16:37","modified_gmt":"2012-01-09T10:16:37","slug":"du-clock-alan","status":"publish","type":"post","link":"https:\/\/www.wallendorff.com\/belogue\/2010\/01\/11\/du-clock-alan\/","title":{"rendered":"Du clock, Alan."},"content":{"rendered":"<div id=\"photo\">\n<p><img decoding=\"async\" src=\"https:\/\/www.wallendorff.com\/belogue\/photo\/2010\/01\/20100111.jpg\" \/><br \/>\nLa Fl&egrave;che d&rsquo;Or, Paris, 9 d&eacute;cembre 2009.<\/p>\n<\/div>\n<div id=\"bandeson\">\n<p><img decoding=\"async\" src=\"https:\/\/www.wallendorff.com\/belogue\/photo\/pochettes\/b\/boxer_rebellion_the-union.jpg\" align=\"left\" \/>&nbsp;<a href=\"http:\/\/www.theboxerrebellion.com\/\">The Boxer Rebellion<\/a> &ndash; <em>Evacuate<\/em><\/p>\n<\/div>\n<p style=\"text-align:right\">[D&eacute;cembre avait pourtant bien commenc&eacute;.]<\/p>\n","protected":false},"excerpt":{"rendered":"<p>La Fl&egrave;che d&rsquo;Or, Paris, 9 d&eacute;cembre 2009. &nbsp;The Boxer Rebellion &ndash; Evacuate [D&eacute;cembre avait pourtant bien commenc&eacute;.]<\/p>\n","protected":false},"author":1,"featured_media":25659,"comment_status":"open","ping_status":"open","sticky":false,"template":"","format":"standard","meta":{"_acf_changed":false,"ngg_post_thumbnail":0,"jetpack_post_was_ever_published":false,"_jetpack_newsletter_access":"","_jetpack_dont_email_post_to_subs":false,"_jetpack_newsletter_tier_id":0,"_jetpack_memberships_contains_paywalled_content":false,"_jetpack_memberships_contains_paid_content":false,"footnotes":"","jetpack_publicize_message":"","jetpack_publicize_feature_enabled":true,"jetpack_social_post_already_shared":false,"jetpack_social_options":{"image_generator_settings":{"template":"highway","default_image_id":0,"font":"","enabled":false},"version":2}},"categories":[3],"tags":[10216,196,2615,3379,10307,10120,10309,10121,10374,10147,10098,10305,3378],"class_list":["post-5989","post","type-post","status-publish","format-standard","has-post-thumbnail","hentry","category-dpc","tag-10216","tag-ef-28-70-mm-f28l-usm","tag-eos-5d-mark-ii","tag-evacuate","tag-fenetre","tag-france","tag-horloge","tag-ile-de-france","tag-la-fleche-dor","tag-nuit","tag-paris","tag-porte","tag-the-boxer-rebellion"],"acf":[],"geo":{"latitude":48.8594246,"longitude":2.4029884,"description":"94-104 Rue de Bagnolet, 75020 Paris, France"},"jetpack_publicize_connections":[],"jetpack_featured_media_url":"https:\/\/www.wallendorff.com\/belogue\/wp-content\/uploads\/2015\/04\/201001111.jpg","jetpack_shortlink":"https:\/\/wp.me\/p3b35P-1yB","jetpack_sharing_enabled":true,"jetpack-related-posts":[{"id":10610,"url":"https:\/\/www.wallendorff.com\/belogue\/2010\/12\/12\/elista-la-fleche-dor-paris-10-decembre\/","url_meta":{"origin":5989,"position":0},"title":"Elista @ la Fl\u00e8che d&rsquo;Or, Paris, 10 d\u00e9cembre.","author":"dpc","date":"12 d\u00e9cembre 2010","format":false,"excerpt":"De retour trois ans apr\u00e8s. Nouvel album, L'Amour, la guerre et l'imb\u00e9cile, le 24 janvier. Plus d'infos sur LeurEspace. Mumford & Sons\u2013 Little Lion Man (live Shepherd's Bush Empire)","rel":"","context":"Dans &quot;Alive&quot;","block_context":{"text":"Alive","link":"https:\/\/www.wallendorff.com\/belogue\/category\/alive\/"},"img":{"alt_text":"","src":"https:\/\/i0.wp.com\/www.wallendorff.com\/belogue\/wp-content\/uploads\/2015\/04\/201012121.jpg?resize=350%2C200&ssl=1","width":350,"height":200,"srcset":"https:\/\/i0.wp.com\/www.wallendorff.com\/belogue\/wp-content\/uploads\/2015\/04\/201012121.jpg?resize=350%2C200&ssl=1 1x, https:\/\/i0.wp.com\/www.wallendorff.com\/belogue\/wp-content\/uploads\/2015\/04\/201012121.jpg?resize=525%2C300&ssl=1 1.5x, https:\/\/i0.wp.com\/www.wallendorff.com\/belogue\/wp-content\/uploads\/2015\/04\/201012121.jpg?resize=700%2C400&ssl=1 2x"},"classes":[]},{"id":5316,"url":"https:\/\/www.wallendorff.com\/belogue\/2009\/12\/12\/blood-red-shoes-delphic-james-yuill-get-well-soon-la-fleche-dor-paris-9-decembre\/","url_meta":{"origin":5989,"position":1},"title":"Blood Red Shoes + Delphic + James Yuill + Get Well Soon @ la Fl\u00e8che d&rsquo;Or, Paris, 9 d\u00e9cembre.","author":"dpc","date":"12 d\u00e9cembre 2009","format":false,"excerpt":"Keeping It Close | Doesn't Matter Much | It Is Happening Again | Count Me Out | Say Something, Say Anything | Light It Up | When We Wake | This Is Not for You | Don't Ask | Colours Fade || I Wish I Was Someone Better \u00a0Blood Red\u2026","rel":"","context":"Dans &quot;Alive&quot;","block_context":{"text":"Alive","link":"https:\/\/www.wallendorff.com\/belogue\/category\/alive\/"},"img":{"alt_text":"","src":"https:\/\/i0.wp.com\/www.wallendorff.com\/belogue\/wp-content\/uploads\/2015\/04\/200912121.jpg?resize=350%2C200&ssl=1","width":350,"height":200,"srcset":"https:\/\/i0.wp.com\/www.wallendorff.com\/belogue\/wp-content\/uploads\/2015\/04\/200912121.jpg?resize=350%2C200&ssl=1 1x, https:\/\/i0.wp.com\/www.wallendorff.com\/belogue\/wp-content\/uploads\/2015\/04\/200912121.jpg?resize=525%2C300&ssl=1 1.5x, https:\/\/i0.wp.com\/www.wallendorff.com\/belogue\/wp-content\/uploads\/2015\/04\/200912121.jpg?resize=700%2C400&ssl=1 2x"},"classes":[]},{"id":1183,"url":"https:\/\/www.wallendorff.com\/belogue\/2008\/03\/13\/cote-aube-kurde-d-laf-hrs\/","url_meta":{"origin":5989,"position":2},"title":"Cot\u00e9e aube kurde d&rsquo;\u00d8laf H\u00f6rs.","author":"dpc","date":"13 mars 2008","format":false,"excerpt":"La Fl\u00e8che d'Or, Paris, 1er d\u00e9cembre 2007. J'ai des envies de moyen format. \u00a0The Kills \u2013 M.E.X.I.C.O.C.U","rel":"","context":"Dans &quot;DPC&quot;","block_context":{"text":"DPC","link":"https:\/\/www.wallendorff.com\/belogue\/category\/dpc\/"},"img":{"alt_text":"","src":"https:\/\/i0.wp.com\/www.wallendorff.com\/belogue\/wp-content\/uploads\/2015\/04\/200803131.jpg?resize=350%2C200&ssl=1","width":350,"height":200},"classes":[]},{"id":27116,"url":"https:\/\/www.wallendorff.com\/belogue\/2015\/04\/22\/circa-waves-la-fleche-dor-paris\/","url_meta":{"origin":5989,"position":3},"title":"Circa Waves @ la Fl\u00e8che d&rsquo;Or, Paris.","author":"dpc","date":"22 avril 2015","format":false,"excerpt":"T-Shirt Weather Circa Waves","rel":"","context":"Dans &quot;Alive&quot;","block_context":{"text":"Alive","link":"https:\/\/www.wallendorff.com\/belogue\/category\/alive\/"},"img":{"alt_text":"","src":"https:\/\/i0.wp.com\/www.wallendorff.com\/belogue\/wp-content\/uploads\/2015\/04\/20150422.jpg?resize=350%2C200&ssl=1","width":350,"height":200,"srcset":"https:\/\/i0.wp.com\/www.wallendorff.com\/belogue\/wp-content\/uploads\/2015\/04\/20150422.jpg?resize=350%2C200&ssl=1 1x, https:\/\/i0.wp.com\/www.wallendorff.com\/belogue\/wp-content\/uploads\/2015\/04\/20150422.jpg?resize=525%2C300&ssl=1 1.5x, https:\/\/i0.wp.com\/www.wallendorff.com\/belogue\/wp-content\/uploads\/2015\/04\/20150422.jpg?resize=700%2C400&ssl=1 2x"},"classes":[]},{"id":30838,"url":"https:\/\/www.wallendorff.com\/belogue\/2016\/05\/04\/jake-bugg-la-fleche-dor-paris-2\/","url_meta":{"origin":5989,"position":4},"title":"Jake Bugg @ la Fl\u00e8che d&rsquo;Or, Paris.","author":"dpc","date":"4 mai 2016","format":false,"excerpt":"","rel":"","context":"Dans &quot;Alive&quot;","block_context":{"text":"Alive","link":"https:\/\/www.wallendorff.com\/belogue\/category\/alive\/"},"img":{"alt_text":"","src":"https:\/\/i0.wp.com\/www.wallendorff.com\/belogue\/wp-content\/uploads\/2016\/05\/20160504-03-1.jpg?resize=350%2C200&ssl=1","width":350,"height":200,"srcset":"https:\/\/i0.wp.com\/www.wallendorff.com\/belogue\/wp-content\/uploads\/2016\/05\/20160504-03-1.jpg?resize=350%2C200&ssl=1 1x, https:\/\/i0.wp.com\/www.wallendorff.com\/belogue\/wp-content\/uploads\/2016\/05\/20160504-03-1.jpg?resize=525%2C300&ssl=1 1.5x, https:\/\/i0.wp.com\/www.wallendorff.com\/belogue\/wp-content\/uploads\/2016\/05\/20160504-03-1.jpg?resize=700%2C400&ssl=1 2x"},"classes":[]},{"id":19621,"url":"https:\/\/www.wallendorff.com\/belogue\/2012\/11\/22\/mystery-jets-oh-othello-la-fleche-dor-paris\/","url_meta":{"origin":5989,"position":5},"title":"Mystery Jets + Oh Othello @ la Fl\u00e8che d&rsquo;Or, Paris.","author":"dpc","date":"22 novembre 2012","format":false,"excerpt":"The Datsuns \u2013 Gold Halo Oh Othello \u00a0 Mystery Jets \u00a0","rel":"","context":"Dans &quot;Alive&quot;","block_context":{"text":"Alive","link":"https:\/\/www.wallendorff.com\/belogue\/category\/alive\/"},"img":{"alt_text":"","src":"https:\/\/i0.wp.com\/www.wallendorff.com\/belogue\/wp-content\/uploads\/2015\/04\/201211221.jpg?resize=350%2C200&ssl=1","width":350,"height":200,"srcset":"https:\/\/i0.wp.com\/www.wallendorff.com\/belogue\/wp-content\/uploads\/2015\/04\/201211221.jpg?resize=350%2C200&ssl=1 1x, https:\/\/i0.wp.com\/www.wallendorff.com\/belogue\/wp-content\/uploads\/2015\/04\/201211221.jpg?resize=525%2C300&ssl=1 1.5x, https:\/\/i0.wp.com\/www.wallendorff.com\/belogue\/wp-content\/uploads\/2015\/04\/201211221.jpg?resize=700%2C400&ssl=1 2x"},"classes":[]}],"_links":{"self":[{"href":"https:\/\/www.wallendorff.com\/belogue\/wp-json\/wp\/v2\/posts\/5989","targetHints":{"allow":["GET"]}}],"collection":[{"href":"https:\/\/www.wallendorff.com\/belogue\/wp-json\/wp\/v2\/posts"}],"about":[{"href":"https:\/\/www.wallendorff.com\/belogue\/wp-json\/wp\/v2\/types\/post"}],"author":[{"embeddable":true,"href":"https:\/\/www.wallendorff.com\/belogue\/wp-json\/wp\/v2\/users\/1"}],"replies":[{"embeddable":true,"href":"https:\/\/www.wallendorff.com\/belogue\/wp-json\/wp\/v2\/comments?post=5989"}],"version-history":[{"count":1,"href":"https:\/\/www.wallendorff.com\/belogue\/wp-json\/wp\/v2\/posts\/5989\/revisions"}],"predecessor-version":[{"id":15270,"href":"https:\/\/www.wallendorff.com\/belogue\/wp-json\/wp\/v2\/posts\/5989\/revisions\/15270"}],"wp:featuredmedia":[{"embeddable":true,"href":"https:\/\/www.wallendorff.com\/belogue\/wp-json\/wp\/v2\/media\/25659"}],"wp:attachment":[{"href":"https:\/\/www.wallendorff.com\/belogue\/wp-json\/wp\/v2\/media?parent=5989"}],"wp:term":[{"taxonomy":"category","embeddable":true,"href":"https:\/\/www.wallendorff.com\/belogue\/wp-json\/wp\/v2\/categories?post=5989"},{"taxonomy":"post_tag","embeddable":true,"href":"https:\/\/www.wallendorff.com\/belogue\/wp-json\/wp\/v2\/tags?post=5989"}],"curies":[{"name":"wp","href":"https:\/\/api.w.org\/{rel}","templated":true}]}}